{"id":65511,"date":"2024-11-25T14:44:01","date_gmt":"2024-11-25T14:44:01","guid":{"rendered":"https:\/\/tvbrazilusa.com\/2024\/11\/25\/novelas-brasileiras-ficam-de-fora-de-premiacao-internacional-por-conta-da-baixa-audiencia\/"},"modified":"2024-11-25T14:44:02","modified_gmt":"2024-11-25T14:44:02","slug":"novelas-brasileiras-ficam-de-fora-de-premiacao-internacional-por-conta-da-baixa-audiencia","status":"publish","type":"post","link":"https:\/\/tvbrazilusa.com\/pt\/2024\/11\/25\/novelas-brasileiras-ficam-de-fora-de-premiacao-internacional-por-conta-da-baixa-audiencia\/","title":{"rendered":"Novelas brasileiras ficam de fora de premia\u00e7\u00e3o internacional por conta da baixa audi\u00eancia"},"content":{"rendered":"<p> <script async src=\"https:\/\/pagead2.googlesyndication.com\/pagead\/js\/adsbygoogle.js?client=ca-pub-8864793242727901\"\r\n     crossorigin=\"anonymous\"><\/script><br \/>\n<\/p>\n<div id=\"taboola-read-more\" style=\"display:block; width:100%\">\n<p>Ap\u00f3s muitos anos vista como refer\u00eancia mundial, as novelas brasileiras t\u00eam perdido espa\u00e7o com o p\u00fablico do sof\u00e1 e, principalmente, com o das telas. Mas n\u00e3o \u00e9 s\u00f3. Al\u00e9m da baixa audi\u00eancia, que atinge principalmente as tramas globais, e problemas de roteiro comumente apontados nas redes sociais, as produ\u00e7\u00f5es nacionais deixaram de aparecer em uma das premia\u00e7\u00f5es mais importantes do ramo, o Emmy Internacional.\n<\/p>\n<p>Em sua 52\u00aa edi\u00e7\u00e3o, que ocorre nesta segunda-feira (25), o Emmy Internacional conta com 56 indica\u00e7\u00f5es e traz quatro t\u00edtulos na categoria de novelas: La Promesa (Espanha), Rigo (Col\u00f4mbia), Safir (Turquia) e Sal\u00f3n de t\u00e9 La Moderna (Espanha). Essa \u00e9 a primeira vez, em quatro anos, que o Brasil n\u00e3o tem nenhum representante na lista.<\/p>\n<p>A \u00faltima vit\u00f3ria tamb\u00e9m foi em 2020, quando a novela \u00d3rf\u00e3os da Terra levou a estatueta para casa. Depois disso, Amor de M\u00e3e (2021), Nos Tempos do Imperador (2022), Cara e Coragem (2023) e Pantanal (2023) chegaram a ser nomeadas, mas n\u00e3o obtiveram o sucesso desejado.\n<\/p>\n<p>A falta de reconhecimento sobre os \u00faltimos produtos criados na teledramaturgia nacional refor\u00e7am as teorias de queda de qualidade dos trabalhos, que costumam se refletir na baixa audi\u00eancia. Entre as tramas que poderiam ter sido indicadas estavam Amor Perfeito, Elas por Elas, Fuzu\u00ea, Terra e Paix\u00e3o e Vai na F\u00e9.\n<\/p>\n<p>As apostas em remakes tamb\u00e9m n\u00e3o parecem ser um caminho a se seguir, visto que a adapta\u00e7\u00e3o de Alessandro Marson e Thereza Falc\u00e3o tamb\u00e9m n\u00e3o teve for\u00e7a para entrar na lista.\n<\/p>\n<p>Solu\u00e7\u00e3o fora da TV<br \/>Em 2024, uma das produ\u00e7\u00f5es melodram\u00e1ticas que mais chamou aten\u00e7\u00e3o do p\u00fablico foi exibida na Netflix. Trata-se de Peda\u00e7o de Mim, produ\u00e7\u00e3o nacional, em 17 cap\u00edtulos, que foi estrelada por Juliana Paes e Vladimir Brichta. Mesmo n\u00e3o sendo chamada de novela pelo servi\u00e7o de streaming, a produ\u00e7\u00e3o seguiu o roteiro das produ\u00e7\u00f5es do g\u00eanero.\n<\/p>\n<p>No pr\u00f3ximo ano, mais especificamente em 27 de janeiro, a Max vai lan\u00e7ar Beleza Fatal, primeira novela do servi\u00e7o de streaming. A produ\u00e7\u00e3o mostra a ascens\u00e3o de Lola (Camila Pitanga), uma figura enigm\u00e1tica no mundo da influ\u00eancia digital, que se envolveu com a pris\u00e3o e morte de Cl\u00e9o (Vanessa Gi\u00e1como), m\u00e3e da determinada Sofia (Camila Queiroz) e que uniu poderes com a fam\u00edlia Argento, ap\u00f3s casar-se com Benjamin (Caio Blat).\n<\/p>\n<p>Fonte: Grande Ponto              <\/p>\n<\/div>\n<p><br \/>\n<br \/><a href=\"https:\/\/diariodobrasilnoticias.com.br\/noticia\/novelas-brasileiras-ficam-de-fora-de-premiacao-internacional-por-conta-da-baixa-audiencia-67446d3c83c98\">Source link <\/a><\/p>","protected":false},"excerpt":{"rendered":"<p>Ap\u00f3s muitos anos vista como refer\u00eancia mundial, as novelas brasileiras t\u00eam perdido espa\u00e7o com o p\u00fablico do sof\u00e1 e, principalmente, com o das telas. Mas n\u00e3o \u00e9 s\u00f3. Al\u00e9m da&hellip;<\/p>","protected":false},"author":1,"featured_media":65512,"comment_status":"closed","ping_status":"open","sticky":false,"template":"","format":"standard","meta":{"content-type":"","footnotes":""},"categories":[16],"tags":[123,2448,5313,1267],"class_list":["post-65511","post","type-post","status-publish","format-standard","has-post-thumbnail","hentry","category-noticias","tag-brasil","tag-diario","tag-noticia","tag-noticias"],"_links":{"self":[{"href":"https:\/\/tvbrazilusa.com\/pt\/wp-json\/wp\/v2\/posts\/65511","targetHints":{"allow":["GET"]}}],"collection":[{"href":"https:\/\/tvbrazilusa.com\/pt\/wp-json\/wp\/v2\/posts"}],"about":[{"href":"https:\/\/tvbrazilusa.com\/pt\/wp-json\/wp\/v2\/types\/post"}],"author":[{"embeddable":true,"href":"https:\/\/tvbrazilusa.com\/pt\/wp-json\/wp\/v2\/users\/1"}],"replies":[{"embeddable":true,"href":"https:\/\/tvbrazilusa.com\/pt\/wp-json\/wp\/v2\/comments?post=65511"}],"version-history":[{"count":1,"href":"https:\/\/tvbrazilusa.com\/pt\/wp-json\/wp\/v2\/posts\/65511\/revisions"}],"predecessor-version":[{"id":65513,"href":"https:\/\/tvbrazilusa.com\/pt\/wp-json\/wp\/v2\/posts\/65511\/revisions\/65513"}],"wp:featuredmedia":[{"embeddable":true,"href":"https:\/\/tvbrazilusa.com\/pt\/wp-json\/wp\/v2\/media\/65512"}],"wp:attachment":[{"href":"https:\/\/tvbrazilusa.com\/pt\/wp-json\/wp\/v2\/media?parent=65511"}],"wp:term":[{"taxonomy":"category","embeddable":true,"href":"https:\/\/tvbrazilusa.com\/pt\/wp-json\/wp\/v2\/categories?post=65511"},{"taxonomy":"post_tag","embeddable":true,"href":"https:\/\/tvbrazilusa.com\/pt\/wp-json\/wp\/v2\/tags?post=65511"}],"curies":[{"name":"wp","href":"https:\/\/api.w.org\/{rel}","templated":true}]}}