{"id":65523,"date":"2024-11-25T14:44:50","date_gmt":"2024-11-25T14:44:50","guid":{"rendered":"https:\/\/tvbrazilusa.com\/2024\/11\/25\/hyundai-e-kia-fazem-recall-de-mais-de-208-mil-veiculos-eletricos-para-corrigir-problema-que-pode-causar-perda-de-potencia-wsvn-7news-noticias-de-miami-clima-esportes-fort-lauderdale\/"},"modified":"2024-11-25T14:59:52","modified_gmt":"2024-11-25T14:59:52","slug":"hyundai-e-kia-fazem-recall-de-mais-de-208-mil-veiculos-eletricos-para-corrigir-problema-que-pode-causar-perda-de-potencia-wsvn-7news-noticias-de-miami-clima-esportes-fort-lauderdale","status":"publish","type":"post","link":"https:\/\/tvbrazilusa.com\/pt\/2024\/11\/25\/hyundai-e-kia-fazem-recall-de-mais-de-208-mil-veiculos-eletricos-para-corrigir-problema-que-pode-causar-perda-de-potencia-wsvn-7news-noticias-de-miami-clima-esportes-fort-lauderdale\/","title":{"rendered":"Hyundai e Kia fazem recall de mais de 208 mil ve\u00edculos el\u00e9tricos para corrigir problema que pode causar perda de pot\u00eancia &#8211; WSVN 7News | Not\u00edcias de Miami, clima, esportes | Fort Lauderdale"},"content":{"rendered":"<p> <script async src=\"https:\/\/pagead2.googlesyndication.com\/pagead\/js\/adsbygoogle.js?client=ca-pub-8864793242727901\"\r\n     crossorigin=\"anonymous\"><\/script><br \/>\n<\/p>\n<div itemprop=\"articleBody\">\n<p>DETROIT (AP) \u2013 Hyundai e Kia est\u00e3o fazendo recall de mais de 208.000 ve\u00edculos el\u00e9tricos para consertar um problema inc\u00f4modo que pode causar perda de pot\u00eancia de tra\u00e7\u00e3o, aumentando o risco de acidente.<\/p>\n<p>Os recalls cobrem mais de 145.000 ve\u00edculos Hyundai e Genesis, incluindo o Ioniq 5 de 2022 a 2024, o Ioniq 6 de 2023 a 2025, GV60 e GV70, e o G80 de 2023 e 2024.<\/p>\n<p>Tamb\u00e9m est\u00e3o inclu\u00eddos quase 63.000 ve\u00edculos Kia EV 6 de 2022 a 2024.<\/p>\n<p>As montadoras coreanas afiliadas afirmam em documentos governamentais que um transistor em uma unidade de controle de carga pode ser danificado e parar de carregar a bateria de 12 volts.<\/p>\n<p>Os revendedores inspecionar\u00e3o e substituir\u00e3o a unidade de controle e um fus\u00edvel, se necess\u00e1rio. Eles tamb\u00e9m atualizar\u00e3o o software. Os propriet\u00e1rios cujos ve\u00edculos foram recolhidos no in\u00edcio deste ano para resolver o mesmo problema ter\u00e3o que visitar o seu concession\u00e1rio novamente.<\/p>\n<p>Os propriet\u00e1rios ser\u00e3o notificados por carta em dezembro e janeiro.<\/p>\n<p><em>Direitos autorais 2024 da Associated Press. Todos os direitos reservados. Este material n\u00e3o pode ser publicado, transmitido, reescrito ou redistribu\u00eddo.<\/em><\/p>\n<div class=\"wp-block-newsletter\">\n\t<strong class=\"wp-block-newsletter__title\">Cadastre-se em nosso boletim informativo para receber as \u00faltimas not\u00edcias diretamente na sua caixa de entrada<\/strong><\/p>\n<\/div><\/div>\n<p><br \/>\n<br \/><a href=\"https:\/\/wsvn.com\/news\/us-world\/hyundai-kia-recall-over-208000-electric-vehicles-to-fix-problem-that-can-cause-loss-of-power\/\">Source link <\/a><\/p>","protected":false},"excerpt":{"rendered":"<p>DETROIT (AP) \u2013 Hyundai e Kia est\u00e3o fazendo recall de mais de 208.000 ve\u00edculos el\u00e9tricos para consertar um problema inc\u00f4modo que pode causar perda de pot\u00eancia de tra\u00e7\u00e3o, aumentando o&hellip;<\/p>","protected":false},"author":1,"featured_media":65524,"comment_status":"closed","ping_status":"open","sticky":false,"template":"","format":"standard","meta":{"content-type":"","footnotes":""},"categories":[1],"tags":[],"class_list":["post-65523","post","type-post","status-publish","format-standard","has-post-thumbnail","hentry","category-uncategorized"],"_links":{"self":[{"href":"https:\/\/tvbrazilusa.com\/pt\/wp-json\/wp\/v2\/posts\/65523","targetHints":{"allow":["GET"]}}],"collection":[{"href":"https:\/\/tvbrazilusa.com\/pt\/wp-json\/wp\/v2\/posts"}],"about":[{"href":"https:\/\/tvbrazilusa.com\/pt\/wp-json\/wp\/v2\/types\/post"}],"author":[{"embeddable":true,"href":"https:\/\/tvbrazilusa.com\/pt\/wp-json\/wp\/v2\/users\/1"}],"replies":[{"embeddable":true,"href":"https:\/\/tvbrazilusa.com\/pt\/wp-json\/wp\/v2\/comments?post=65523"}],"version-history":[{"count":1,"href":"https:\/\/tvbrazilusa.com\/pt\/wp-json\/wp\/v2\/posts\/65523\/revisions"}],"predecessor-version":[{"id":65525,"href":"https:\/\/tvbrazilusa.com\/pt\/wp-json\/wp\/v2\/posts\/65523\/revisions\/65525"}],"wp:featuredmedia":[{"embeddable":true,"href":"https:\/\/tvbrazilusa.com\/pt\/wp-json\/wp\/v2\/media\/65524"}],"wp:attachment":[{"href":"https:\/\/tvbrazilusa.com\/pt\/wp-json\/wp\/v2\/media?parent=65523"}],"wp:term":[{"taxonomy":"category","embeddable":true,"href":"https:\/\/tvbrazilusa.com\/pt\/wp-json\/wp\/v2\/categories?post=65523"},{"taxonomy":"post_tag","embeddable":true,"href":"https:\/\/tvbrazilusa.com\/pt\/wp-json\/wp\/v2\/tags?post=65523"}],"curies":[{"name":"wp","href":"https:\/\/api.w.org\/{rel}","templated":true}]}}