{"id":65541,"date":"2024-11-25T15:19:12","date_gmt":"2024-11-25T15:19:12","guid":{"rendered":"https:\/\/tvbrazilusa.com\/2024\/11\/25\/judeus-bolsonaristas-revelam-divisao-interna-na-conib\/"},"modified":"2024-11-25T15:19:13","modified_gmt":"2024-11-25T15:19:13","slug":"judeus-bolsonaristas-revelam-divisao-interna-na-conib","status":"publish","type":"post","link":"https:\/\/tvbrazilusa.com\/pt\/2024\/11\/25\/judeus-bolsonaristas-revelam-divisao-interna-na-conib\/","title":{"rendered":"Judeus bolsonaristas revelam divis\u00e3o interna na CONIB"},"content":{"rendered":"<p> <script async src=\"https:\/\/pagead2.googlesyndication.com\/pagead\/js\/adsbygoogle.js?client=ca-pub-8864793242727901\"\r\n     crossorigin=\"anonymous\"><\/script><br \/>\n<\/p>\n<div id=\"taboola-read-more\" style=\"display:block; width:100%\">\n<p>A Confedera\u00e7\u00e3o Israelita do Brasil (CONIB) vive uma crise interna marcada por divis\u00f5es entre direita, bolsonaristas e setores mais \u201cesquerdistas\u201d da comunidade judaica. A aus\u00eancia do deputado Eduardo Bolsonaro (PL-SP) e Fabio Wajngarten no recente jantar promovido pela entidade n\u00e3o passou despercebida e gerou protestos de empres\u00e1rios ligados ao ex-presidente Jair Bolsonaro (PL), que acusam o presidente da CONIB, Claudio Lottenberg, de escantear lideran\u00e7as conservadoras.\n<\/p>\n<p>Lottenberg, que j\u00e1 foi presidente do Hospital Albert Einstein e comanda a United Health no Brasil, \u00e9 alvo de cr\u00edticas por sua postura considerada \u201coportunista e individualista\u201d. Durante anos, ele teria tentado ocupar cargos em diferentes governos \u2014 sem sucesso. Procurou espa\u00e7o na gest\u00e3o Lula, Dilma, Bolsonaro e, mais recentemente, vem se aproximando de figuras como Rodrigo Pacheco e Gilberto Kassab, ambos do PSD, em busca de apoio pol\u00edtico.<\/p>\n<p>Fabio Wajngarten, ex-chefe da Secom, e o empres\u00e1rio Meyer Nigri, fundador da Tecnisa, lideram o coro de descontentes contra Lottenberg. Ambos t\u00eam promovido encontros de Bolsonaro com integrantes da comunidade judaica, em uma tentativa de contrabalan\u00e7ar a influ\u00eancia da CONIB, que, segundo eles, n\u00e3o reflete a realidade da maioria dos judeus no Brasil. Em 2018, por exemplo, Nigri chegou a afirmar que \u201c90% da comunidade judaica apoia Bolsonaro\u201d.\n<\/p>\n<p>Na \u00e9poca, Lottenberg rebateu as acusa\u00e7\u00f5es e defendeu a pluralidade da entidade ao refutar apoio a Bolsonaro. Em entrevista, afirmou que Nigri \u201cn\u00e3o tem legitimidade para falar pela comunidade\u201d, classificando-o como \u201capenas um cabo eleitoral\u201d. Para Lottenberg, a CONIB n\u00e3o pode ser atrelada a um \u00fanico grupo pol\u00edtico, muito menos aos extremos. \u201cA comunidade judaica nunca apoiar\u00e1 quem promove a segrega\u00e7\u00e3o. N\u00f3s pagamos caro por isso ao longo da hist\u00f3ria\u201d, destacou. Ou seja: a guerra intestina na CONIB \u00e9 antiga.\n<\/p>\n<p>Claudio Lottenberg acumula uma longa trajet\u00f3ria de articula\u00e7\u00f5es pol\u00edticas que n\u00e3o renderam frutos. Durante a pandemia, ele buscou substituir Luiz Henrique Mandetta no Minist\u00e9rio da Sa\u00fade, mas foi preterido pelo governo Bolsonaro, que o considerava pr\u00f3ximo ao ent\u00e3o governador de S\u00e3o Paulo, Jo\u00e3o Doria. No passado, tamb\u00e9m tentou se aproximar de Lula e Dilma, sem sucesso.\n<\/p>\n<p>Essa postura gerou desconfian\u00e7a entre setores da comunidade judaica, que enxergam em Lottenberg um l\u00edder mais preocupado com interesses pessoais do que com as demandas coletivas. Para cr\u00edticos, a atua\u00e7\u00e3o dele na CONIB tem sido marcada por decis\u00f5es que priorizam a pol\u00edtica pessoal em detrimento da representatividade.\n<\/p>\n<p>A crise dentro da CONIB exp\u00f5e as tens\u00f5es entre diferentes correntes ideol\u00f3gicas dentro da comunidade judaica no Brasil. Enquanto bolsonaristas acusam a entidade de \u201cpuxar para a esquerda\u201d. Para Lottenberg, a fun\u00e7\u00e3o da CONIB \u00e9 abrir espa\u00e7o para todos os candidatos, sem favorecimentos. \u201cA democracia depende do di\u00e1logo, e nossa comunidade \u00e9 plural. N\u00e3o podemos nos alinhar a um s\u00f3 espectro pol\u00edtico\u201d, afirmou.\n<\/p>\n<p>No entanto, a crescente aproxima\u00e7\u00e3o de Lottenberg com figuras do PSD, como Kassab e Pacheco, levanta suspeitas de que ele esteja usando a entidade como trampolim pol\u00edtico. \u201cEle n\u00e3o se elegeria nem para s\u00edndico de pr\u00e9dio\u201d, ironizou um empres\u00e1rio insatisfeito, revelando a temperatura elevada na comunidade judaica.\n<\/p>\n<p>A divis\u00e3o na CONIB reflete um cen\u00e1rio mais amplo de polariza\u00e7\u00e3o no Brasil, onde at\u00e9 mesmo grupos historicamente unidos enfrentam rachaduras ideol\u00f3gicas. Para muitos judeus bolsonaristas, a entidade perdeu a capacidade de representar os anseios da comunidade, tornando-se ref\u00e9m de lideran\u00e7as que priorizam interesses pessoais.\n<\/p>\n<p>Enquanto isso, Claudio Lottenberg segue tentando equilibrar-se na corda bamba ante o bombardeio bolsonarista. Resta saber se sua lideran\u00e7a conseguir\u00e1 sobreviver \u00e0s crescentes press\u00f5es internas e externas. Afinal, como dizem alguns membros da comunidade ligados a Bolsonaro, \u201ca CONIB n\u00e3o \u00e9 um espa\u00e7o para projetos pessoais, mas para a defesa coletiva\u201d.\n<\/p>\n<p>Em um contexto de racha, a maioria dos judeus exige que Lottenberg decida se continuar\u00e1 insistindo em sua ambi\u00e7\u00e3o pol\u00edtica ou se ouvir\u00e1 o clamor da comunidade que o colocou na posi\u00e7\u00e3o de lideran\u00e7a. O tempo dir\u00e1 se ele ser\u00e1 lembrado como um unificador ou como o piv\u00f4 de uma das maiores crises j\u00e1 enfrentadas pela entidade. No entanto, se depender do grupo bolsonarista, haver\u00e1 disputa pelo comando da CONIB em breve. A conferir.<\/p>\n<p>Fonte: Blog do Esmael              <\/p>\n<\/div>\n<p><br \/>\n<br \/><a href=\"https:\/\/diariodobrasilnoticias.com.br\/noticia\/judeus-bolsonaristas-revelam-divisao-interna-na-conib-67447a5913e9a\">Source link <\/a><\/p>","protected":false},"excerpt":{"rendered":"<p>A Confedera\u00e7\u00e3o Israelita do Brasil (CONIB) vive uma crise interna marcada por divis\u00f5es entre direita, bolsonaristas e setores mais \u201cesquerdistas\u201d da comunidade judaica. A aus\u00eancia do deputado Eduardo Bolsonaro (PL-SP)&hellip;<\/p>","protected":false},"author":1,"featured_media":65542,"comment_status":"closed","ping_status":"open","sticky":false,"template":"","format":"standard","meta":{"content-type":"","footnotes":""},"categories":[16],"tags":[123,2448,5313,1267],"class_list":["post-65541","post","type-post","status-publish","format-standard","has-post-thumbnail","hentry","category-noticias","tag-brasil","tag-diario","tag-noticia","tag-noticias"],"_links":{"self":[{"href":"https:\/\/tvbrazilusa.com\/pt\/wp-json\/wp\/v2\/posts\/65541","targetHints":{"allow":["GET"]}}],"collection":[{"href":"https:\/\/tvbrazilusa.com\/pt\/wp-json\/wp\/v2\/posts"}],"about":[{"href":"https:\/\/tvbrazilusa.com\/pt\/wp-json\/wp\/v2\/types\/post"}],"author":[{"embeddable":true,"href":"https:\/\/tvbrazilusa.com\/pt\/wp-json\/wp\/v2\/users\/1"}],"replies":[{"embeddable":true,"href":"https:\/\/tvbrazilusa.com\/pt\/wp-json\/wp\/v2\/comments?post=65541"}],"version-history":[{"count":1,"href":"https:\/\/tvbrazilusa.com\/pt\/wp-json\/wp\/v2\/posts\/65541\/revisions"}],"predecessor-version":[{"id":65543,"href":"https:\/\/tvbrazilusa.com\/pt\/wp-json\/wp\/v2\/posts\/65541\/revisions\/65543"}],"wp:featuredmedia":[{"embeddable":true,"href":"https:\/\/tvbrazilusa.com\/pt\/wp-json\/wp\/v2\/media\/65542"}],"wp:attachment":[{"href":"https:\/\/tvbrazilusa.com\/pt\/wp-json\/wp\/v2\/media?parent=65541"}],"wp:term":[{"taxonomy":"category","embeddable":true,"href":"https:\/\/tvbrazilusa.com\/pt\/wp-json\/wp\/v2\/categories?post=65541"},{"taxonomy":"post_tag","embeddable":true,"href":"https:\/\/tvbrazilusa.com\/pt\/wp-json\/wp\/v2\/tags?post=65541"}],"curies":[{"name":"wp","href":"https:\/\/api.w.org\/{rel}","templated":true}]}}