{"id":65671,"date":"2024-11-25T18:31:15","date_gmt":"2024-11-25T18:31:15","guid":{"rendered":"https:\/\/tvbrazilusa.com\/2024\/11\/25\/conselho-especial-toma-medidas-para-encerrar-caso-de-interferencia-eleitoral-contra-o-presidente-eleito-donald-trump-wsvn-7news-noticias-de-miami-clima-esportes-fort-lauderdale\/"},"modified":"2024-11-25T18:32:43","modified_gmt":"2024-11-25T18:32:43","slug":"conselho-especial-toma-medidas-para-encerrar-caso-de-interferencia-eleitoral-contra-o-presidente-eleito-donald-trump-wsvn-7news-noticias-de-miami-clima-esportes-fort-lauderdale","status":"publish","type":"post","link":"https:\/\/tvbrazilusa.com\/pt\/2024\/11\/25\/conselho-especial-toma-medidas-para-encerrar-caso-de-interferencia-eleitoral-contra-o-presidente-eleito-donald-trump-wsvn-7news-noticias-de-miami-clima-esportes-fort-lauderdale\/","title":{"rendered":"Conselho especial toma medidas para encerrar caso de interfer\u00eancia eleitoral contra o presidente eleito Donald Trump &#8211; WSVN 7News | Not\u00edcias de Miami, clima, esportes | Fort Lauderdale"},"content":{"rendered":"<p> <script async src=\"https:\/\/pagead2.googlesyndication.com\/pagead\/js\/adsbygoogle.js?client=ca-pub-8864793242727901\"\r\n     crossorigin=\"anonymous\"><\/script><br \/>\n<\/p>\n<div itemprop=\"articleBody\">\n<p>WASHINGTON (AP) \u2013 O procurador especial Jack Smith pediu a um juiz federal na segunda-feira que rejeitasse o caso que acusa o presidente eleito Donald Trump de conspirar para anular as elei\u00e7\u00f5es de 2020, citando a pol\u00edtica de longa data do Departamento de Justi\u00e7a que protege os presidentes de processos judiciais enquanto estiverem no cargo.<\/p>\n<p>A medida anunciada em documentos judiciais marca o fim do esfor\u00e7o hist\u00f3rico do Departamento de Justi\u00e7a para responsabilizar Trump pelo que os promotores chamaram de conspira\u00e7\u00e3o criminosa para se manter no poder na prepara\u00e7\u00e3o para o ataque de seus apoiadores ao Capit\u00f3lio dos EUA em 6 de janeiro de 2021. .<\/p>\n<p>Em documentos judiciais. os promotores disseram que a posi\u00e7\u00e3o do Departamento de Justi\u00e7a \u201c\u00e9 que a Constitui\u00e7\u00e3o exige que este caso seja arquivado antes da posse do r\u00e9u\u201d.<\/p>\n<p>A decis\u00e3o era esperada depois que a equipe de Smith come\u00e7ou a avaliar como encerrar tanto o caso de interfer\u00eancia eleitoral de 2020 quanto o caso de documentos confidenciais separados ap\u00f3s a vit\u00f3ria de Trump sobre a vice-presidente Kamala Harris. O Departamento de Justi\u00e7a acredita que Trump j\u00e1 n\u00e3o pode ser julgado de acordo com uma pol\u00edtica de longa data que diz que os presidentes em exerc\u00edcio n\u00e3o podem ser processados.<\/p>\n<p><em>Direitos autorais 2024 da Associated Press. Todos os direitos reservados. Este material n\u00e3o pode ser publicado, transmitido, reescrito ou redistribu\u00eddo.<\/em><\/p>\n<div class=\"wp-block-newsletter\">\n\t<strong class=\"wp-block-newsletter__title\">Cadastre-se em nosso boletim informativo para receber as \u00faltimas not\u00edcias diretamente na sua caixa de entrada<\/strong><\/p>\n<\/div><\/div>\n<p><br \/>\n<br \/><a href=\"https:\/\/wsvn.com\/news\/politics\/special-counsel-moves-to-dismiss-election-interference-case-against-president-elect-donald-trump\/\">Source link <\/a><\/p>","protected":false},"excerpt":{"rendered":"<p>WASHINGTON (AP) \u2013 O procurador especial Jack Smith pediu a um juiz federal na segunda-feira que rejeitasse o caso que acusa o presidente eleito Donald Trump de conspirar para anular&hellip;<\/p>","protected":false},"author":1,"featured_media":60871,"comment_status":"closed","ping_status":"open","sticky":false,"template":"","format":"standard","meta":{"content-type":"","footnotes":""},"categories":[1],"tags":[],"class_list":["post-65671","post","type-post","status-publish","format-standard","has-post-thumbnail","hentry","category-uncategorized"],"_links":{"self":[{"href":"https:\/\/tvbrazilusa.com\/pt\/wp-json\/wp\/v2\/posts\/65671","targetHints":{"allow":["GET"]}}],"collection":[{"href":"https:\/\/tvbrazilusa.com\/pt\/wp-json\/wp\/v2\/posts"}],"about":[{"href":"https:\/\/tvbrazilusa.com\/pt\/wp-json\/wp\/v2\/types\/post"}],"author":[{"embeddable":true,"href":"https:\/\/tvbrazilusa.com\/pt\/wp-json\/wp\/v2\/users\/1"}],"replies":[{"embeddable":true,"href":"https:\/\/tvbrazilusa.com\/pt\/wp-json\/wp\/v2\/comments?post=65671"}],"version-history":[{"count":1,"href":"https:\/\/tvbrazilusa.com\/pt\/wp-json\/wp\/v2\/posts\/65671\/revisions"}],"predecessor-version":[{"id":65672,"href":"https:\/\/tvbrazilusa.com\/pt\/wp-json\/wp\/v2\/posts\/65671\/revisions\/65672"}],"wp:featuredmedia":[{"embeddable":true,"href":"https:\/\/tvbrazilusa.com\/pt\/wp-json\/wp\/v2\/media\/60871"}],"wp:attachment":[{"href":"https:\/\/tvbrazilusa.com\/pt\/wp-json\/wp\/v2\/media?parent=65671"}],"wp:term":[{"taxonomy":"category","embeddable":true,"href":"https:\/\/tvbrazilusa.com\/pt\/wp-json\/wp\/v2\/categories?post=65671"},{"taxonomy":"post_tag","embeddable":true,"href":"https:\/\/tvbrazilusa.com\/pt\/wp-json\/wp\/v2\/tags?post=65671"}],"curies":[{"name":"wp","href":"https:\/\/api.w.org\/{rel}","templated":true}]}}