{"id":65689,"date":"2024-11-25T19:12:08","date_gmt":"2024-11-25T19:12:08","guid":{"rendered":"https:\/\/tvbrazilusa.com\/2024\/11\/25\/emocionante-bolsonaro-chora-ao-ouvir-musica-nordestina-veja-video\/"},"modified":"2024-11-25T19:12:09","modified_gmt":"2024-11-25T19:12:09","slug":"emocionante-bolsonaro-chora-ao-ouvir-musica-nordestina-veja-video","status":"publish","type":"post","link":"https:\/\/tvbrazilusa.com\/pt\/2024\/11\/25\/emocionante-bolsonaro-chora-ao-ouvir-musica-nordestina-veja-video\/","title":{"rendered":"EMOCIONANTE: Bolsonaro chora ao ouvir m\u00fasica nordestina; VEJA V\u00cdDEO"},"content":{"rendered":"<p> <script async src=\"https:\/\/pagead2.googlesyndication.com\/pagead\/js\/adsbygoogle.js?client=ca-pub-8864793242727901\"\r\n     crossorigin=\"anonymous\"><\/script><br \/>\n<\/p>\n<div id=\"taboola-read-more\" style=\"display:block; width:100%\">\n<p>O ex-presidente Jair Bolsonaro compartilhou, nesta segunda, um v\u00eddeo com seus seguidores em que aparece emocionado ao ouvir uma m\u00fasica improvisada pelo ex-ministro sanfoneiro Gilson Machado.\n<\/p>\n<p>Indiciado pela Pol\u00edcia Federal no inqu\u00e9rito do STF que investiga o plano de golpe de Estado, Bolsonaro parece reflexivo ao falar do que foi o seu governo e de seu futuro. \u201cSe eu for embora hoje, valeu a pena\u201d, diz o ex-presidente.<\/p>\n<p>\u201cO que foram as elei\u00e7\u00f5es, o milagre da vida, montar um minist\u00e9rio, contar com amigos e deixar um legado\u201d, diz Bolsonaro. \u201cAlguns falam que o meu defeito foi jogar lingo num pa\u00eds onde tinha muita coisa escondida, mas valeu a pena. Se eu for embora hoje, valeu a pena\u201d, segue o ex-presidente.\n<\/p>\n<p>ASSISTA:\n<\/p>\n<p>Fonte: Veja              <\/p>\n<\/div>\n<p><br \/>\n<br \/><a href=\"https:\/\/diariodobrasilnoticias.com.br\/noticia\/emocionante-bolsonaro-chora-ao-ouvir-musica-nordestina-veja-video-6744afa9a7ca7\">Source link <\/a><\/p>","protected":false},"excerpt":{"rendered":"<p>O ex-presidente Jair Bolsonaro compartilhou, nesta segunda, um v\u00eddeo com seus seguidores em que aparece emocionado ao ouvir uma m\u00fasica improvisada pelo ex-ministro sanfoneiro Gilson Machado. Indiciado pela Pol\u00edcia Federal&hellip;<\/p>","protected":false},"author":1,"featured_media":65690,"comment_status":"closed","ping_status":"open","sticky":false,"template":"","format":"standard","meta":{"content-type":"","footnotes":""},"categories":[16],"tags":[123,2448,5313,1267],"class_list":["post-65689","post","type-post","status-publish","format-standard","has-post-thumbnail","hentry","category-noticias","tag-brasil","tag-diario","tag-noticia","tag-noticias"],"_links":{"self":[{"href":"https:\/\/tvbrazilusa.com\/pt\/wp-json\/wp\/v2\/posts\/65689","targetHints":{"allow":["GET"]}}],"collection":[{"href":"https:\/\/tvbrazilusa.com\/pt\/wp-json\/wp\/v2\/posts"}],"about":[{"href":"https:\/\/tvbrazilusa.com\/pt\/wp-json\/wp\/v2\/types\/post"}],"author":[{"embeddable":true,"href":"https:\/\/tvbrazilusa.com\/pt\/wp-json\/wp\/v2\/users\/1"}],"replies":[{"embeddable":true,"href":"https:\/\/tvbrazilusa.com\/pt\/wp-json\/wp\/v2\/comments?post=65689"}],"version-history":[{"count":1,"href":"https:\/\/tvbrazilusa.com\/pt\/wp-json\/wp\/v2\/posts\/65689\/revisions"}],"predecessor-version":[{"id":65691,"href":"https:\/\/tvbrazilusa.com\/pt\/wp-json\/wp\/v2\/posts\/65689\/revisions\/65691"}],"wp:featuredmedia":[{"embeddable":true,"href":"https:\/\/tvbrazilusa.com\/pt\/wp-json\/wp\/v2\/media\/65690"}],"wp:attachment":[{"href":"https:\/\/tvbrazilusa.com\/pt\/wp-json\/wp\/v2\/media?parent=65689"}],"wp:term":[{"taxonomy":"category","embeddable":true,"href":"https:\/\/tvbrazilusa.com\/pt\/wp-json\/wp\/v2\/categories?post=65689"},{"taxonomy":"post_tag","embeddable":true,"href":"https:\/\/tvbrazilusa.com\/pt\/wp-json\/wp\/v2\/tags?post=65689"}],"curies":[{"name":"wp","href":"https:\/\/api.w.org\/{rel}","templated":true}]}}