{"id":65694,"date":"2024-11-25T19:24:19","date_gmt":"2024-11-25T19:24:19","guid":{"rendered":"https:\/\/tvbrazilusa.com\/2024\/11\/25\/policia-prende-lider-religioso-por-abuso-sexual-e-prostituicao\/"},"modified":"2024-11-25T19:24:20","modified_gmt":"2024-11-25T19:24:20","slug":"policia-prende-lider-religioso-por-abuso-sexual-e-prostituicao","status":"publish","type":"post","link":"https:\/\/tvbrazilusa.com\/pt\/2024\/11\/25\/policia-prende-lider-religioso-por-abuso-sexual-e-prostituicao\/","title":{"rendered":"Pol\u00edcia prende l\u00edder religioso por abuso sexual e prostitui\u00e7\u00e3o"},"content":{"rendered":"<p> <script async src=\"https:\/\/pagead2.googlesyndication.com\/pagead\/js\/adsbygoogle.js?client=ca-pub-8864793242727901\"\r\n     crossorigin=\"anonymous\"><\/script><br \/>\n<\/p>\n<p>A Pol\u00edcia Civil prendeu um homem de 23 anos pelo crime de estupro vulner\u00e1vel, explora\u00e7\u00e3o de prostitui\u00e7\u00e3o e les\u00e3o corporal dolosa na cidade de Eus\u00e9bio, localizada a 24 quil\u00f4metros de Fortaleza, na \u00faltima sexta-feira (22).\n<\/p>\n<div id=\"mid2\" data-google-query-id=\"CNyjj-z_94kDFVVPuAQdRiUWzQ\">\n<p>Segundo as investiga\u00e7\u00f5es, o suspeito se aproveitava da sua condi\u00e7\u00e3o como l\u00edder e cometia os crimes. Ele ainda utilizava um ferro quente para lesionar as v\u00edtimas deixando-as marcadas.<\/p>\n<p>O homem que teve o mandado de pris\u00e3o preventiva e de busca aceito pelo Poder Judici\u00e1rio, foi encontrado pelos agentes no bairro Olho D\u2019\u00c1gua. No local, as equipes apreenderam diversos instrumentos de ferro, machados, tesouras e outros objetos, al\u00e9m de um aparelho celular.\n<\/p>\n<p>Ele foi conduzido para a Delegacia Metropolitana do Eus\u00e9bio, onde as ordens judiciais foram cumpridas.\n<\/p>\n<p>A Pol\u00edcia segue com as investiga\u00e7\u00f5es e orienta que outras poss\u00edveis v\u00edtimas do suspeito procurem as autoridades para relatar os crimes.<\/p>\n<p>Fonte: CNN Brasil\n<\/p>\n<\/div>\n<p><br \/>\n<br \/><a href=\"https:\/\/diariodobrasilnoticias.com.br\/noticia\/policia-prende-lider-religioso-por-abuso-sexual-e-prostituicao-6744b2d6e25f1\">Source link <\/a><\/p>","protected":false},"excerpt":{"rendered":"<p>A Pol\u00edcia Civil prendeu um homem de 23 anos pelo crime de estupro vulner\u00e1vel, explora\u00e7\u00e3o de prostitui\u00e7\u00e3o e les\u00e3o corporal dolosa na cidade de Eus\u00e9bio, localizada a 24 quil\u00f4metros de&hellip;<\/p>","protected":false},"author":1,"featured_media":65695,"comment_status":"closed","ping_status":"open","sticky":false,"template":"","format":"standard","meta":{"content-type":"","footnotes":""},"categories":[16],"tags":[123,2448,5313,1267],"class_list":["post-65694","post","type-post","status-publish","format-standard","has-post-thumbnail","hentry","category-noticias","tag-brasil","tag-diario","tag-noticia","tag-noticias"],"_links":{"self":[{"href":"https:\/\/tvbrazilusa.com\/pt\/wp-json\/wp\/v2\/posts\/65694","targetHints":{"allow":["GET"]}}],"collection":[{"href":"https:\/\/tvbrazilusa.com\/pt\/wp-json\/wp\/v2\/posts"}],"about":[{"href":"https:\/\/tvbrazilusa.com\/pt\/wp-json\/wp\/v2\/types\/post"}],"author":[{"embeddable":true,"href":"https:\/\/tvbrazilusa.com\/pt\/wp-json\/wp\/v2\/users\/1"}],"replies":[{"embeddable":true,"href":"https:\/\/tvbrazilusa.com\/pt\/wp-json\/wp\/v2\/comments?post=65694"}],"version-history":[{"count":1,"href":"https:\/\/tvbrazilusa.com\/pt\/wp-json\/wp\/v2\/posts\/65694\/revisions"}],"predecessor-version":[{"id":65696,"href":"https:\/\/tvbrazilusa.com\/pt\/wp-json\/wp\/v2\/posts\/65694\/revisions\/65696"}],"wp:featuredmedia":[{"embeddable":true,"href":"https:\/\/tvbrazilusa.com\/pt\/wp-json\/wp\/v2\/media\/65695"}],"wp:attachment":[{"href":"https:\/\/tvbrazilusa.com\/pt\/wp-json\/wp\/v2\/media?parent=65694"}],"wp:term":[{"taxonomy":"category","embeddable":true,"href":"https:\/\/tvbrazilusa.com\/pt\/wp-json\/wp\/v2\/categories?post=65694"},{"taxonomy":"post_tag","embeddable":true,"href":"https:\/\/tvbrazilusa.com\/pt\/wp-json\/wp\/v2\/tags?post=65694"}],"curies":[{"name":"wp","href":"https:\/\/api.w.org\/{rel}","templated":true}]}}