{"id":65697,"date":"2024-11-25T19:20:52","date_gmt":"2024-11-25T19:20:52","guid":{"rendered":"https:\/\/tvbrazilusa.com\/2024\/11\/25\/conselho-especial-toma-medidas-para-rejeitar-caso-de-interferencia-eleitoral-contra-o-presidente-eleito-donald-trump\/"},"modified":"2024-11-25T19:30:28","modified_gmt":"2024-11-25T19:30:28","slug":"conselho-especial-toma-medidas-para-rejeitar-caso-de-interferencia-eleitoral-contra-o-presidente-eleito-donald-trump","status":"publish","type":"post","link":"https:\/\/tvbrazilusa.com\/pt\/2024\/11\/25\/conselho-especial-toma-medidas-para-rejeitar-caso-de-interferencia-eleitoral-contra-o-presidente-eleito-donald-trump\/","title":{"rendered":"Conselho especial toma medidas para rejeitar caso de interfer\u00eancia eleitoral contra o presidente eleito Donald Trump"},"content":{"rendered":"<p> <script async src=\"https:\/\/pagead2.googlesyndication.com\/pagead\/js\/adsbygoogle.js?client=ca-pub-8864793242727901\"\r\n     crossorigin=\"anonymous\"><\/script><br \/>\n<\/p>\n<div id=\"\">\n<header class=\"m-article-header m-article-header--standard\">\n\t\t\t\t\t\t\t\t\t\t\t\t<span id=\"article-header-primary-term\"><br \/>\n\t\t\t\t\t\t\t\t<a class=\"a-term a-term--primary\" href=\"https:\/\/www.boston.com\/tag\/politics\/\"><\/p>\n<p>\t\t\t\t\t\t\t\tPol\u00edtica\t\t\t\t\t\t\t\t<\/a><br \/>\n\t\t\t\t\t\t\t<\/span><\/p>\n<h2 class=\"m-article-header__sub-headline\">A medida representa uma conclus\u00e3o previs\u00edvel, mas ainda assim surpreendente, para um processo criminal que h\u00e1 apenas um ano tinha sido visto como a amea\u00e7a legal mais perigosa que Trump enfrentou.<\/h2>\n<figure class=\"a-photo m-article-header__photo\"><figcaption class=\"a-photo__caption\">\n<p>\tO procurador especial Jack Smith fala \u00e0 m\u00eddia sobre uma acusa\u00e7\u00e3o do ex-presidente Donald Trump, em 1\u00ba de agosto de 2023, em um escrit\u00f3rio do Departamento de Justi\u00e7a em Washington. <em> AP Foto\/J. Scott Applewhite, Arquivo<\/em>\t<\/figcaption><\/figure>\n<div class=\"m-article-header__meta\">\n<div class=\"m-article-header__byline\">\n<p class=\"m-article-header__author\">\n<p>\t\t\t\t\t\t\t\tPor ALANNA DURKIN RICHER, Associated Press\t\t\t\t\t\t\t<\/p>\n<p>\t\t\t\t\t\t\t\t\t\t\t\t\t\t\t<time class=\"m-article-header__date\"><\/p>\n<p>\t\t\t\t\t\t\t\t\t25 de novembro de 2024 | 14h20\t\t\t\t\t\t\t\t<\/time><\/p><\/div>\n<\/p><\/div>\n<\/header>\n<p>WASHINGTON (AP) \u2013 Os promotores federais decidiram na segunda-feira rejeitar as acusa\u00e7\u00f5es criminais contra o presidente eleito <a href=\"https:\/\/www.boston.com\/tag\/donald-trump\/\">Donald Trump<\/a> que o acusou de conspirar para anular as elei\u00e7\u00f5es de 2020 e abandonar o caso de documentos confidenciais contra ele, citando uma pol\u00edtica de longa data do Departamento de Justi\u00e7a que diz que os presidentes em exerc\u00edcio n\u00e3o podem enfrentar processos criminais.<\/p>\n<p>A decis\u00e3o do procurador especial Jack Smith, que procurou ferozmente responsabilizar criminalmente Trump pelos seus esfor\u00e7os para subverter as elei\u00e7\u00f5es de 2020, representou o fim do esfor\u00e7o federal contra o ex-presidente ap\u00f3s a sua vit\u00f3ria eleitoral este m\u00eas, apesar dos casos relacionados com as elei\u00e7\u00f5es e v\u00e1rias outras acusa\u00e7\u00f5es criminais n\u00e3o relacionadas contra ele e est\u00e1 voltando para a Casa Branca.<\/p>\n<p>A decis\u00e3o, revelada em documentos judiciais, tamb\u00e9m representa uma conclus\u00e3o previs\u00edvel, mas ainda assim surpreendente, para casos criminais que foram vistos como os mais perigosos das m\u00faltiplas amea\u00e7as legais que Trump enfrentou. Reflete as consequ\u00eancias pr\u00e1ticas da vit\u00f3ria de Trump, garantindo que ele chegue ao cargo livre do escrut\u00ednio sobre o seu ac\u00famulo de documentos ultrassecretos e dos seus esfor\u00e7os para anular as elei\u00e7\u00f5es presidenciais de 2020 que perdeu para o democrata Joe Biden.<\/p>\n<p>A equipa de Smith enfatizou que a decis\u00e3o de abandonar os processos, nos tribunais federais de Washington e da Florida, n\u00e3o foi um reflexo da sua opini\u00e3o sobre o m\u00e9rito dos casos, mas sim um reflexo do seu compromisso com a pol\u00edtica de longa data do departamento.<\/p>\n<p>\u201cEssa proibi\u00e7\u00e3o \u00e9 categ\u00f3rica e n\u00e3o depende da gravidade dos crimes acusados, da for\u00e7a das provas do Governo, ou dos m\u00e9ritos da acusa\u00e7\u00e3o, que o Governo apoia totalmente\u201d, escreveram os procuradores no processo judicial de segunda-feira sobre a interfer\u00eancia eleitoral. caso.<\/p>\n<p>A decis\u00e3o era esperada depois que a equipe de Smith come\u00e7ou a avaliar como encerrar tanto o caso de interfer\u00eancia eleitoral de 2020 quanto o caso de documentos confidenciais separados ap\u00f3s a vit\u00f3ria de Trump sobre a vice-presidente Kamala Harris. O Departamento de Justi\u00e7a acredita que Trump j\u00e1 n\u00e3o pode ser julgado de acordo com uma pol\u00edtica de longa data que diz que os presidentes em exerc\u00edcio n\u00e3o podem ser processados.<\/p>\n<p>Trump classificou ambos os casos como tendo motiva\u00e7\u00e3o pol\u00edtica e prometeu demitir Smith assim que ele assumir o cargo, em janeiro.<\/p>\n<p>O caso eleitoral de 2020 apresentado no ano passado j\u00e1 foi visto como uma das amea\u00e7as legais mais s\u00e9rias que o republicano enfrentava enquanto ele disputava a recupera\u00e7\u00e3o da Casa Branca. Mas rapidamente estagnou em meio a disputas legais sobre as amplas reivindica\u00e7\u00f5es de Trump de imunidade de processo por atos que cometeu enquanto estava na Casa Branca.<\/p>\n<p>O Supremo Tribunal dos EUA decidiu em Julho, pela primeira vez, que os antigos presidentes t\u00eam ampla imunidade de acusa\u00e7\u00e3o e devolveu o caso \u00e0 ju\u00edza distrital dos EUA, Tanya Chutkan, para determinar quais as alega\u00e7\u00f5es contidas na acusa\u00e7\u00e3o, se existirem, que poderiam prosseguir para julgamento.<\/p>\n<p>O caso estava apenas come\u00e7ando a ganhar for\u00e7a novamente no tribunal nas semanas que antecederam as elei\u00e7\u00f5es deste ano. A equipe de Smith apresentou em outubro um longo documento apresentando novas evid\u00eancias que planejavam usar contra ele no julgamento, acusando-o de \u201crecorrer a crimes\u201d em um esfor\u00e7o cada vez mais desesperado para derrubar a vontade dos eleitores depois de perder para Biden.<\/p>\n<p><em>A redatora da Associated Press, Colleen Long, contribuiu para esta hist\u00f3ria.<\/em><\/p>\n<div class=\"m-block m-generic-cta\t m-generic-cta--post-content\t m-generic-cta--dark\t m-generic-cta--homepage\t m-generic-cta--email-signup\t\t m-generic-cta-block-style--default \tt-amp__generic-cta\"><\/p>\n<div class=\"m-generic-cta__wrap\">\n<div class=\"m-generic-cta__content\">\n<h3 class=\"m-generic-cta__title\">Alertas extras de not\u00edcias<\/h3>\n<p class=\"m-generic-cta__subtitle\">Receba as \u00faltimas atualiza\u00e7\u00f5es conforme elas acontecem.<\/p>\n<\/p><\/div>\n<\/p><\/div>\n<\/div><\/div>\n<p><script>\n\t\tvar consent=\"grant\";\n\t\t\/* The above code is parsing the JSON data from the local storage and storing it in a variable. *\/\n\t\t\t\t\tconst onetrustStorageConsent = JSON.parse(localStorage.getItem( 'consent_one_trust_bdc' ) );\n\t\t\tif ( ( onetrustStorageConsent !== null ) ) {\n\t\t\t\t\/* Checking to see if the user has consented to the use of cookies.\n\t\t\t\t* If they have not, it is deleting the cookie.\n\t\t\t\t* This will comment for now, until further notice.\n\t\t\t\t*\/\n\t\t\t\t\/\/if ( onetrustStorageConsent.C0002 === false ) {\n\t\t\t\t\/\/\tdocument.cookie=\"_fbp=;expires=Thu, 01 Jan 2010 00:00:00 UTC; path=\/; domain=.boston.com\";\n\t\t\t\t\/\/}\n\t\t\t\t\/* Checking if the user has given consent for the cookie C0002.\n\t\t\t\t* If the user has given consent, the variable consent will be set to 'grant'.\n\t\t\t\t* If the user has not given consent,the variable consent will be set to 'revoke'.\n\t\t\t\t* Documentation https:\/\/developers.facebook.com\/docs\/meta-pixel\/implementation\/gdpr\n\t\t\t\t*\/\n\t\t\t\tif ( onetrustStorageConsent.C0002 !== true ) {\n\t\t\t\t\tconsent=\"revoke\";\n\t\t\t\t}\n\t\t\t}\n\t\t\t\t!function(f,b,e,v,n,t,s)\n\t\t{if(f.fbq)return;n=f.fbq=function(){n.callMethod?\n\t\tn.callMethod.apply(n,arguments):n.queue.push(arguments)};\n\t\tif(!f._fbq)f._fbq=n;n.push=n;n.loaded=!0;n.version='2.0';\n\t\tn.queue=[];t=b.createElement(e);t.async=!0;\n\t\tt.src=v;s=b.getElementsByTagName(e)[0];\n\t\ts.parentNode.insertBefore(t,s)}(window, document,'script',\n\t\t'https:\/\/connect.facebook.net\/en_US\/fbevents.js');\n\t\tfbq('consent', consent);\n\t\tfbq('init', '989222871864976');\n\t\tfbq('track', 'PageView');\n\t<\/script><script type=\"module\">\n\t\tvar consent=\"grant\";\n\t\t\/* The above code is parsing the JSON data from the local storage and storing it in a variable. *\/\n\t\t\tconst onetrustStorageConsent = JSON.parse(localStorage.getItem( 'consent_one_trust_bdc' ) );\n\t\t\t\/* Checking to see if the user has consented to the use of cookies.\n\t\t\t* If they have not, it is deleting the cookie.\n\t\t\t* This will comment for now, until further notice.\n\t\t\t*\/\n\t\t\t\/\/if ( onetrustStorageConsent.C0002 === false ) {\n\t\t\t\/\/\tdocument.cookie=\"_fbp=;expires=Thu, 01 Jan 2010 00:00:00 UTC; path=\/; domain=.boston.com\";\n\t\t\t\/\/}\n\t\t\t\/* Checking if the user has given consent for the cookie C0002.\n\t\t\t* If the user has given consent, the variable consent will be set to 'grant'.\n\t\t\t* If the user has not given consent,the variable consent will be set to 'revoke'.\n\t\t\t* Documentation https:\/\/developers.facebook.com\/docs\/meta-pixel\/implementation\/gdpr\n\t\t\t*\/\n\t\t\tif ( ( onetrustStorageConsent !== null ) && (onetrustStorageConsent.C0002 !== true ) ) {\n\t\t\t\tconsent=\"revoke\";\n\t\t\t}\n\t\t\t\t!function(f,b,e,v,n,t,s){if(f.fbq)return;n=f.fbq=function()\n\t\t{n.callMethod? n.callMethod.apply(n,arguments):n.queue.push(arguments)}\n\t\t;if(!f._fbq)f._fbq=n;\n\t\tn.push=n;n.loaded=!0;n.version='2.0';n.queue=[];t=b.createElement(e);t.async=!0;\n\t\tt.src=v;s=b.getElementsByTagName(e)[0];s.parentNode.insertBefore(t,s)}(window,\n\t\tdocument,'script','https:\/\/connect.facebook.net\/en_US\/fbevents.js');\n\t\tfbq('consent', consent);\n\t\tfbq('init', '813236348753005');\n\t\tfbq('track', \"PageView\");\n\t<\/script><br \/>\n<br \/><br \/>\n<br \/><a href=\"https:\/\/www.boston.com\/news\/politics\/2024\/11\/25\/special-counsel-election-interference-classified-documents-cases-trump\/\">Source link <\/a><\/p>","protected":false},"excerpt":{"rendered":"<p>Pol\u00edtica A medida representa uma conclus\u00e3o previs\u00edvel, mas ainda assim surpreendente, para um processo criminal que h\u00e1 apenas um ano tinha sido visto como a amea\u00e7a legal mais perigosa que&hellip;<\/p>","protected":false},"author":1,"featured_media":65698,"comment_status":"closed","ping_status":"open","sticky":false,"template":"","format":"standard","meta":{"content-type":"","footnotes":""},"categories":[1],"tags":[],"class_list":["post-65697","post","type-post","status-publish","format-standard","has-post-thumbnail","hentry","category-uncategorized"],"_links":{"self":[{"href":"https:\/\/tvbrazilusa.com\/pt\/wp-json\/wp\/v2\/posts\/65697","targetHints":{"allow":["GET"]}}],"collection":[{"href":"https:\/\/tvbrazilusa.com\/pt\/wp-json\/wp\/v2\/posts"}],"about":[{"href":"https:\/\/tvbrazilusa.com\/pt\/wp-json\/wp\/v2\/types\/post"}],"author":[{"embeddable":true,"href":"https:\/\/tvbrazilusa.com\/pt\/wp-json\/wp\/v2\/users\/1"}],"replies":[{"embeddable":true,"href":"https:\/\/tvbrazilusa.com\/pt\/wp-json\/wp\/v2\/comments?post=65697"}],"version-history":[{"count":1,"href":"https:\/\/tvbrazilusa.com\/pt\/wp-json\/wp\/v2\/posts\/65697\/revisions"}],"predecessor-version":[{"id":65699,"href":"https:\/\/tvbrazilusa.com\/pt\/wp-json\/wp\/v2\/posts\/65697\/revisions\/65699"}],"wp:featuredmedia":[{"embeddable":true,"href":"https:\/\/tvbrazilusa.com\/pt\/wp-json\/wp\/v2\/media\/65698"}],"wp:attachment":[{"href":"https:\/\/tvbrazilusa.com\/pt\/wp-json\/wp\/v2\/media?parent=65697"}],"wp:term":[{"taxonomy":"category","embeddable":true,"href":"https:\/\/tvbrazilusa.com\/pt\/wp-json\/wp\/v2\/categories?post=65697"},{"taxonomy":"post_tag","embeddable":true,"href":"https:\/\/tvbrazilusa.com\/pt\/wp-json\/wp\/v2\/tags?post=65697"}],"curies":[{"name":"wp","href":"https:\/\/api.w.org\/{rel}","templated":true}]}}