{"id":65721,"date":"2024-11-25T20:03:26","date_gmt":"2024-11-25T20:03:26","guid":{"rendered":"https:\/\/tvbrazilusa.com\/2024\/11\/25\/e-normal-cantar-junto-no-cinema-os-leitores-dizem-nunca\/"},"modified":"2024-11-25T20:08:44","modified_gmt":"2024-11-25T20:08:44","slug":"e-normal-cantar-junto-no-cinema-os-leitores-dizem-nunca","status":"publish","type":"post","link":"https:\/\/tvbrazilusa.com\/pt\/2024\/11\/25\/e-normal-cantar-junto-no-cinema-os-leitores-dizem-nunca\/","title":{"rendered":"\u00c9 normal cantar junto no cinema? Os leitores dizem &#8216;nunca&#8217;."},"content":{"rendered":"<p> <script async src=\"https:\/\/pagead2.googlesyndication.com\/pagead\/js\/adsbygoogle.js?client=ca-pub-8864793242727901\"\r\n     crossorigin=\"anonymous\"><\/script><br \/>\n<\/p>\n<div id=\"\">\n<header class=\"m-article-header m-article-header--standard\">\n\t\t\t\t\t\t\t\t\t\t\t\t<span id=\"article-header-primary-term\"><br \/>\n\t\t\t\t\t\t\t\t<a class=\"a-term a-term--primary\" href=\"https:\/\/www.boston.com\/tag\/readers-say\/\"><\/p>\n<p>\t\t\t\t\t\t\t\tOs leitores dizem\t\t\t\t\t\t\t\t<\/a><br \/>\n\t\t\t\t\t\t\t<\/span><\/p>\n<h2 class=\"m-article-header__sub-headline\">Oitenta e seis por cento dos entrevistados disseram que \u201cnunca\u201d \u00e9 certo cantar no cinema.<\/h2>\n<figure class=\"a-photo m-article-header__photo\"><figcaption class=\"a-photo__caption\">\n<p>\tCynthia Erivo como Elphaba e Ariana Grande como Glinda em \u201cWicked: Parte I\u201d.<em> Foto cortesia da Universal Pictures.<\/em>\t<\/figcaption><\/figure>\n<\/header>\n<p>Embora o <a href=\"https:\/\/www.boston.com\/culture\/movie-reviews\/2024\/11\/21\/wicked-movie-review-2024\/\">filme-musical altamente aguardado<\/a> \u201cWicked\u201d j\u00e1 est\u00e1 nos cinemas, isso n\u00e3o significa que \u00e9 hora de fazer sua pr\u00f3pria performance ao lado de Elphaba e Glinda.<\/p>\n<div class=\"m-block t-amp__list-container m-article-list-container m-article-list-container--frame-border a-border-frame  a-list-header__headline--red m-article-list--alternative--default  m-article-list--floated\">\n<ul class=\"t-amp__list a-list--no-style m-article-list m-article-list--recirculation m-article-list--has-images\">\n<li class=\"m-article-list__item m-article-list__item--featured\">\n\t\t\t<a class=\"m-article-list__link-wrapper\" href=\"https:\/\/www.boston.com\/culture\/movie-reviews\/2024\/11\/21\/wicked-movie-review-2024\/?p1=article_recirc_inline_feature\" data-p1=\"article_recirc_inline_feature\"><br \/>\n\t\t\t\t<img fetchpriority=\"high\" decoding=\"async\" width=\"768\" height=\"432\" src=\"https:\/\/bdc2020.o0bc.com\/wp-content\/uploads\/2024\/11\/wicked-review-movie-musical-2024-673f680f46d89-768x432.jpeg\" class=\"t-amp__list-image m-article-list__image m-article-list__image--full\" alt=\"Cynthia Erivo e Ariana Grande em \"wicked.\"\" aria-hidden=\"true\" srcset=\"https:\/\/bdc2020.o0bc.com\/wp-content\/uploads\/2024\/11\/wicked-review-movie-musical-2024-673f680f46d89-768x432.jpeg?width=200 200w, https:\/\/bdc2020.o0bc.com\/wp-content\/uploads\/2024\/11\/wicked-review-movie-musical-2024-673f680f46d89-768x432.jpeg?width=300 300w, https:\/\/bdc2020.o0bc.com\/wp-content\/uploads\/2024\/11\/wicked-review-movie-musical-2024-673f680f46d89-768x432.jpeg?width=400 400w, https:\/\/bdc2020.o0bc.com\/wp-content\/uploads\/2024\/11\/wicked-review-movie-musical-2024-673f680f46d89-768x432.jpeg?width=500 500w, https:\/\/bdc2020.o0bc.com\/wp-content\/uploads\/2024\/11\/wicked-review-movie-musical-2024-673f680f46d89-768x432.jpeg?width=600 600w, https:\/\/bdc2020.o0bc.com\/wp-content\/uploads\/2024\/11\/wicked-review-movie-musical-2024-673f680f46d89-768x432.jpeg?width=700 700w, https:\/\/bdc2020.o0bc.com\/wp-content\/uploads\/2024\/11\/wicked-review-movie-musical-2024-673f680f46d89-768x432.jpeg?width=800 800w, https:\/\/bdc2020.o0bc.com\/wp-content\/uploads\/2024\/11\/wicked-review-movie-musical-2024-673f680f46d89-768x432.jpeg?width=900 900w\" sizes=\"(max-width: 768px) 100vw, 768px\"\/>\t\t\t\t\t<\/p>\n<p><h4 class=\"m-article-list__headline t-amp__list-headline\">\n\t\t\t\t\t\t\t<span class=\"m-article-list__link a-link a-link--inline a-link--text-link a-link--text-link-dark\"><\/p>\n<p>\t\t\t\t\t\t\tCr\u00edtica de &#8216;Wicked&#8217;: um filme musical que desafia as expectativas (e a gravidade)\t\t\t\t\t\t\t<\/span><br \/>\n\t\t\t\t\t\t<\/h4>\n<\/p>\n<p>\t\t\t\t<\/a>\n\t\t\t<\/li>\n<\/ul>\n<\/div>\n<p>Na verdade <a href=\"https:\/\/www.boston.com\/culture\/movie-reviews\/2024\/11\/21\/wicked-movie-review-2024\/\">&#8220;Malvado&#8221;<\/a> moda, o filme arrebatou as bilheterias no fim de semana de estreia, quebrando v\u00e1rios recordes no g\u00eanero. <\/p>\n<p>Estrelando \u00edcones na tela e no palco, Cynthia Erivo como Elphaba, a Bruxa M\u00e1 do Oeste, e Ariana Grande como Glinda, a Bruxa Boa, formaram uma dupla poderosa, enviando os espectadores em uma montanha-russa de emo\u00e7\u00f5es e nostalgia. A empolga\u00e7\u00e3o com a primeira parcela do filme foi t\u00e3o grande que o filme arrecadou US$ 165 milh\u00f5es em vendas de ingressos no fim de semana passado, de acordo com <a href=\"https:\/\/variety.com\/2024\/film\/box-office\/wicked-box-office-opening-weekend-records-1236222111\/\"><em>Variedade<\/em><\/a><em>. <\/em><\/p>\n<p>Mas a venda de ingressos n\u00e3o \u00e9 o \u00fanico grande feito do filme. Batendo recordes no pa\u00eds e no exterior, o filme-musical atualmente ocupa o primeiro lugar como o maior fim de semana de estreia para uma adapta\u00e7\u00e3o da Broadway (nacional), a terceira melhor estreia no cinema de 2024 (nacional) e a quinta maior estreia na hist\u00f3ria de um musical (global). ), para citar alguns. <\/p>\n<p>Com grande entusiasmo pelo filme, os f\u00e3s recorreram \u00e0s redes sociais para estabelecer as leis sobre o que n\u00e3o fazer durante a experi\u00eancia de quase tr\u00eas horas.<\/p>\n<p>Tanto os cinemas quanto os f\u00e3s pediram aos espectadores que evitassem cantar em respeito \u00e0 experi\u00eancia de assistir de todos. Isso rapidamente gerou discurso nas redes sociais, com pessoas a favor e contra cantando junto com a trilha sonora ic\u00f4nica. <\/p>\n<p>Os cinemas AMC inclu\u00edram suas regras padr\u00e3o para a experi\u00eancia cinematogr\u00e1fica \u2013 incluindo silenciar telefones e n\u00e3o falar \u2013 que <a href=\"https:\/\/www.boston.com\/community\/tell-us\/2024\/11\/20\/is-it-ok-to-sing-along-at-the-movies\/\">f\u00e3s estressados \u200b\u200b\u200b\u200bpara serem ainda mais<\/a> importante para a visualiza\u00e7\u00e3o de \u201cWicked\u201d.<\/p>\n<figure class=\"wp-block-embed is-type-video is-provider-tiktok wp-block-embed-tiktok\"\/>\n<p>Mesmo assim, ainda n\u00e3o existe um consenso geral sobre se cantar \u00e9 ou n\u00e3o apropriado para o teatro. Durante a divulga\u00e7\u00e3o do novo \u201cMoana 2\u201d da Disney, estrelado por Auli\u02bbi Cravalho como \u201cMoana\u201d e Dwayne Johnson como \u201cMaui\u201d, um rep\u00f3rter da BBC News perguntou se os espectadores deveriam cantar, o que ambos os atores incentivaram. O filme estreia nesta quarta-feira. <\/p>\n<blockquote class=\"instagram-media\" data-instgrm-captioned=\"\" data-instgrm-permalink=\"https:\/\/www.instagram.com\/reel\/DCyRldCJXFT\/?utm_source=ig_embed&#038;utm_campaign=loading\" data-instgrm-version=\"14\" style=\" background:#FFF; border:0; border-radius:3px; box-shadow:0 0 1px 0 rgba(0,0,0,0.5),0 1px 10px 0 rgba(0,0,0,0.15); margin: 1px; max-width:540px; min-width:326px; padding:0; width:99.375%; width:-webkit-calc(100% - 2px); width:calc(100% - 2px);\"\/>\n<p>Semana passada, <a href=\"https:\/\/www.boston.com\/community\/tell-us\/2024\/11\/20\/is-it-ok-to-sing-along-at-the-movies\/\">perguntamos aos leitores<\/a> para compartilhar sua opini\u00e3o sobre o tema. Com base nas respostas, a etiqueta tradicional do teatro \u00e9 a favor desta quest\u00e3o. A maioria dos leitores diz que cantar durante um filme \u00e9 um \u201cn\u00e3o\u201d dif\u00edcil. <\/p>\n<div class=\"gform_wrapper m-gforms-poll-block gravity-theme gform-theme--no-framework\">\n<div class=\"gpoll_container\">\n<div class=\"gpoll_field\">\n<div class=\"gpoll_field_label_container\">\n<p>\u00c9 normal cantar junto no cinema?<\/p>\n<\/div>\n<p><!-- .gpoll_choice_wrapper --><!-- .gpoll_choice_wrapper --><!-- .gpoll_choice_wrapper --><\/div>\n<p><!-- .gpoll_field --><\/div>\n<\/div>\n<p>\u201cPor que as pessoas em p\u00fablico pensam que outras pessoas querem ouvi-las cantar? J\u00e1 \u00e9 ruim quando as pessoas cantam junto nas lojas, etc. Eu absolutamente n\u00e3o quero ouvir pessoas aleat\u00f3rias cantando qualquer coisa em p\u00fablico. Mesmo que eles tenham uma boa voz (o que \u00e9 duvidoso!) Isso prejudica totalmente a divers\u00e3o do filme\u201d, escreveu um leitor em resposta \u00e0 nossa pergunta da enquete. <\/p>\n<p>Um leitor \u2013 semelhante \u00e0 resposta de Dwayne Johnson \u2013 acredita que n\u00e3o h\u00e1 nada de errado em cantar junto. <\/p>\n<p>\u201cAs pessoas pagam seus assentos para sair e se divertir!!! Quando pagamos para ver um show ao vivo com os mais talentosos de anos e anos antes mesmo de esses jovens atores serem pensados, eles incentivam o p\u00fablico a cantar junto e se divertir!!! superem-se, cantar junto existe desde sempre, eles unem as pessoas\u201d, escreveu um leitor. <\/p>\n<p>Outros disseram que cantar s\u00f3 \u00e9 apropriado se a ocasi\u00e3o exigir, como em apresenta\u00e7\u00f5es de canto. <\/p>\n<p>\u201cSe n\u00e3o h\u00e1 problema em cantar junto no evento ao vivo, n\u00e3o h\u00e1 problema em cantar no cinema. Portanto, filmes musicais como Wicked s\u00e3o um N\u00c3O, mas filmes de concerto como a Taylor Swift Eras Tour s\u00e3o um sim\u201d, escreveu Gail de Quincy. <\/p>\n<p>Aqui est\u00e1 uma amostra de como os leitores se sentem ao cantar nos cinemas. <\/p>\n<h2 class=\"wp-block-heading\" id=\"h-no-never\"><strong>N\u00e3o, nunca.<\/strong><\/h2>\n<blockquote class=\"wp-block-quote is-layout-flow wp-block-quote-is-layout-flow\">\n<p>\u201cVou ver o filme para ver a atua\u00e7\u00e3o e ouvir os vocalistas profissionais sem a interfer\u00eancia de outras vozes, sejam elas falando, tenham tons bonitos ou sejam ofensivas aos meus sentidos. Se quiser cantar junto, adquira o CD ou transmita a m\u00fasica. O v\u00eddeo ser\u00e1 lan\u00e7ado em breve e voc\u00ea poder\u00e1 cantar em casa.\u201d <\/p>\n<p><em>\u2013 Gail, Stow<\/em><\/p>\n<\/blockquote>\n<blockquote class=\"wp-block-quote is-layout-flow wp-block-quote-is-layout-flow\">\n<p>\u201cN\u00e3o estrague o filme para quem est\u00e1 vivenciando \u2018Wicked\u2019 pela primeira vez. Eu entendo que voc\u00ea queira cantar junto, mas voc\u00ea pode fazer isso na privacidade da sua sala de estar quando chegar aos servi\u00e7os de streaming.\u201d<\/p>\n<p><em>\u2013D\u00e9b D.<\/em><\/p>\n<\/blockquote>\n<blockquote class=\"wp-block-quote is-layout-flow wp-block-quote-is-layout-flow\">\n<p>\u201cCantar, falar, telefonar, chorar beb\u00eas, etc. n\u00e3o deveria ser permitido enquanto assiste a um filme no cinema. Voc\u00ea pode fazer todas essas coisas enquanto assiste a um filme em casa e irritar apenas sua fam\u00edlia, amigos e vizinhos, em vez de um cinema cheio de pessoas que pagaram para ver e ouvir o filme.\u201d <\/p>\n<p><em>-Tom, Quincy<\/em><\/p>\n<\/blockquote>\n<blockquote class=\"wp-block-quote is-layout-flow wp-block-quote-is-layout-flow\">\n<p>\u201cEste \u00e9 um filme, n\u00e3o um grupo cantando junto! Voc\u00ea n\u00e3o come\u00e7aria a cantar em uma pe\u00e7a, n\u00e3o \u00e9? Eu estaria EM FOGO, ficaria t\u00e3o irritado. Eu nem pensei que isso fosse uma pergunta!<\/p>\n<p><em>\u2013 An\u00f4nimo<\/em><\/p>\n<\/blockquote>\n<blockquote class=\"wp-block-quote is-layout-flow wp-block-quote-is-layout-flow\">\n<p>\u201cAlgumas pessoas t\u00eam defici\u00eancia auditiva, quando muitas pessoas falam ou cantam, abafa completamente o som do filme. Mostre alguma considera\u00e7\u00e3o, paguei o mesmo pre\u00e7o pelo ingresso que voc\u00ea, mere\u00e7o ouvir o filme claramente assim como voc\u00ea. <\/p>\n<p><em>-Sean, Plymouth<\/em><\/p>\n<\/blockquote>\n<blockquote class=\"wp-block-quote is-layout-flow wp-block-quote-is-layout-flow\">\n<p>\u201cPor que as pessoas em p\u00fablico pensam que outras pessoas querem ouvi-las cantar? J\u00e1 \u00e9 ruim quando as pessoas cantam junto nas lojas, etc. Eu absolutamente n\u00e3o quero ouvir pessoas aleat\u00f3rias cantando qualquer coisa em p\u00fablico. Mesmo que eles tenham uma boa voz (o que \u00e9 duvidoso!) Isso prejudica totalmente a divers\u00e3o do filme.\u201d <\/p>\n<p><em>\u2013 An\u00f4nimo<\/em><\/p>\n<\/blockquote>\n<blockquote class=\"wp-block-quote is-layout-flow wp-block-quote-is-layout-flow\">\n<p>\u201cIr ao cinema \u00e9 uma noite cara hoje em dia. Pagamos altos pre\u00e7os de ingressos para ouvir os cantores profissionais, n\u00e3o os autoproclamados cantores incr\u00edveis na plateia.\u201d <\/p>\n<p><em>\u2013 An\u00f4nimo<\/em><\/p>\n<\/blockquote>\n<h2 class=\"wp-block-heading\" id=\"h-it-depends\"><strong>Depende.<\/strong><\/h2>\n<blockquote class=\"wp-block-quote is-layout-flow wp-block-quote-is-layout-flow\">\n<p>\u201cN\u00e3o estou pagando para sentar em um teatro e ouvir sua terr\u00edvel interpreta\u00e7\u00e3o de uma m\u00fasica. Paguei para assistir e ouvir os profissionais na tela. NO ENTANTO, os cinemas deveriam ter exibi\u00e7\u00f5es que permitissem cantar, pois h\u00e1 claramente um mercado para isso e tamb\u00e9m daria uma sa\u00edda para quem quisesse, o que, esperan\u00e7osamente, eliminaria as pessoas cantando nas outras exibi\u00e7\u00f5es.\u201d<\/p>\n<p><em>\u2013 Mike, Sulista<\/em><\/p>\n<\/blockquote>\n<blockquote class=\"wp-block-quote is-layout-flow wp-block-quote-is-layout-flow\">\n<p>\u201cComo\u2026 como isso \u00e9 uma pergunta? Para cada filme n\u00e3o chamado \u2018The Rocky Horror Picture Show\u2019, a resposta \u00e9 n\u00e3o. Claro que n\u00e3o est\u00e1 certo cantar junto [in] um filme, mesmo que seja um musical. Aposto que as pessoas que cantam junto nas exibi\u00e7\u00f5es de filmes s\u00e3o as mesmas que ouvem m\u00fasica sem fones de ouvido no trem.\u201d<\/p>\n<p><em>&#8211; Hubert D., Salem<\/em><\/p>\n<\/blockquote>\n<p>Se voc\u00ea realmente quer cantar, talvez goste deste usu\u00e1rio do TikTok e espere at\u00e9 sair do filme para cantar suas m\u00fasicas favoritas.<\/p>\n<blockquote class=\"tiktok-embed\" cite=\"https:\/\/www.tiktok.com\/@savannahsinging\/video\/7440554836652952878\" data-video-id=\"7440554836652952878\" style=\"max-width: 605px;min-width: 325px;\">\n<section> <a target=\"_blank\" title=\"@savannahsinging\" href=\"https:\/\/www.tiktok.com\/@savannahsinging?refer=embed\">@savannahsinging<\/a> meu amigo tamb\u00e9m me deu $ 50, ent\u00e3o posso dizer que sou um cantor profissional agora? um show de 6 segundos por $ 150 \ud83d\ude0c\ud83d\udc80 <a title=\"wickedmovie\" target=\"_blank\" href=\"https:\/\/www.tiktok.com\/tag\/wickedmovie?refer=embed\">#filmeperverso<\/a> <a title=\"wicked\" target=\"_blank\" href=\"https:\/\/www.tiktok.com\/tag\/wicked?refer=embed\">#malvado<\/a> <a title=\"defyinggravity\" target=\"_blank\" href=\"https:\/\/www.tiktok.com\/tag\/defyinggravity?refer=embed\">#desafiandogravidade<\/a> <a title=\"defyinggravitychallenge\" target=\"_blank\" href=\"https:\/\/www.tiktok.com\/tag\/defyinggravitychallenge?refer=embed\">#defyinggravitychallenge<\/a> <a title=\"defyinggravitywicked\" target=\"_blank\" href=\"https:\/\/www.tiktok.com\/tag\/defyinggravitywicked?refer=embed\">#defyinggravitywicked<\/a> <a title=\"riff\" target=\"_blank\" href=\"https:\/\/www.tiktok.com\/tag\/riff?refer=embed\">#riff<\/a> <a title=\"riffchallenge\" target=\"_blank\" href=\"https:\/\/www.tiktok.com\/tag\/riffchallenge?refer=embed\">#riffchallenge<\/a> <a title=\"embarrassing\" target=\"_blank\" href=\"https:\/\/www.tiktok.com\/tag\/embarrassing?refer=embed\">#embara\u00e7oso<\/a> <a title=\"ididit\" target=\"_blank\" href=\"https:\/\/www.tiktok.com\/tag\/ididit?refer=embed\">#ididit<\/a> <a title=\"aaaaaaaaaaaaaaaaaaaaaaaaaaa\" target=\"_blank\" href=\"https:\/\/www.tiktok.com\/tag\/aaaaaaaaaaaaaaaaaaaaaaaaaaa?refer=embed\">#aaaAAaAaaAaaaAAaAaAaAaaaaa<\/a> <a target=\"_blank\" title=\"\u266c original sound - Savannah Singing \ud83e\ude75\" href=\"https:\/\/www.tiktok.com\/music\/original-sound-7440554791060687659?refer=embed\">\u266c som original \u2013 Savannah Singing \ud83e\ude75<\/a> <\/section>\n<\/blockquote>\n<div class=\"o-author-single has-avatar\">\n<header class=\"m-author-card\">\n<div class=\"a-image a-image--square m-author-card__image\">\n\t\t<img decoding=\"async\" class=\"\" src=\"https:\/\/www.boston.com\/wp-content\/uploads\/2024\/10\/cropped-B86AABB7-A69A-4973-8AFA-8B2C41A98F0B-671f9f4dcf2cc-671f9f5ebcd4d.jpg\" alt=\"Imagem do perfil de Nia Harmon\"\/>\t<\/div>\n<div class=\"m-author-card__text\">\n<h3 class=\"m-author-card__title\"><a href=\"https:\/\/www.boston.com\/author\/nia-harmon\">Nia Harmon<\/a><\/h3>\n<p><span class=\"m-author-card__subtitle\">Cooperativa Comunit\u00e1ria<\/span>\t<\/div>\n<\/header>\n<section class=\"author-info\">\n<hr class=\"m-author__section--hr\"\/>\n<div class=\"m-author__section\">\n<p>Nia Harmon \u00e9 uma cooperativa comunit\u00e1ria do Boston.com e estudante de jornalismo no Emerson College. Ela \u00e9 formada em jornalismo com especializa\u00e7\u00e3o em estudos de m\u00eddia no Emerson College. Ela \u00e9 natural de Dallas, Texas.<\/p>\n<\/div>\n<hr class=\"m-author__section--hr\"\/>\t<\/section>\n<\/div>\n<div class=\"m-block m-generic-cta\t m-generic-cta--post-content\t m-generic-cta--dark\t m-generic-cta--homepage\t m-generic-cta--email-signup\t\t m-generic-cta-block-style--default \tt-amp__generic-cta\"><\/p>\n<div class=\"m-generic-cta__wrap\">\n<div class=\"m-generic-cta__content\">\n<h3 class=\"m-generic-cta__title\">Inscreva-se no boletim informativo The Queue \ud83c\udf7f<\/h3>\n<p class=\"m-generic-cta__subtitle\">Duas vezes por m\u00eas, descubra os melhores filmes e programas de TV transmitidos agora.<\/p>\n<\/p><\/div>\n<\/p><\/div>\n<\/div><\/div>\n<p><script>\n\t\tvar consent=\"grant\";\n\t\t\/* The above code is parsing the JSON data from the local storage and storing it in a variable. *\/\n\t\t\t\t\tconst onetrustStorageConsent = JSON.parse(localStorage.getItem( 'consent_one_trust_bdc' ) );\n\t\t\tif ( ( onetrustStorageConsent !== null ) ) {\n\t\t\t\t\/* Checking to see if the user has consented to the use of cookies.\n\t\t\t\t* If they have not, it is deleting the cookie.\n\t\t\t\t* This will comment for now, until further notice.\n\t\t\t\t*\/\n\t\t\t\t\/\/if ( onetrustStorageConsent.C0002 === false ) {\n\t\t\t\t\/\/\tdocument.cookie=\"_fbp=;expires=Thu, 01 Jan 2010 00:00:00 UTC; path=\/; domain=.boston.com\";\n\t\t\t\t\/\/}\n\t\t\t\t\/* Checking if the user has given consent for the cookie C0002.\n\t\t\t\t* If the user has given consent, the variable consent will be set to 'grant'.\n\t\t\t\t* If the user has not given consent,the variable consent will be set to 'revoke'.\n\t\t\t\t* Documentation https:\/\/developers.facebook.com\/docs\/meta-pixel\/implementation\/gdpr\n\t\t\t\t*\/\n\t\t\t\tif ( onetrustStorageConsent.C0002 !== true ) {\n\t\t\t\t\tconsent=\"revoke\";\n\t\t\t\t}\n\t\t\t}\n\t\t\t\t!function(f,b,e,v,n,t,s)\n\t\t{if(f.fbq)return;n=f.fbq=function(){n.callMethod?\n\t\tn.callMethod.apply(n,arguments):n.queue.push(arguments)};\n\t\tif(!f._fbq)f._fbq=n;n.push=n;n.loaded=!0;n.version='2.0';\n\t\tn.queue=[];t=b.createElement(e);t.async=!0;\n\t\tt.src=v;s=b.getElementsByTagName(e)[0];\n\t\ts.parentNode.insertBefore(t,s)}(window, document,'script',\n\t\t'https:\/\/connect.facebook.net\/en_US\/fbevents.js');\n\t\tfbq('consent', consent);\n\t\tfbq('init', '989222871864976');\n\t\tfbq('track', 'PageView');\n\t<\/script><script type=\"module\">\n\t\tvar consent=\"grant\";\n\t\t\/* The above code is parsing the JSON data from the local storage and storing it in a variable. *\/\n\t\t\tconst onetrustStorageConsent = JSON.parse(localStorage.getItem( 'consent_one_trust_bdc' ) );\n\t\t\t\/* Checking to see if the user has consented to the use of cookies.\n\t\t\t* If they have not, it is deleting the cookie.\n\t\t\t* This will comment for now, until further notice.\n\t\t\t*\/\n\t\t\t\/\/if ( onetrustStorageConsent.C0002 === false ) {\n\t\t\t\/\/\tdocument.cookie=\"_fbp=;expires=Thu, 01 Jan 2010 00:00:00 UTC; path=\/; domain=.boston.com\";\n\t\t\t\/\/}\n\t\t\t\/* Checking if the user has given consent for the cookie C0002.\n\t\t\t* If the user has given consent, the variable consent will be set to 'grant'.\n\t\t\t* If the user has not given consent,the variable consent will be set to 'revoke'.\n\t\t\t* Documentation https:\/\/developers.facebook.com\/docs\/meta-pixel\/implementation\/gdpr\n\t\t\t*\/\n\t\t\tif ( ( onetrustStorageConsent !== null ) && (onetrustStorageConsent.C0002 !== true ) ) {\n\t\t\t\tconsent=\"revoke\";\n\t\t\t}\n\t\t\t\t!function(f,b,e,v,n,t,s){if(f.fbq)return;n=f.fbq=function()\n\t\t{n.callMethod? n.callMethod.apply(n,arguments):n.queue.push(arguments)}\n\t\t;if(!f._fbq)f._fbq=n;\n\t\tn.push=n;n.loaded=!0;n.version='2.0';n.queue=[];t=b.createElement(e);t.async=!0;\n\t\tt.src=v;s=b.getElementsByTagName(e)[0];s.parentNode.insertBefore(t,s)}(window,\n\t\tdocument,'script','https:\/\/connect.facebook.net\/en_US\/fbevents.js');\n\t\tfbq('consent', consent);\n\t\tfbq('init', '813236348753005');\n\t\tfbq('track', \"PageView\");\n\t<\/script><script async src=\"\/\/www.instagram.com\/embed.js\"><\/script><script async src=\"\/\/www.tiktok.com\/embed.js\"><\/script><br \/>\n<br \/><br \/>\n<br \/><a href=\"https:\/\/www.boston.com\/community\/readers-say\/2024\/11\/25\/most-readers-say-that-singing-in-movie-theaters-is-a-no-go\/\">Source link <\/a><\/p>","protected":false},"excerpt":{"rendered":"<p>Os leitores dizem Oitenta e seis por cento dos entrevistados disseram que \u201cnunca\u201d \u00e9 certo cantar no cinema. Cynthia Erivo como Elphaba e Ariana Grande como Glinda em \u201cWicked: Parte&hellip;<\/p>","protected":false},"author":1,"featured_media":65722,"comment_status":"closed","ping_status":"open","sticky":false,"template":"","format":"standard","meta":{"content-type":"","footnotes":""},"categories":[1],"tags":[],"class_list":["post-65721","post","type-post","status-publish","format-standard","has-post-thumbnail","hentry","category-uncategorized"],"_links":{"self":[{"href":"https:\/\/tvbrazilusa.com\/pt\/wp-json\/wp\/v2\/posts\/65721","targetHints":{"allow":["GET"]}}],"collection":[{"href":"https:\/\/tvbrazilusa.com\/pt\/wp-json\/wp\/v2\/posts"}],"about":[{"href":"https:\/\/tvbrazilusa.com\/pt\/wp-json\/wp\/v2\/types\/post"}],"author":[{"embeddable":true,"href":"https:\/\/tvbrazilusa.com\/pt\/wp-json\/wp\/v2\/users\/1"}],"replies":[{"embeddable":true,"href":"https:\/\/tvbrazilusa.com\/pt\/wp-json\/wp\/v2\/comments?post=65721"}],"version-history":[{"count":1,"href":"https:\/\/tvbrazilusa.com\/pt\/wp-json\/wp\/v2\/posts\/65721\/revisions"}],"predecessor-version":[{"id":65723,"href":"https:\/\/tvbrazilusa.com\/pt\/wp-json\/wp\/v2\/posts\/65721\/revisions\/65723"}],"wp:featuredmedia":[{"embeddable":true,"href":"https:\/\/tvbrazilusa.com\/pt\/wp-json\/wp\/v2\/media\/65722"}],"wp:attachment":[{"href":"https:\/\/tvbrazilusa.com\/pt\/wp-json\/wp\/v2\/media?parent=65721"}],"wp:term":[{"taxonomy":"category","embeddable":true,"href":"https:\/\/tvbrazilusa.com\/pt\/wp-json\/wp\/v2\/categories?post=65721"},{"taxonomy":"post_tag","embeddable":true,"href":"https:\/\/tvbrazilusa.com\/pt\/wp-json\/wp\/v2\/tags?post=65721"}],"curies":[{"name":"wp","href":"https:\/\/api.w.org\/{rel}","templated":true}]}}