{"id":65727,"date":"2024-11-25T20:21:20","date_gmt":"2024-11-25T20:21:20","guid":{"rendered":"https:\/\/tvbrazilusa.com\/2024\/11\/25\/sobre-desmonte-da-lava-jato-bolsonaro-comenta-materia-do-nyt-alerta-para-o-mundo\/"},"modified":"2024-11-25T20:21:21","modified_gmt":"2024-11-25T20:21:21","slug":"sobre-desmonte-da-lava-jato-bolsonaro-comenta-materia-do-nyt-alerta-para-o-mundo","status":"publish","type":"post","link":"https:\/\/tvbrazilusa.com\/pt\/2024\/11\/25\/sobre-desmonte-da-lava-jato-bolsonaro-comenta-materia-do-nyt-alerta-para-o-mundo\/","title":{"rendered":"Sobre desmonte da Lava Jato, Bolsonaro comenta mat\u00e9ria do NYT: &#8216;Alerta para o mundo&#8217;"},"content":{"rendered":"<p> <script async src=\"https:\/\/pagead2.googlesyndication.com\/pagead\/js\/adsbygoogle.js?client=ca-pub-8864793242727901\"\r\n     crossorigin=\"anonymous\"><\/script><br \/>\n<\/p>\n<div id=\"taboola-read-more\" style=\"display:block; width:100%\">\n<p>O ex-presidente Jair Bolsonaro (PL) expressou sua opini\u00e3o sobre uma reportagem do The New York Times que trata do desmonte da Opera\u00e7\u00e3o Lava Jato no Brasil. Ele afirmou que o jornal apresenta uma \u201can\u00e1lise sombria do futuro do Brasil\u201d e considera o texto um \u201calerta para o mundo e para os brasileiros\u201d.\n<\/p>\n<p>De acordo com Bolsonaro, o NYT faz uma an\u00e1lise preocupante sobre a politiza\u00e7\u00e3o de institui\u00e7\u00f5es que deveriam ser imparciais, o que ele v\u00ea como um retrocesso significativo no combate \u00e0 corrup\u00e7\u00e3o.<\/p>\n<p>O ex-presidente da Rep\u00fablica tamb\u00e9m expressou preocupa\u00e7\u00f5es de que isso possa transformar o Brasil em um \u201cpara\u00edso da impunidade\u201d.\n<\/p>\n<p><strong>\u201cO New York Times faz uma an\u00e1lise sombria do futuro do Brasil caso este ciclo de destrui\u00e7\u00e3o institucional continue. A politiza\u00e7\u00e3o de institui\u00e7\u00f5es que n\u00e3o deveriam ser pol\u00edticas n\u00e3o \u00e9 apenas um retrocesso no combate \u00e0 corrup\u00e7\u00e3o, mas uma mensagem clara de que o Brasil de hoje est\u00e1 voltando a ser um para\u00edso da impunidade, onde os poderosos podem fazer o que quiserem, sem qualquer temor de puni\u00e7\u00e3o, enquanto as vozes dissidentes s\u00e3o perseguidas, rotuladas de anti-democr\u00e1ticas e caladas\u201d, disse Bolsonaro, em declara\u00e7\u00e3o publicada nas redes sociais nesta segunda-feira, 25<\/strong>\n<\/p>\n<p>O que diz a reportagem do NYT, comentada por Bolsonaro\n<\/p>\n<p>A reportagem, publicada no domingo 24, critica o Supremo Tribunal Federal (STF) por \u201cencerrar discretamente\u201d uma das maiores a\u00e7\u00f5es anticorrup\u00e7\u00e3o da hist\u00f3ria recente.\n<\/p>\n<p>O texto menciona as decis\u00f5es do ministro do STF, Dias Toffoli, que resultaram na anula\u00e7\u00e3o de condena\u00e7\u00f5es de figuras proeminentes envolvidas em esquemas de corrup\u00e7\u00e3o, como Marcelo Odebrecht, L\u00e9o Pinheiro e Raul Schmidt.\n<\/p>\n<p>O NYT lembra que os ministros, ao acabarem com a opera\u00e7\u00e3o, argumentaram que os ju\u00edzes e promotores envolvidos agiram de maneira tendenciosa e, por isso, \u201cviolaram leis em sua busca insaci\u00e1vel por justi\u00e7a\u201d.\n<\/p>\n<p>\u201cAs revers\u00f5es de senten\u00e7a t\u00eam se espalhado por toda a Am\u00e9rica Latina, e levaram \u00e0 anula\u00e7\u00e3o de pelo menos 115 condena\u00e7\u00f5es no Brasil\u201d, observou o NYT. Casos no Panam\u00e1, Equador, Peru e Argentina, que incluem condena\u00e7\u00f5es de v\u00e1rios ex-presidentes, tamb\u00e9m foram revistos, em reflexo da postura do STF.\n<\/p>\n<p>De acordo com o jornal, o Brasil e o mundo testemunham uma \u201cconclus\u00e3o sombria para uma investiga\u00e7\u00e3o que, antes vista como uma mudan\u00e7a radical na Am\u00e9rica Latina, prometia erradicar a corrup\u00e7\u00e3o sist\u00eamica que corro\u00eda as funda\u00e7\u00f5es dos governos\u201d.\n<\/p>\n<p>Fonte: Revista Oeste              <\/p>\n<\/div>\n<p><br \/>\n<br \/><a href=\"https:\/\/diariodobrasilnoticias.com.br\/noticia\/sobre-desmonte-da-lava-jato-bolsonaro-comenta-materia-do-nyt-alerta-para-o-mundo-6744c43178aa4\">Source link <\/a><\/p>","protected":false},"excerpt":{"rendered":"<p>O ex-presidente Jair Bolsonaro (PL) expressou sua opini\u00e3o sobre uma reportagem do The New York Times que trata do desmonte da Opera\u00e7\u00e3o Lava Jato no Brasil. Ele afirmou que o&hellip;<\/p>","protected":false},"author":1,"featured_media":65728,"comment_status":"closed","ping_status":"open","sticky":false,"template":"","format":"standard","meta":{"content-type":"","footnotes":""},"categories":[16],"tags":[123,2448,5313,1267],"class_list":["post-65727","post","type-post","status-publish","format-standard","has-post-thumbnail","hentry","category-noticias","tag-brasil","tag-diario","tag-noticia","tag-noticias"],"_links":{"self":[{"href":"https:\/\/tvbrazilusa.com\/pt\/wp-json\/wp\/v2\/posts\/65727","targetHints":{"allow":["GET"]}}],"collection":[{"href":"https:\/\/tvbrazilusa.com\/pt\/wp-json\/wp\/v2\/posts"}],"about":[{"href":"https:\/\/tvbrazilusa.com\/pt\/wp-json\/wp\/v2\/types\/post"}],"author":[{"embeddable":true,"href":"https:\/\/tvbrazilusa.com\/pt\/wp-json\/wp\/v2\/users\/1"}],"replies":[{"embeddable":true,"href":"https:\/\/tvbrazilusa.com\/pt\/wp-json\/wp\/v2\/comments?post=65727"}],"version-history":[{"count":1,"href":"https:\/\/tvbrazilusa.com\/pt\/wp-json\/wp\/v2\/posts\/65727\/revisions"}],"predecessor-version":[{"id":65729,"href":"https:\/\/tvbrazilusa.com\/pt\/wp-json\/wp\/v2\/posts\/65727\/revisions\/65729"}],"wp:featuredmedia":[{"embeddable":true,"href":"https:\/\/tvbrazilusa.com\/pt\/wp-json\/wp\/v2\/media\/65728"}],"wp:attachment":[{"href":"https:\/\/tvbrazilusa.com\/pt\/wp-json\/wp\/v2\/media?parent=65727"}],"wp:term":[{"taxonomy":"category","embeddable":true,"href":"https:\/\/tvbrazilusa.com\/pt\/wp-json\/wp\/v2\/categories?post=65727"},{"taxonomy":"post_tag","embeddable":true,"href":"https:\/\/tvbrazilusa.com\/pt\/wp-json\/wp\/v2\/tags?post=65727"}],"curies":[{"name":"wp","href":"https:\/\/api.w.org\/{rel}","templated":true}]}}