{"id":65736,"date":"2024-11-25T20:33:12","date_gmt":"2024-11-25T20:33:12","guid":{"rendered":"https:\/\/tvbrazilusa.com\/2024\/11\/25\/justica-condena-nikolas-ferreira-a-indenizar-felipe-neto\/"},"modified":"2024-11-25T20:33:14","modified_gmt":"2024-11-25T20:33:14","slug":"justica-condena-nikolas-ferreira-a-indenizar-felipe-neto","status":"publish","type":"post","link":"https:\/\/tvbrazilusa.com\/pt\/2024\/11\/25\/justica-condena-nikolas-ferreira-a-indenizar-felipe-neto\/","title":{"rendered":"Justi\u00e7a condena Nikolas Ferreira a indenizar Felipe Neto"},"content":{"rendered":"<p> <script async src=\"https:\/\/pagead2.googlesyndication.com\/pagead\/js\/adsbygoogle.js?client=ca-pub-8864793242727901\"\r\n     crossorigin=\"anonymous\"><\/script><br \/>\n<\/p>\n<div>\n<figure class=\"post-image\">\n<\/figure>\n<p>            <span style=\"font-size: 12px\">Reprodu\u00e7\u00e3o<\/span><\/p>\n<p>            <!-- end metas --><br \/>\n            <!-- ADS --><\/p>\n<div id=\"taboola-read-more\" style=\"display:block; width:100%\">\n<p>O deputado federal Nikolas Ferreira (PL-MG) foi condenado na Justi\u00e7a a indenizar Felipe Neto em 8 mil reais por viola\u00e7\u00e3o de direito de imagem. O influenciador processou o pol\u00edtico por utilizar sua imagem em v\u00eddeos promocionais nas redes sociais, sem autoriza\u00e7\u00e3o pr\u00e9via. Neto alega que o uso do adjetivo \u201ccancelador\u201d associado ao seu nome causou danos \u00e0 sua reputa\u00e7\u00e3o e honra. J\u00e1 Ferreira argumenta que est\u00e1 amparado na liberdade de express\u00e3o.\n<\/p>\n<p>Na decis\u00e3o, obtida pela coluna GENTE, a ju\u00edza Bianca Ferreira do Amaral Machado Nigri pondera que a associa\u00e7\u00e3o da imagem de Felipe Neto ao adjetivo \u00e9 ofensivo por ele ser um influenciador digital. \u201cO R\u00e9u se utiliza, sem autoriza\u00e7\u00e3o, do nome, voz e imagem do autor com intuito de promover evento com discuss\u00f5es totalmente avessas aos seus posicionamentos, atribuindo-o a pecha de \u2018pessoa m\u00e1\u2019, devendo ser analisado, de um lado, o direito \u00e0 livre express\u00e3o da atividade intelectual e de comunica\u00e7\u00e3o e, do outro, o direito \u00e0 inviolabilidade da intimidade da vida privada, da honra e da imagem, tornando-se evidente que este \u00faltimo condiciona o primeiro, conforme nos ensina o Mestre Cavalieri. Desta forma, torna-se necess\u00e1ria \u00e0 interven\u00e7\u00e3o do Judici\u00e1rio para conter os abusos como no caso em tela\u201d, informa a decis\u00e3o, que tamb\u00e9m determinou a remo\u00e7\u00e3o dos v\u00eddeos.<\/p>\n<p>Fonte: Veja              <\/p>\n<\/div>\n<p>                        <!-- Scripts para conteudo --><\/p>\n<p>            <!-- .\/Scripts para conteudo --><br \/>\n            <!-- .\/Mat\u00e9ria --><\/p>\n<div class=\"row mt-3\">\n<div class=\"col-sm-6\">\n                <!-- Whatsapp channel 3--><br \/>\n                <a href=\"https:\/\/chat.whatsapp.com\/J6hwSKYns5B0XFowx2wZ0P\" target=\"_blank\"><br \/>\n                  <img decoding=\"async\" src=\"https:\/\/diariodobrasilnoticias.com.br\/assets-site\/images\/bot_whatsapp.png\"\/><\/a>\n              <\/div>\n<div class=\"col-sm-6\">\n                <a href=\"https:\/\/t.me\/+_4gTmi5LKo03OTM5\" target=\"_blank\"><br \/>\n                  <img decoding=\"async\" src=\"https:\/\/diariodobrasilnoticias.com.br\/assets-site\/images\/bot_telegram.png\"\/><\/a>\n              <\/div>\n<\/p><\/div>\n<p>            <!-- end post-navigation --><\/p>\n<p>              <!-- end row --><\/p>\n<p>              <!-- end col-12-->\n                      <\/div>\n<p><br \/>\n<br \/><a href=\"https:\/\/diariodobrasilnoticias.com.br\/noticia\/justica-condena-nikolas-ferreira-a-indenizar-felipe-neto-6744c3aa5d127\">Source link <\/a><\/p>","protected":false},"excerpt":{"rendered":"<p>Reprodu\u00e7\u00e3o O deputado federal Nikolas Ferreira (PL-MG) foi condenado na Justi\u00e7a a indenizar Felipe Neto em 8 mil reais por viola\u00e7\u00e3o de direito de imagem. O influenciador processou o pol\u00edtico&hellip;<\/p>","protected":false},"author":1,"featured_media":65737,"comment_status":"closed","ping_status":"open","sticky":false,"template":"","format":"standard","meta":{"content-type":"","footnotes":""},"categories":[16],"tags":[123,2448,5313,1267],"class_list":["post-65736","post","type-post","status-publish","format-standard","has-post-thumbnail","hentry","category-noticias","tag-brasil","tag-diario","tag-noticia","tag-noticias"],"_links":{"self":[{"href":"https:\/\/tvbrazilusa.com\/pt\/wp-json\/wp\/v2\/posts\/65736","targetHints":{"allow":["GET"]}}],"collection":[{"href":"https:\/\/tvbrazilusa.com\/pt\/wp-json\/wp\/v2\/posts"}],"about":[{"href":"https:\/\/tvbrazilusa.com\/pt\/wp-json\/wp\/v2\/types\/post"}],"author":[{"embeddable":true,"href":"https:\/\/tvbrazilusa.com\/pt\/wp-json\/wp\/v2\/users\/1"}],"replies":[{"embeddable":true,"href":"https:\/\/tvbrazilusa.com\/pt\/wp-json\/wp\/v2\/comments?post=65736"}],"version-history":[{"count":1,"href":"https:\/\/tvbrazilusa.com\/pt\/wp-json\/wp\/v2\/posts\/65736\/revisions"}],"predecessor-version":[{"id":65738,"href":"https:\/\/tvbrazilusa.com\/pt\/wp-json\/wp\/v2\/posts\/65736\/revisions\/65738"}],"wp:featuredmedia":[{"embeddable":true,"href":"https:\/\/tvbrazilusa.com\/pt\/wp-json\/wp\/v2\/media\/65737"}],"wp:attachment":[{"href":"https:\/\/tvbrazilusa.com\/pt\/wp-json\/wp\/v2\/media?parent=65736"}],"wp:term":[{"taxonomy":"category","embeddable":true,"href":"https:\/\/tvbrazilusa.com\/pt\/wp-json\/wp\/v2\/categories?post=65736"},{"taxonomy":"post_tag","embeddable":true,"href":"https:\/\/tvbrazilusa.com\/pt\/wp-json\/wp\/v2\/tags?post=65736"}],"curies":[{"name":"wp","href":"https:\/\/api.w.org\/{rel}","templated":true}]}}