{"id":65748,"date":"2024-11-25T20:03:17","date_gmt":"2024-11-25T20:03:17","guid":{"rendered":"https:\/\/tvbrazilusa.com\/2024\/11\/25\/o-outlook-esta-fora-do-ar-milhares-de-usuarios-do-microsoft-365-relatam-problemas-de-interrupcao\/"},"modified":"2024-11-25T20:51:43","modified_gmt":"2024-11-25T20:51:43","slug":"o-outlook-esta-fora-do-ar-milhares-de-usuarios-do-microsoft-365-relatam-problemas-de-interrupcao","status":"publish","type":"post","link":"https:\/\/tvbrazilusa.com\/pt\/2024\/11\/25\/o-outlook-esta-fora-do-ar-milhares-de-usuarios-do-microsoft-365-relatam-problemas-de-interrupcao\/","title":{"rendered":"O Outlook est\u00e1 fora do ar? Milhares de usu\u00e1rios do Microsoft 365 relatam problemas de interrup\u00e7\u00e3o"},"content":{"rendered":"<p> <script async src=\"https:\/\/pagead2.googlesyndication.com\/pagead\/js\/adsbygoogle.js?client=ca-pub-8864793242727901\"\r\n     crossorigin=\"anonymous\"><\/script><br \/>\n<\/p>\n<div id=\"\">\n<header class=\"m-article-header m-article-header--standard\">\n\t\t\t\t\t\t\t\t\t\t\t\t<span id=\"article-header-primary-term\"><br \/>\n\t\t\t\t\t\t\t\t<a class=\"a-term a-term--primary\" href=\"https:\/\/www.boston.com\/tag\/technology\/\"><\/p>\n<p>\t\t\t\t\t\t\t\tTecnologia\t\t\t\t\t\t\t\t<\/a><br \/>\n\t\t\t\t\t\t\t<\/span><\/p>\n<h2 class=\"m-article-header__sub-headline\">Ao meio-dia de segunda-feira, o Downdetector mostrou milhares de relat\u00f3rios de interrup\u00e7\u00f5es de usu\u00e1rios do Microsoft 365, principalmente do Outlook.<\/h2>\n<figure class=\"a-photo m-article-header__photo\"><figcaption class=\"a-photo__caption\">\n<p>\tEsta foto de arquivo de 12 de abril de 2016 mostra o logotipo da Microsoft em Issy-les-Moulineaux, nos arredores de Paris. <em> AP Foto\/Michel Euler, Arquivo<\/em>\t<\/figcaption><\/figure>\n<div class=\"m-article-header__meta\">\n<div class=\"m-article-header__byline\">\n<p class=\"m-article-header__author\">\n<p>\t\t\t\t\t\t\t\tPor Associated Press\t\t\t\t\t\t\t<\/p>\n<p>\t\t\t\t\t\t\t\t\t\t\t\t\t\t\t<time class=\"m-article-header__date\"><\/p>\n<p>\t\t\t\t\t\t\t\t\t25 de novembro de 2024 | 15h03\t\t\t\t\t\t\t\t<\/time><\/p><\/div>\n<\/p><\/div>\n<\/header>\n<p>NOVA IORQUE (AP) \u2013 Milhares de <a href=\"https:\/\/www.office.com\/\">Microsoft 365<\/a> clientes em todo o mundo relataram problemas com servi\u00e7os como Outlook e Teams na segunda-feira.<\/p>\n<p>Em postagens nas redes sociais e coment\u00e1rios em plataformas como o rastreador de interrup\u00e7\u00f5es Downdetector, alguns impactados disseram que estavam tendo problemas para ver seus e-mails, carregar calend\u00e1rios ou abrir outros aplicativos do Microsoft 365, como o Powerpoint.<\/p>\n<p>A Microsoft reconheceu \u201cum problema que afeta os usu\u00e1rios que tentam acessar o Exchange Online ou a funcionalidade do calend\u00e1rio do Microsoft Teams\u201d no in\u00edcio do dia. Em <a href=\"https:\/\/x.com\/MSFT365Status\/status\/1860973220662280356\">atualiza\u00e7\u00f5es postadas no X<\/a>plataforma de m\u00eddia social anteriormente conhecida como Twitter, a p\u00e1gina de status da empresa dizia ter identificado uma \u201cmudan\u00e7a recente\u201d que acreditava estar por tr\u00e1s do problema \u2013 e estava trabalhando para revert\u00ea-la.<\/p>\n<p>A Microsoft compartilhou que estava implantando uma corre\u00e7\u00e3o \u2013 que, pouco antes do meio-dia ET, disse <a href=\"https:\/\/x.com\/MSFT365Status\/status\/1861090247498420302\">havia alcan\u00e7ado <\/a>cerca de 98% dos \u201cambientes afetados\u201d.<\/p>\n<p>Ainda assim, a p\u00e1gina de status da empresa<a href=\"https:\/\/x.com\/MSFT365Status\/status\/1861090247498420302\"> adicionado mais tarde<\/a>as reinicializa\u00e7\u00f5es direcionadas estavam \u201cprogredindo mais lentamente do que o previsto para a maioria dos usu\u00e1rios afetados\u201d.<\/p>\n<p>Ao meio-dia de segunda-feira, o Downdetector mostrou milhares de relat\u00f3rios de interrup\u00e7\u00f5es de usu\u00e1rios de <a href=\"https:\/\/downdetector.com\/status\/microsoft-365\/\">Microsoft 365<\/a>particularmente <a href=\"https:\/\/downdetector.com\/status\/outlook\/\">Panorama<\/a>.<\/p>\n<div class=\"m-block m-generic-cta\t m-generic-cta--post-content\t m-generic-cta--dark\t m-generic-cta--homepage\t m-generic-cta--email-signup\t\t m-generic-cta-block-style--default \tt-amp__generic-cta\"><\/p>\n<div class=\"m-generic-cta__wrap\">\n<div class=\"m-generic-cta__content\">\n<h3 class=\"m-generic-cta__title\">Alertas extras de not\u00edcias<\/h3>\n<p class=\"m-generic-cta__subtitle\">Receba as \u00faltimas atualiza\u00e7\u00f5es conforme elas acontecem.<\/p>\n<\/p><\/div>\n<\/p><\/div>\n<\/div><\/div>\n<p><script>\n\t\tvar consent=\"grant\";\n\t\t\/* The above code is parsing the JSON data from the local storage and storing it in a variable. *\/\n\t\t\t\t\tconst onetrustStorageConsent = JSON.parse(localStorage.getItem( 'consent_one_trust_bdc' ) );\n\t\t\tif ( ( onetrustStorageConsent !== null ) ) {\n\t\t\t\t\/* Checking to see if the user has consented to the use of cookies.\n\t\t\t\t* If they have not, it is deleting the cookie.\n\t\t\t\t* This will comment for now, until further notice.\n\t\t\t\t*\/\n\t\t\t\t\/\/if ( onetrustStorageConsent.C0002 === false ) {\n\t\t\t\t\/\/\tdocument.cookie=\"_fbp=;expires=Thu, 01 Jan 2010 00:00:00 UTC; path=\/; domain=.boston.com\";\n\t\t\t\t\/\/}\n\t\t\t\t\/* Checking if the user has given consent for the cookie C0002.\n\t\t\t\t* If the user has given consent, the variable consent will be set to 'grant'.\n\t\t\t\t* If the user has not given consent,the variable consent will be set to 'revoke'.\n\t\t\t\t* Documentation https:\/\/developers.facebook.com\/docs\/meta-pixel\/implementation\/gdpr\n\t\t\t\t*\/\n\t\t\t\tif ( onetrustStorageConsent.C0002 !== true ) {\n\t\t\t\t\tconsent=\"revoke\";\n\t\t\t\t}\n\t\t\t}\n\t\t\t\t!function(f,b,e,v,n,t,s)\n\t\t{if(f.fbq)return;n=f.fbq=function(){n.callMethod?\n\t\tn.callMethod.apply(n,arguments):n.queue.push(arguments)};\n\t\tif(!f._fbq)f._fbq=n;n.push=n;n.loaded=!0;n.version='2.0';\n\t\tn.queue=[];t=b.createElement(e);t.async=!0;\n\t\tt.src=v;s=b.getElementsByTagName(e)[0];\n\t\ts.parentNode.insertBefore(t,s)}(window, document,'script',\n\t\t'https:\/\/connect.facebook.net\/en_US\/fbevents.js');\n\t\tfbq('consent', consent);\n\t\tfbq('init', '989222871864976');\n\t\tfbq('track', 'PageView');\n\t<\/script><script type=\"module\">\n\t\tvar consent=\"grant\";\n\t\t\/* The above code is parsing the JSON data from the local storage and storing it in a variable. *\/\n\t\t\tconst onetrustStorageConsent = JSON.parse(localStorage.getItem( 'consent_one_trust_bdc' ) );\n\t\t\t\/* Checking to see if the user has consented to the use of cookies.\n\t\t\t* If they have not, it is deleting the cookie.\n\t\t\t* This will comment for now, until further notice.\n\t\t\t*\/\n\t\t\t\/\/if ( onetrustStorageConsent.C0002 === false ) {\n\t\t\t\/\/\tdocument.cookie=\"_fbp=;expires=Thu, 01 Jan 2010 00:00:00 UTC; path=\/; domain=.boston.com\";\n\t\t\t\/\/}\n\t\t\t\/* Checking if the user has given consent for the cookie C0002.\n\t\t\t* If the user has given consent, the variable consent will be set to 'grant'.\n\t\t\t* If the user has not given consent,the variable consent will be set to 'revoke'.\n\t\t\t* Documentation https:\/\/developers.facebook.com\/docs\/meta-pixel\/implementation\/gdpr\n\t\t\t*\/\n\t\t\tif ( ( onetrustStorageConsent !== null ) && (onetrustStorageConsent.C0002 !== true ) ) {\n\t\t\t\tconsent=\"revoke\";\n\t\t\t}\n\t\t\t\t!function(f,b,e,v,n,t,s){if(f.fbq)return;n=f.fbq=function()\n\t\t{n.callMethod? n.callMethod.apply(n,arguments):n.queue.push(arguments)}\n\t\t;if(!f._fbq)f._fbq=n;\n\t\tn.push=n;n.loaded=!0;n.version='2.0';n.queue=[];t=b.createElement(e);t.async=!0;\n\t\tt.src=v;s=b.getElementsByTagName(e)[0];s.parentNode.insertBefore(t,s)}(window,\n\t\tdocument,'script','https:\/\/connect.facebook.net\/en_US\/fbevents.js');\n\t\tfbq('consent', consent);\n\t\tfbq('init', '813236348753005');\n\t\tfbq('track', \"PageView\");\n\t<\/script><br \/>\n<br \/><br \/>\n<br \/><a href=\"https:\/\/www.boston.com\/news\/technology\/2024\/11\/25\/is-outlook-down-thousands-of-microsoft-365-users-report-outage-issues\/\">Source link <\/a><\/p>","protected":false},"excerpt":{"rendered":"<p>Tecnologia Ao meio-dia de segunda-feira, o Downdetector mostrou milhares de relat\u00f3rios de interrup\u00e7\u00f5es de usu\u00e1rios do Microsoft 365, principalmente do Outlook. Esta foto de arquivo de 12 de abril de&hellip;<\/p>","protected":false},"author":1,"featured_media":65749,"comment_status":"closed","ping_status":"open","sticky":false,"template":"","format":"standard","meta":{"content-type":"","footnotes":""},"categories":[1],"tags":[],"class_list":["post-65748","post","type-post","status-publish","format-standard","has-post-thumbnail","hentry","category-uncategorized"],"_links":{"self":[{"href":"https:\/\/tvbrazilusa.com\/pt\/wp-json\/wp\/v2\/posts\/65748","targetHints":{"allow":["GET"]}}],"collection":[{"href":"https:\/\/tvbrazilusa.com\/pt\/wp-json\/wp\/v2\/posts"}],"about":[{"href":"https:\/\/tvbrazilusa.com\/pt\/wp-json\/wp\/v2\/types\/post"}],"author":[{"embeddable":true,"href":"https:\/\/tvbrazilusa.com\/pt\/wp-json\/wp\/v2\/users\/1"}],"replies":[{"embeddable":true,"href":"https:\/\/tvbrazilusa.com\/pt\/wp-json\/wp\/v2\/comments?post=65748"}],"version-history":[{"count":1,"href":"https:\/\/tvbrazilusa.com\/pt\/wp-json\/wp\/v2\/posts\/65748\/revisions"}],"predecessor-version":[{"id":65750,"href":"https:\/\/tvbrazilusa.com\/pt\/wp-json\/wp\/v2\/posts\/65748\/revisions\/65750"}],"wp:featuredmedia":[{"embeddable":true,"href":"https:\/\/tvbrazilusa.com\/pt\/wp-json\/wp\/v2\/media\/65749"}],"wp:attachment":[{"href":"https:\/\/tvbrazilusa.com\/pt\/wp-json\/wp\/v2\/media?parent=65748"}],"wp:term":[{"taxonomy":"category","embeddable":true,"href":"https:\/\/tvbrazilusa.com\/pt\/wp-json\/wp\/v2\/categories?post=65748"},{"taxonomy":"post_tag","embeddable":true,"href":"https:\/\/tvbrazilusa.com\/pt\/wp-json\/wp\/v2\/tags?post=65748"}],"curies":[{"name":"wp","href":"https:\/\/api.w.org\/{rel}","templated":true}]}}