{"id":65765,"date":"2024-11-25T21:11:19","date_gmt":"2024-11-25T21:11:19","guid":{"rendered":"https:\/\/tvbrazilusa.com\/2024\/11\/25\/filho-foi-diagnosticado-com-aneurisma-cerebral-revela-mae-de-gugu\/"},"modified":"2024-11-25T21:11:20","modified_gmt":"2024-11-25T21:11:20","slug":"filho-foi-diagnosticado-com-aneurisma-cerebral-revela-mae-de-gugu","status":"publish","type":"post","link":"https:\/\/tvbrazilusa.com\/pt\/2024\/11\/25\/filho-foi-diagnosticado-com-aneurisma-cerebral-revela-mae-de-gugu\/","title":{"rendered":"Filho foi diagnosticado com aneurisma cerebral, revela m\u00e3e de Gugu"},"content":{"rendered":"<p> <script async src=\"https:\/\/pagead2.googlesyndication.com\/pagead\/js\/adsbygoogle.js?client=ca-pub-8864793242727901\"\r\n     crossorigin=\"anonymous\"><\/script><br \/>\n<\/p>\n<div id=\"taboola-read-more\" style=\"display:block; width:100%\">\n<p>Dona Maria do C\u00e9u, m\u00e3e de Gugu Liberato, revelou durante depoimento ao document\u00e1rio Gugu, Toninho e Augusto, que o filho tinha sido diagnosticado com um aneurisma cerebral antes de morrer.\n<\/p>\n<p>De acordo com ela, o diagn\u00f3stico tinha sido mantido em sigilo e apenas ela sabia da informa\u00e7\u00e3o. \u201cEle tinha aneurisma na cabe\u00e7a. Ningu\u00e9m sabia, s\u00f3 eu. Ele tinha ido ao m\u00e9dico e ele disse que \u00e9 aneurisma\u201d, contou.<\/p>\n<p>Al\u00e9m disso, dona Maria do C\u00e9u deu detalhes sobre o diagn\u00f3stico e afirmou que a condi\u00e7\u00e3o exigia que Gugu tivesse cuidados especiais, j\u00e1 que qualquer trauma na regi\u00e3o poderia ser fatal.\n<\/p>\n<p>Gugu morreu em 22 de novembro de 2019, aos 60 anos, ap\u00f3s sofrer um acidente dom\u00e9stico na casa dele, em Orlando, nos EUA.\n<\/p>\n<p>M\u00e3e de Gugu relembra \u00faltimo momento com o filho<br \/>No document\u00e1rio Gugu, Simples Assim, da Record, dona Maria do C\u00e9u deu detalhes de como foi o \u00faltimo encontro dela com o filho.\n<\/p>\n<p>Ela contou que Gugu passou mais de tr\u00eas horas conversando com ela no quarto. \u201cEle n\u00e3o costumava ficar assim tanto tempo\u201d, relembra. \u201cDa\u00ed ele me beijou e, quando foi abrir a porta pra sair, eu o chamei e dei um beijo nele. Parece que eu estava adivinhando e ele tamb\u00e9m. Era uma coisa, assim, que ele estava falando pra n\u00f3s: \u2018Eu n\u00e3o vou voltar\u2019\u201d.\n<\/p>\n<p>Fonte: Metr\u00f3poles              <\/p>\n<\/div>\n<p><br \/>\n<br \/><a href=\"https:\/\/diariodobrasilnoticias.com.br\/noticia\/filho-foi-diagnosticado-com-aneurisma-cerebral-revela-mae-de-gugu-6744c856c037b\">Source link <\/a><\/p>","protected":false},"excerpt":{"rendered":"<p>Dona Maria do C\u00e9u, m\u00e3e de Gugu Liberato, revelou durante depoimento ao document\u00e1rio Gugu, Toninho e Augusto, que o filho tinha sido diagnosticado com um aneurisma cerebral antes de morrer.&hellip;<\/p>","protected":false},"author":1,"featured_media":65766,"comment_status":"closed","ping_status":"open","sticky":false,"template":"","format":"standard","meta":{"content-type":"","footnotes":""},"categories":[16],"tags":[123,2448,5313,1267],"class_list":["post-65765","post","type-post","status-publish","format-standard","has-post-thumbnail","hentry","category-noticias","tag-brasil","tag-diario","tag-noticia","tag-noticias"],"_links":{"self":[{"href":"https:\/\/tvbrazilusa.com\/pt\/wp-json\/wp\/v2\/posts\/65765","targetHints":{"allow":["GET"]}}],"collection":[{"href":"https:\/\/tvbrazilusa.com\/pt\/wp-json\/wp\/v2\/posts"}],"about":[{"href":"https:\/\/tvbrazilusa.com\/pt\/wp-json\/wp\/v2\/types\/post"}],"author":[{"embeddable":true,"href":"https:\/\/tvbrazilusa.com\/pt\/wp-json\/wp\/v2\/users\/1"}],"replies":[{"embeddable":true,"href":"https:\/\/tvbrazilusa.com\/pt\/wp-json\/wp\/v2\/comments?post=65765"}],"version-history":[{"count":1,"href":"https:\/\/tvbrazilusa.com\/pt\/wp-json\/wp\/v2\/posts\/65765\/revisions"}],"predecessor-version":[{"id":65767,"href":"https:\/\/tvbrazilusa.com\/pt\/wp-json\/wp\/v2\/posts\/65765\/revisions\/65767"}],"wp:featuredmedia":[{"embeddable":true,"href":"https:\/\/tvbrazilusa.com\/pt\/wp-json\/wp\/v2\/media\/65766"}],"wp:attachment":[{"href":"https:\/\/tvbrazilusa.com\/pt\/wp-json\/wp\/v2\/media?parent=65765"}],"wp:term":[{"taxonomy":"category","embeddable":true,"href":"https:\/\/tvbrazilusa.com\/pt\/wp-json\/wp\/v2\/categories?post=65765"},{"taxonomy":"post_tag","embeddable":true,"href":"https:\/\/tvbrazilusa.com\/pt\/wp-json\/wp\/v2\/tags?post=65765"}],"curies":[{"name":"wp","href":"https:\/\/api.w.org\/{rel}","templated":true}]}}