{"id":65768,"date":"2024-11-25T19:55:54","date_gmt":"2024-11-25T19:55:54","guid":{"rendered":"https:\/\/tvbrazilusa.com\/2024\/11\/25\/linha-vermelha-livre-de-zonas-lentas-pela-primeira-vez-em-pelo-menos-20-anos-diz-t\/"},"modified":"2024-11-25T21:17:04","modified_gmt":"2024-11-25T21:17:04","slug":"linha-vermelha-livre-de-zonas-lentas-pela-primeira-vez-em-pelo-menos-20-anos-diz-t","status":"publish","type":"post","link":"https:\/\/tvbrazilusa.com\/pt\/2024\/11\/25\/linha-vermelha-livre-de-zonas-lentas-pela-primeira-vez-em-pelo-menos-20-anos-diz-t\/","title":{"rendered":"Linha Vermelha livre de zonas lentas pela primeira vez em pelo menos 20 anos, diz T"},"content":{"rendered":"<p> <script async src=\"https:\/\/pagead2.googlesyndication.com\/pagead\/js\/adsbygoogle.js?client=ca-pub-8864793242727901\"\r\n     crossorigin=\"anonymous\"><\/script><br \/>\n<\/p>\n<div id=\"\">\n<header class=\"m-article-header m-article-header--standard\">\n\t\t\t\t\t\t\t\t\t\t\t\t<span id=\"article-header-primary-term\"><br \/>\n\t\t\t\t\t\t\t\t<a class=\"a-term a-term--primary\" href=\"https:\/\/www.boston.com\/tag\/transportation\/\"><\/p>\n<p>\t\t\t\t\t\t\t\tTransporte\t\t\t\t\t\t\t\t<\/a><br \/>\n\t\t\t\t\t\t\t<\/span><\/p>\n<h2 class=\"m-article-header__sub-headline\">A MBTA dever\u00e1 eliminar as duas \u00faltimas restri\u00e7\u00f5es de velocidade, ambas na Linha Verde, em dezembro.<\/h2>\n<figure class=\"a-photo m-article-header__photo\"><figcaption class=\"a-photo__caption\">\n<p>\tPhil Eng, gerente geral da MBTA, na esta\u00e7\u00e3o Alewife Red Line em Cambridge.<em> Danielle Parhizkaran\/equipe do Boston Globe, arquivo<\/em>\t<\/figcaption><\/figure>\n<\/header>\n<p>Pela primeira vez em pelo menos 20 anos, o <a href=\"https:\/\/www.boston.com\/tag\/mbta-red-line\/\" target=\"_blank\" rel=\"noreferrer noopener\">Linha Vermelha<\/a> est\u00e1 livre de zonas lentas e funcionando a toda velocidade de ponta a ponta, disse a MBTA na segunda-feira. <\/p>\n<p>O an\u00fancio segue o da semana passada <a href=\"https:\/\/www.boston.com\/news\/local-news\/2024\/11\/17\/another-mbta-shutdown-is-upon-us\/\" target=\"_blank\" rel=\"noreferrer noopener\">Desligamento da Linha Vermelha<\/a>o que permitiu ao T concluir trabalhos \u201ccr\u00edticos\u201d na via e eliminar a \u00faltima das restri\u00e7\u00f5es de velocidade da linha, de acordo com um MBTA <a href=\"https:\/\/www.mbta.com\/news\/2024-11-25\/red-line-now-slow-zone-free-the-first-time-least-20-years\" target=\"_blank\" rel=\"noreferrer noopener\">comunicado de imprensa<\/a>. A Linha Vermelha agora se junta \u00e0s linhas Laranja e Azul em <a href=\"https:\/\/www.boston.com\/news\/transportation\/2024\/11\/04\/mbta-orange-line-without-slow-zones-first-time-15-years\/\" target=\"_blank\" rel=\"noreferrer noopener\">rodando lentamente sem zona<\/a>. <\/p>\n<p>\u201cEstou orgulhoso da enorme quantidade de trabalho que estamos realizando\u201d, disse o gerente geral da MBTA, Phil Eng, em um comunicado. \u201cA pista nessas \u00e1reas da Linha Vermelha \u00e9 muito desafiadora para o acesso das tripula\u00e7\u00f5es, mas nossa for\u00e7a de trabalho teve o tempo livre na pista que precisavam para finalmente fazer o trabalho para remover completamente essas zonas lentas.\u201d <\/p>\n<p>Quando o T partiu no ano passado para <a href=\"https:\/\/www.boston.com\/news\/local-news\/2023\/11\/09\/mbta-closures-eliminate-all-slow-zones-2024\/\" target=\"_blank\" rel=\"noreferrer noopener\">elimine todas as suas zonas lentas<\/a> por meio de desligamentos e desvios peri\u00f3dicos, houve impressionantes 191 restri\u00e7\u00f5es de velocidade em todo o sistema. H\u00e1 <a href=\"https:\/\/www.mbta.com\/performance-metrics\/speed-restrictions\" target=\"_blank\" rel=\"noreferrer noopener\">faltam apenas dois<\/a> hoje, ambos na Linha Verde. <\/p>\n<p>Embora seja um espinho constante para os pilotos, as paralisa\u00e7\u00f5es escalonadas do Programa de Melhoria da Pista <a href=\"https:\/\/www.boston.com\/news\/transportation\/2024\/11\/20\/mbta-almost-free-of-slow-zones-can-success-last\/\" target=\"_blank\" rel=\"noreferrer noopener\">provaram ser eficazes<\/a>. De acordo com o T, o \u00faltimo fechamento da Linha Vermelha permitiu que as tripula\u00e7\u00f5es substitu\u00edssem 2.230 p\u00e9s de trilhos, realizassem atualiza\u00e7\u00f5es de sinal e abordassem melhorias de seguran\u00e7a e atualiza\u00e7\u00f5es de comodidades da esta\u00e7\u00e3o, entre outros trabalhos. <\/p>\n<p>H\u00e1 um ano, uma viagem de Alewife a Braintree levaria em m\u00e9dia 1 hora e 11 minutos para os passageiros da Linha Vermelha, de acordo com dados do grupo de defesa do transporte p\u00fablico <a href=\"https:\/\/dashboard.transitmatters.org\/red\/trips\/single\/?from=70061&#038;to=70105&#038;date=2024-11-25\" target=\"_blank\" rel=\"noreferrer noopener\">Tr\u00e2nsito \u00e9 importante<\/a>. A partir de segunda-feira, a mesma viagem levaria em m\u00e9dia pouco mais de 54 minutos.<\/p>\n<p>\u201cH\u00e1 mais trabalho a ser feito na Linha Verde no pr\u00f3ximo m\u00eas para tornar todo o sistema de metr\u00f4 lento e livre de zonas, mas agora estamos bem posicionados para manter nosso sistema de forma eficiente nos pr\u00f3ximos anos, com o objetivo de fornecer um servi\u00e7o seguro e confi\u00e1vel. nossos pilotos podem se orgulhar\u201d, disse Eng. <\/p>\n<div class=\"o-author-single has-avatar\">\n<header class=\"m-author-card\">\n<div class=\"a-image a-image--square m-author-card__image\">\n\t\t<img decoding=\"async\" class=\"\" src=\"https:\/\/www.boston.com\/wp-content\/uploads\/2024\/10\/cropped-Patkin-Headshot-66fea67b66dd2-scaled-1-66fea6a1c6f25.jpg\" alt=\"Imagem do perfil de Abby Patkin\"\/>\t<\/div>\n<\/header>\n<section class=\"author-info\">\n<hr class=\"m-author__section--hr\"\/>\n<div class=\"m-author__section\">\n<p>Abby Patkin \u00e9 uma rep\u00f3rter de not\u00edcias gerais cujo trabalho aborda transporte p\u00fablico, crime, sa\u00fade e tudo mais.<\/p>\n<\/div>\n<hr class=\"m-author__section--hr\"\/>\t<\/section>\n<\/div>\n<div class=\"m-block m-generic-cta\t m-generic-cta--post-content\t m-generic-cta--dark\t m-generic-cta--homepage\t m-generic-cta--email-signup\t\t m-generic-cta-block-style--default \tt-amp__generic-cta\"><\/p>\n<div class=\"m-generic-cta__wrap\">\n<div class=\"m-generic-cta__content\">\n<h3 class=\"m-generic-cta__title\">Boston.com hoje<\/h3>\n<p class=\"m-generic-cta__subtitle\">Inscreva-se para receber as \u00faltimas manchetes em sua caixa de entrada todas as manh\u00e3s.<\/p>\n<\/p><\/div>\n<\/p><\/div>\n<\/div><\/div>\n<p><script>\n\t\tvar consent=\"grant\";\n\t\t\/* The above code is parsing the JSON data from the local storage and storing it in a variable. *\/\n\t\t\t\t\tconst onetrustStorageConsent = JSON.parse(localStorage.getItem( 'consent_one_trust_bdc' ) );\n\t\t\tif ( ( onetrustStorageConsent !== null ) ) {\n\t\t\t\t\/* Checking to see if the user has consented to the use of cookies.\n\t\t\t\t* If they have not, it is deleting the cookie.\n\t\t\t\t* This will comment for now, until further notice.\n\t\t\t\t*\/\n\t\t\t\t\/\/if ( onetrustStorageConsent.C0002 === false ) {\n\t\t\t\t\/\/\tdocument.cookie=\"_fbp=;expires=Thu, 01 Jan 2010 00:00:00 UTC; path=\/; domain=.boston.com\";\n\t\t\t\t\/\/}\n\t\t\t\t\/* Checking if the user has given consent for the cookie C0002.\n\t\t\t\t* If the user has given consent, the variable consent will be set to 'grant'.\n\t\t\t\t* If the user has not given consent,the variable consent will be set to 'revoke'.\n\t\t\t\t* Documentation https:\/\/developers.facebook.com\/docs\/meta-pixel\/implementation\/gdpr\n\t\t\t\t*\/\n\t\t\t\tif ( onetrustStorageConsent.C0002 !== true ) {\n\t\t\t\t\tconsent=\"revoke\";\n\t\t\t\t}\n\t\t\t}\n\t\t\t\t!function(f,b,e,v,n,t,s)\n\t\t{if(f.fbq)return;n=f.fbq=function(){n.callMethod?\n\t\tn.callMethod.apply(n,arguments):n.queue.push(arguments)};\n\t\tif(!f._fbq)f._fbq=n;n.push=n;n.loaded=!0;n.version='2.0';\n\t\tn.queue=[];t=b.createElement(e);t.async=!0;\n\t\tt.src=v;s=b.getElementsByTagName(e)[0];\n\t\ts.parentNode.insertBefore(t,s)}(window, document,'script',\n\t\t'https:\/\/connect.facebook.net\/en_US\/fbevents.js');\n\t\tfbq('consent', consent);\n\t\tfbq('init', '989222871864976');\n\t\tfbq('track', 'PageView');\n\t<\/script><script type=\"module\">\n\t\tvar consent=\"grant\";\n\t\t\/* The above code is parsing the JSON data from the local storage and storing it in a variable. *\/\n\t\t\tconst onetrustStorageConsent = JSON.parse(localStorage.getItem( 'consent_one_trust_bdc' ) );\n\t\t\t\/* Checking to see if the user has consented to the use of cookies.\n\t\t\t* If they have not, it is deleting the cookie.\n\t\t\t* This will comment for now, until further notice.\n\t\t\t*\/\n\t\t\t\/\/if ( onetrustStorageConsent.C0002 === false ) {\n\t\t\t\/\/\tdocument.cookie=\"_fbp=;expires=Thu, 01 Jan 2010 00:00:00 UTC; path=\/; domain=.boston.com\";\n\t\t\t\/\/}\n\t\t\t\/* Checking if the user has given consent for the cookie C0002.\n\t\t\t* If the user has given consent, the variable consent will be set to 'grant'.\n\t\t\t* If the user has not given consent,the variable consent will be set to 'revoke'.\n\t\t\t* Documentation https:\/\/developers.facebook.com\/docs\/meta-pixel\/implementation\/gdpr\n\t\t\t*\/\n\t\t\tif ( ( onetrustStorageConsent !== null ) && (onetrustStorageConsent.C0002 !== true ) ) {\n\t\t\t\tconsent=\"revoke\";\n\t\t\t}\n\t\t\t\t!function(f,b,e,v,n,t,s){if(f.fbq)return;n=f.fbq=function()\n\t\t{n.callMethod? n.callMethod.apply(n,arguments):n.queue.push(arguments)}\n\t\t;if(!f._fbq)f._fbq=n;\n\t\tn.push=n;n.loaded=!0;n.version='2.0';n.queue=[];t=b.createElement(e);t.async=!0;\n\t\tt.src=v;s=b.getElementsByTagName(e)[0];s.parentNode.insertBefore(t,s)}(window,\n\t\tdocument,'script','https:\/\/connect.facebook.net\/en_US\/fbevents.js');\n\t\tfbq('consent', consent);\n\t\tfbq('init', '813236348753005');\n\t\tfbq('track', \"PageView\");\n\t<\/script><br \/>\n<br \/><br \/>\n<br \/><a href=\"https:\/\/www.boston.com\/news\/transportation\/2024\/11\/25\/mbta-red-line-free-of-slow-zones-first-time-at-least-20-years\/\">Source link <\/a><\/p>","protected":false},"excerpt":{"rendered":"<p>Transporte A MBTA dever\u00e1 eliminar as duas \u00faltimas restri\u00e7\u00f5es de velocidade, ambas na Linha Verde, em dezembro. Phil Eng, gerente geral da MBTA, na esta\u00e7\u00e3o Alewife Red Line em Cambridge.&hellip;<\/p>","protected":false},"author":1,"featured_media":65769,"comment_status":"closed","ping_status":"open","sticky":false,"template":"","format":"standard","meta":{"content-type":"","footnotes":""},"categories":[1],"tags":[],"class_list":["post-65768","post","type-post","status-publish","format-standard","has-post-thumbnail","hentry","category-uncategorized"],"_links":{"self":[{"href":"https:\/\/tvbrazilusa.com\/pt\/wp-json\/wp\/v2\/posts\/65768","targetHints":{"allow":["GET"]}}],"collection":[{"href":"https:\/\/tvbrazilusa.com\/pt\/wp-json\/wp\/v2\/posts"}],"about":[{"href":"https:\/\/tvbrazilusa.com\/pt\/wp-json\/wp\/v2\/types\/post"}],"author":[{"embeddable":true,"href":"https:\/\/tvbrazilusa.com\/pt\/wp-json\/wp\/v2\/users\/1"}],"replies":[{"embeddable":true,"href":"https:\/\/tvbrazilusa.com\/pt\/wp-json\/wp\/v2\/comments?post=65768"}],"version-history":[{"count":1,"href":"https:\/\/tvbrazilusa.com\/pt\/wp-json\/wp\/v2\/posts\/65768\/revisions"}],"predecessor-version":[{"id":65770,"href":"https:\/\/tvbrazilusa.com\/pt\/wp-json\/wp\/v2\/posts\/65768\/revisions\/65770"}],"wp:featuredmedia":[{"embeddable":true,"href":"https:\/\/tvbrazilusa.com\/pt\/wp-json\/wp\/v2\/media\/65769"}],"wp:attachment":[{"href":"https:\/\/tvbrazilusa.com\/pt\/wp-json\/wp\/v2\/media?parent=65768"}],"wp:term":[{"taxonomy":"category","embeddable":true,"href":"https:\/\/tvbrazilusa.com\/pt\/wp-json\/wp\/v2\/categories?post=65768"},{"taxonomy":"post_tag","embeddable":true,"href":"https:\/\/tvbrazilusa.com\/pt\/wp-json\/wp\/v2\/tags?post=65768"}],"curies":[{"name":"wp","href":"https:\/\/api.w.org\/{rel}","templated":true}]}}