{"id":65776,"date":"2024-11-25T21:29:26","date_gmt":"2024-11-25T21:29:26","guid":{"rendered":"https:\/\/tvbrazilusa.com\/2024\/11\/25\/cerco-da-venezuela-a-embaixada-argentina-em-caracas-nao-e-discutido-por-lula-e-milei\/"},"modified":"2024-11-25T21:29:27","modified_gmt":"2024-11-25T21:29:27","slug":"cerco-da-venezuela-a-embaixada-argentina-em-caracas-nao-e-discutido-por-lula-e-milei","status":"publish","type":"post","link":"https:\/\/tvbrazilusa.com\/pt\/2024\/11\/25\/cerco-da-venezuela-a-embaixada-argentina-em-caracas-nao-e-discutido-por-lula-e-milei\/","title":{"rendered":"Cerco da Venezuela \u00e0 embaixada argentina em Caracas n\u00e3o \u00e9 discutido por Lula e Milei"},"content":{"rendered":"<p> <script async src=\"https:\/\/pagead2.googlesyndication.com\/pagead\/js\/adsbygoogle.js?client=ca-pub-8864793242727901\"\r\n     crossorigin=\"anonymous\"><\/script><br \/>\n<\/p>\n<div id=\"taboola-read-more\" style=\"display:block; width:100%\">\n<p>Desde que os diplomatas argentinos foram expulsos, h\u00e1 quatro meses, a Embaixada da Argentina em Caracas, na Venezuela, est\u00e1 sob a responsabilidade do Brasil. O local abriga seis asilados pol\u00edticos, associados \u00e0 l\u00edder da coaliz\u00e3o opositora ao regime ditatorial de Nicol\u00e1s Maduro, Mar\u00eda Corina Machado.\n<\/p>\n<p>No \u00faltimo s\u00e1bado, agentes do regime de Nicol\u00e1s Maduro cercaram novamente a embaixada, o que aumentou a tens\u00e3o. Os asilados denunciaram a interrup\u00e7\u00e3o da energia el\u00e9trica, ao passo que relatos sugerem que um gerador manteve o fornecimento interno.<\/p>\n<p>Mesmo com o Brasil \u00e0 frente dos interesses argentinos em Caracas, ambos os pa\u00edses n\u00e3o discutem a situa\u00e7\u00e3o. N\u00e3o houve sequer tentativas de contato formal entre Bras\u00edlia e Buenos Aires, num cen\u00e1rio em que Luiz In\u00e1cio Lula da Silva e Javier Milei se colocam em lugares antag\u00f4nicos.\n<\/p>\n<p><strong>Mudan\u00e7as na chancelaria argentina<\/strong>\n<\/p>\n<p>A chancelaria argentina passou por mudan\u00e7as, com a sa\u00edda de Diana Mondino e a entrada de Gerardo Werthein. Werthein, ex-embaixador nos EUA, sinalizou a inten\u00e7\u00e3o de manter rela\u00e7\u00f5es comerciais com o Brasil, apesar das recentes tens\u00f5es diplom\u00e1ticas.\n<\/p>\n<p>Em um comunicado, a diplomacia argentina criticou os atos \u201chostis e de intimida\u00e7\u00e3o contra as pessoas asiladas na embaixada\u201d e expressou gratid\u00e3o ao governo brasileiro por sua representa\u00e7\u00e3o.\n<\/p>\n<p>Entretanto, Bras\u00edlia n\u00e3o se manifestou publicamente sobre o caso. As negocia\u00e7\u00f5es entre os pa\u00edses ocorrem discretamente, com um funcion\u00e1rio brasileiro como ponto de contato com os asilados. Ele trabalha para garantir necessidades b\u00e1sicas, como alimenta\u00e7\u00e3o.\n<\/p>\n<p><strong>Impasses na Venezuela<\/strong>\n<\/p>\n<p>O Brasil discorda das a\u00e7\u00f5es dos asilados, que continuam a atuar na campanha pol\u00edtica de Mar\u00eda Corina Machado, em suposta viola\u00e7\u00e3o \u00e0 Conven\u00e7\u00e3o sobre Asilo Diplom\u00e1tico.\n<\/p>\n<p>Apesar disso, o Brasil ofereceu o envio de uma aeronave para retirar os asilados da Venezuela. O regime de Maduro trabalha para impedir a sa\u00edda deles do pa\u00eds, em outra poss\u00edvel viola\u00e7\u00e3o da conven\u00e7\u00e3o internacional.\n<\/p>\n<p>Depois do an\u00fancio de uma nova investiga\u00e7\u00e3o contra Mar\u00eda Corina Machado, acusada de trai\u00e7\u00e3o \u00e0 p\u00e1tria e conspira\u00e7\u00e3o, a l\u00edder da oposi\u00e7\u00e3o convocou manifesta\u00e7\u00f5es para o dia 1\u00ba de dezembro.\n<\/p>\n<p>Embora os protestos em Caracas tenham diminu\u00eddo em compara\u00e7\u00e3o a julho, nas elei\u00e7\u00f5es, a repress\u00e3o permanece intensa. A rela\u00e7\u00e3o entre Brasil e Venezuela tem se deteriorado, depois de cr\u00edticas do regime de Maduro a institui\u00e7\u00f5es e figuras brasileiras, como o Minist\u00e9rio das Rela\u00e7\u00f5es Exteriores e Celso Amorim. Ele \u00e9 assessor do governo brasileiro.\n<\/p>\n<p>Fonte: Revista Oeste              <\/p>\n<\/div>\n<p><br \/>\n<br \/><a href=\"https:\/\/diariodobrasilnoticias.com.br\/noticia\/cerco-da-venezuela-a-embaixada-argentina-em-caracas-nao-e-discutido-por-lula-e-milei-6744cd9bd032b\">Source link <\/a><\/p>","protected":false},"excerpt":{"rendered":"<p>Desde que os diplomatas argentinos foram expulsos, h\u00e1 quatro meses, a Embaixada da Argentina em Caracas, na Venezuela, est\u00e1 sob a responsabilidade do Brasil. O local abriga seis asilados pol\u00edticos,&hellip;<\/p>","protected":false},"author":1,"featured_media":65777,"comment_status":"closed","ping_status":"open","sticky":false,"template":"","format":"standard","meta":{"content-type":"","footnotes":""},"categories":[16],"tags":[123,2448,5313,1267],"class_list":["post-65776","post","type-post","status-publish","format-standard","has-post-thumbnail","hentry","category-noticias","tag-brasil","tag-diario","tag-noticia","tag-noticias"],"_links":{"self":[{"href":"https:\/\/tvbrazilusa.com\/pt\/wp-json\/wp\/v2\/posts\/65776","targetHints":{"allow":["GET"]}}],"collection":[{"href":"https:\/\/tvbrazilusa.com\/pt\/wp-json\/wp\/v2\/posts"}],"about":[{"href":"https:\/\/tvbrazilusa.com\/pt\/wp-json\/wp\/v2\/types\/post"}],"author":[{"embeddable":true,"href":"https:\/\/tvbrazilusa.com\/pt\/wp-json\/wp\/v2\/users\/1"}],"replies":[{"embeddable":true,"href":"https:\/\/tvbrazilusa.com\/pt\/wp-json\/wp\/v2\/comments?post=65776"}],"version-history":[{"count":1,"href":"https:\/\/tvbrazilusa.com\/pt\/wp-json\/wp\/v2\/posts\/65776\/revisions"}],"predecessor-version":[{"id":65778,"href":"https:\/\/tvbrazilusa.com\/pt\/wp-json\/wp\/v2\/posts\/65776\/revisions\/65778"}],"wp:featuredmedia":[{"embeddable":true,"href":"https:\/\/tvbrazilusa.com\/pt\/wp-json\/wp\/v2\/media\/65777"}],"wp:attachment":[{"href":"https:\/\/tvbrazilusa.com\/pt\/wp-json\/wp\/v2\/media?parent=65776"}],"wp:term":[{"taxonomy":"category","embeddable":true,"href":"https:\/\/tvbrazilusa.com\/pt\/wp-json\/wp\/v2\/categories?post=65776"},{"taxonomy":"post_tag","embeddable":true,"href":"https:\/\/tvbrazilusa.com\/pt\/wp-json\/wp\/v2\/tags?post=65776"}],"curies":[{"name":"wp","href":"https:\/\/api.w.org\/{rel}","templated":true}]}}