{"id":65810,"date":"2024-11-25T21:54:55","date_gmt":"2024-11-25T21:54:55","guid":{"rendered":"https:\/\/tvbrazilusa.com\/2024\/11\/25\/ele-deveria-ter-coragem-moral-para-admitir-que-nao-quer-mais-disse-o-coronel-sobre-bolsonaro\/"},"modified":"2024-11-25T21:54:56","modified_gmt":"2024-11-25T21:54:56","slug":"ele-deveria-ter-coragem-moral-para-admitir-que-nao-quer-mais-disse-o-coronel-sobre-bolsonaro","status":"publish","type":"post","link":"https:\/\/tvbrazilusa.com\/pt\/2024\/11\/25\/ele-deveria-ter-coragem-moral-para-admitir-que-nao-quer-mais-disse-o-coronel-sobre-bolsonaro\/","title":{"rendered":"Ele deveria ter &#8216;coragem moral&#8217; para admitir que n\u00e3o quer mais, disse o coronel sobre Bolsonaro"},"content":{"rendered":"<p> <script async src=\"https:\/\/pagead2.googlesyndication.com\/pagead\/js\/adsbygoogle.js?client=ca-pub-8864793242727901\"\r\n     crossorigin=\"anonymous\"><\/script><br \/>\n<\/p>\n<div id=\"taboola-read-more\" style=\"display:block; width:100%\">\n<p>O coronel Reginaldo Vieira de Abreu, que atuou como chefe de gabinete do general da reserva Mario Fernandes na Secretaria-Geral da Presid\u00eancia da Rep\u00fablica, se mostrou frustrado, em \u00e1udio obtido pela CNN \u2014 no \u00e2mbito da investiga\u00e7\u00e3o da Pol\u00edcia Federal (PF) que mira a organiza\u00e7\u00e3o e o planejamento de um golpe e Estado \u2014 com fato de o ex-presidente Jair Bolsonaro (PL) n\u00e3o tomar uma decis\u00e3o sobre a efetua\u00e7\u00e3o do plano. A conclus\u00e3o consta no relat\u00f3rio divulgado pela PF na \u00faltima semana.\n<\/p>\n<p>Na troca de mensagens com Fernandes, Reginaldo, tamb\u00e9m conhecido como \u201cVelame\u201d, diz que o ex-presidente, sem cit\u00e1-lo diretamente, teria que ter \u201ccoragem moral\u201d para dizer que desistiu da a\u00e7\u00e3o.<\/p>\n<p>\u201cEle que tenha coragem moral, pelo menos at\u00e9 quinta-feira, falar que n\u00e3o quer mais, n\u00e9? Pessoal, pelo menos passar o Natal em casa\u201d, afirma num \u00e1udio encaminhado no dia 19 de dezembro de 2022.\n<\/p>\n<p>No trecho anterior da mensagem, Velame tamb\u00e9m cita que pediu para \u201co pessoal\u201d ir at\u00e9 a casa do ent\u00e3o presidente, mas que ele \u201cnem apareceu\u201d.\n<\/p>\n<p>\u201cP\u00f4, eu pedi pro pessoal ir l\u00e1 pra casa do presidente, lotaram, ficaram tr\u00eas horas l\u00e1, ele nem apareceu. Deve t\u00e1 com vergonha, n\u00e9?\u201d, diz no \u00e1udio.\n<\/p>\n<p>De acordo com a investiga\u00e7\u00e3o da Pol\u00edcia Federal, a conversa, datada do final do m\u00eas de dezembro de 2022, ocorreu num momento em que ambos estavam frustrados com as For\u00e7as Armadas, \u201cque estariam aguardando uma decis\u00e3o pol\u00edtica para atuar\u201d.\n<\/p>\n<p>O general da reserva Mario Fernandes foi preso na \u00faltima ter\u00e7a-feira (19), no \u00e2mbito da opera\u00e7\u00e3o Contragolpe. Segundo as investiga\u00e7\u00f5es, ele teria dado apoio material e financeiro, al\u00e9m de ser o respons\u00e1vel por orientar os participantes das manifesta\u00e7\u00f5es antidemocr\u00e1ticas em frente ao Quartel-General (QG) do Ex\u00e9rcito, em Bras\u00edlia.\n<\/p>\n<p>De acordo com a PF, ele seria o \u201cponto focal do governo de Jair Bolsonaro com os manifestantes golpistas\u201d.\n<\/p>\n<p>Os investigadores tamb\u00e9m atribuem a Fernandes a cria\u00e7\u00e3o de um arquivo com o planejamento de \u201copera\u00e7\u00f5es clandestinas\u201d e a execu\u00e7\u00e3o do presidente Luiz In\u00e1cio Lula da Silva (PT), do vice-presidente Geraldo Alckmin (PSB) e do ministro Alexandre de Moraes, do Supremo Tribunal Federal (STF).\n<\/p>\n<p>Na quinta-feira (21), a Pol\u00edcia Federal indiciou 37 pessoas no inqu\u00e9rito que apura a tentativa de golpe de Estado no pa\u00eds ap\u00f3s a elei\u00e7\u00e3o de Lula em 2022. Tanto Jair Bolsonaro, quanto Mario Fernandes est\u00e3o entre os indiciados.\n<\/p>\n<p>Fonte: CNN Brasil              <\/p>\n<\/div>\n<p><br \/>\n<br \/><a href=\"https:\/\/diariodobrasilnoticias.com.br\/noticia\/ele-deveria-ter-coragem-moral-para-admitir-que-nao-quer-mais-disse-o-coronel-sobre-bolsonaro-6744ce20bd742\">Source link <\/a><\/p>","protected":false},"excerpt":{"rendered":"<p>O coronel Reginaldo Vieira de Abreu, que atuou como chefe de gabinete do general da reserva Mario Fernandes na Secretaria-Geral da Presid\u00eancia da Rep\u00fablica, se mostrou frustrado, em \u00e1udio obtido&hellip;<\/p>","protected":false},"author":1,"featured_media":65811,"comment_status":"closed","ping_status":"open","sticky":false,"template":"","format":"standard","meta":{"content-type":"","footnotes":""},"categories":[16],"tags":[123,2448,5313,1267],"class_list":["post-65810","post","type-post","status-publish","format-standard","has-post-thumbnail","hentry","category-noticias","tag-brasil","tag-diario","tag-noticia","tag-noticias"],"_links":{"self":[{"href":"https:\/\/tvbrazilusa.com\/pt\/wp-json\/wp\/v2\/posts\/65810","targetHints":{"allow":["GET"]}}],"collection":[{"href":"https:\/\/tvbrazilusa.com\/pt\/wp-json\/wp\/v2\/posts"}],"about":[{"href":"https:\/\/tvbrazilusa.com\/pt\/wp-json\/wp\/v2\/types\/post"}],"author":[{"embeddable":true,"href":"https:\/\/tvbrazilusa.com\/pt\/wp-json\/wp\/v2\/users\/1"}],"replies":[{"embeddable":true,"href":"https:\/\/tvbrazilusa.com\/pt\/wp-json\/wp\/v2\/comments?post=65810"}],"version-history":[{"count":1,"href":"https:\/\/tvbrazilusa.com\/pt\/wp-json\/wp\/v2\/posts\/65810\/revisions"}],"predecessor-version":[{"id":65812,"href":"https:\/\/tvbrazilusa.com\/pt\/wp-json\/wp\/v2\/posts\/65810\/revisions\/65812"}],"wp:featuredmedia":[{"embeddable":true,"href":"https:\/\/tvbrazilusa.com\/pt\/wp-json\/wp\/v2\/media\/65811"}],"wp:attachment":[{"href":"https:\/\/tvbrazilusa.com\/pt\/wp-json\/wp\/v2\/media?parent=65810"}],"wp:term":[{"taxonomy":"category","embeddable":true,"href":"https:\/\/tvbrazilusa.com\/pt\/wp-json\/wp\/v2\/categories?post=65810"},{"taxonomy":"post_tag","embeddable":true,"href":"https:\/\/tvbrazilusa.com\/pt\/wp-json\/wp\/v2\/tags?post=65810"}],"curies":[{"name":"wp","href":"https:\/\/api.w.org\/{rel}","templated":true}]}}