{"id":65850,"date":"2024-11-25T22:46:29","date_gmt":"2024-11-25T22:46:29","guid":{"rendered":"https:\/\/tvbrazilusa.com\/2024\/11\/25\/ceo-da-904ward-anuncia-sua-saida-jacksonville-hoje\/"},"modified":"2024-11-25T22:54:17","modified_gmt":"2024-11-25T22:54:17","slug":"ceo-da-904ward-anuncia-sua-saida-jacksonville-hoje","status":"publish","type":"post","link":"https:\/\/tvbrazilusa.com\/pt\/2024\/11\/25\/ceo-da-904ward-anuncia-sua-saida-jacksonville-hoje\/","title":{"rendered":"CEO da 904Ward anuncia sua sa\u00edda | Jacksonville hoje"},"content":{"rendered":"<p> <script async src=\"https:\/\/pagead2.googlesyndication.com\/pagead\/js\/adsbygoogle.js?client=ca-pub-8864793242727901\"\r\n     crossorigin=\"anonymous\"><\/script><br \/>\n<\/p>\n<div>\n<p>Kimberly Allen deixar\u00e1 o cargo de CEO inaugural da 904Ward, uma organiza\u00e7\u00e3o sem fins lucrativos de igualdade racial que ela lidera desde 2020.<\/p>\n<p>Em um comunicado compartilhado com os doadores na manh\u00e3 de segunda-feira, ela disse que sua fam\u00edlia se mudar\u00e1 para Houston em busca de outra oportunidade.<\/p>\n<p>Allen espera permanecer em Jacksonville, liderando a organiza\u00e7\u00e3o at\u00e9 junho.<\/p>\n<p>Durante seu mandato na 904Ward, a organiza\u00e7\u00e3o produziu pesquisas que detalham o impacto que a ra\u00e7a desempenha na educa\u00e7\u00e3o, sa\u00fade, habita\u00e7\u00e3o e resultados jur\u00eddicos em Jacksonville; estimulou o di\u00e1logo comunit\u00e1rio sobre ra\u00e7a de uma forma acess\u00edvel e n\u00e3o amea\u00e7adora; patrocinado <a href=\"https:\/\/jaxtoday.org\/2023\/02\/16\/little-free-diverse-library-finds-a-home-during-book-debate\/\">Pequenas bibliotecas gratuitas e diversas<\/a> em resposta \u00e0s remo\u00e7\u00f5es de livros das escolas p\u00fablicas; e fez parceria com a Equal Justice Initiative para lembrar as v\u00edtimas do terror racial no condado de Duval.<\/p>\n<figure class=\"wp-block-embed is-type-video is-provider-youtube wp-block-embed-youtube wp-embed-aspect-16-9 wp-has-aspect-ratio\">\n<div class=\"wp-block-embed__wrapper\">\n<p><iframe title=\"First Coast Connect:904ward Curriculum\" width=\"1170\" height=\"658\" src=\"https:\/\/www.youtube.com\/embed\/UWF9PXhuais?feature=oembed\" frameborder=\"0\" allow=\"accelerometer; autoplay; clipboard-write; encrypted-media; gyroscope; picture-in-picture; web-share\" referrerpolicy=\"strict-origin-when-cross-origin\" allowfullscreen><\/iframe><\/p>\n<\/div>\n<\/figure>\n<p>\u201cComo conselho, estamos extremamente tristes em ver Kim e sua fam\u00edlia partirem\u201d, disse a presidente do conselho do 904Ward, Maira Martelo, em um comunicado. \u201cEla fez muito para ajudar as pessoas em nossa comunidade a se verem de maneiras que de outra forma n\u00e3o teriam acontecido. Como CEO inaugural, o seu impacto \u00e9 longo e profundo. Ela e sua equipe da Ala 904 plantaram sementes para que aqueles de n\u00f3s que permanecem aqui, e comprometidos com este trabalho, possam regar e podar \u00e0 medida que crescem.\u201d<\/p>\n<p>Allen morou em Jacksonville durante a maior parte de sua vida. Ela se formou no Stanton College Prep e ocupou cargos de pesquisa no Jacksonville Public Education Fund e no Florida Blue antes de se tornar CEO em tempo integral da 904Ward em 2020.<\/p>\n<p>\u201cNada do que realizamos nesta organiza\u00e7\u00e3o foi sem o amor e a generosidade que voc\u00eas demonstraram\u201d, disse Allen em uma mensagem de agradecimento aos doadores. \u201cNossos doadores t\u00eam sido uma for\u00e7a incr\u00edvel para come\u00e7armos, para mim como CEO \u2013 depois de anos fazendo este trabalho. Agora, florescemos de maneiras surpreendentes como resultado de suas doa\u00e7\u00f5es.\u201d<\/p>\n<p>Allen diz que a cria\u00e7\u00e3o do 904Ward em 2015 foi uma prova do compromisso e desejo de mudan\u00e7a de Jacksonville. O facto de a organiza\u00e7\u00e3o ainda ser necess\u00e1ria \u00e0 medida que se aproxima do seu 10\u00ba anivers\u00e1rio significa, diz Allen, que o racismo n\u00e3o foi erradicado.<\/p>\n<p>Ela diz que o local de dezenas de volunt\u00e1rios vestindo camisetas laranja e trabalhando para lembrar os veteranos da Primeira Guerra Mundial Bowman Cook e John Morine <a href=\"https:\/\/news.wjct.org\/first-coast\/2021-10-15\/marker-will-commemorate-1919-lynchings\" rel=\"nofollow noopener\" target=\"_blank\">com um marco hist\u00f3rico em 2021<\/a> foi um momento em que ela soube que havia Jaxsons dedicados \u00e0 igualdade racial.<\/p>\n<p>O trabalho de 904Ward foi defendido pela prefeita de Jacksonville, Donna Deegan. Quando a organiza\u00e7\u00e3o inaugurou uma biblioteca em fevereiro de 2023, Deegan sorriu enquanto Allen estava do lado de fora da Yellow House Art Gallery em Riverside e capturou o momento em seu celular.<\/p>\n<div class=\"wp-block-image\">\n<figure class=\"aligncenter size-large\"><figcaption class=\"wp-element-caption\">Donna Deegan captura um v\u00eddeo da CEO da 904Ward, Kimberly Allen, durante a inaugura\u00e7\u00e3o da Little Free Diverse Library em Riverside em 15 de fevereiro de 2023. 904Ward e Yellow House Art se comprometeram a produzir 20 bibliotecas semelhantes e coloc\u00e1-las em Jacksonville. | Will Brown, Jacksonville hoje<\/figcaption><\/figure>\n<\/div>\n<p>Como prefeito, Deegan desafiou Jacksonville a se esfor\u00e7ar para criar uma sociedade onde a diversidade seja celebrada e cada indiv\u00edduo sinta que pertence. Ela lan\u00e7ou esse desafio em um <a href=\"https:\/\/jaxtoday.org\/2024\/08\/25\/soil-collection-ceremony-marks-1-year-anniversary-of-dollar-general-shooting\/\">cerim\u00f4nia de coleta de solo<\/a> que o 904Ward organizou junto com a Equal Justice Coalition para lembrar as v\u00edtimas do tiroteio no Dollar General em Grand Park.<\/p>\n<p>\u201cDevemos expandir o trabalho que aproveita a diversidade da nossa cidade e n\u00e3o prejudicar as pessoas e os programas que a alimentam\u201d, disse Deegan na altura.<\/p>\n<p>Allen, por meio de seus esfor\u00e7os na 904Ward, sempre esteve na vanguarda desse trabalho.<\/p>\n<p>\u201cN\u00e3o h\u00e1 substituto para conhecer pessoas.\u201d Allen disse <em>Jacksonville hoje<\/em>. \u201cN\u00e3o h\u00e1 nada que destrua barreiras como construir relacionamentos com pessoas que t\u00eam a capacidade de decidir nossos estere\u00f3tipos e as coisas em que confiamos para fazer suposi\u00e7\u00f5es sobre as pessoas com quem nos relacionamos. Todos n\u00f3s fizemos isso. \u201c<\/p>\n<p>\u201cA \u00fanica coisa que parece verdadeira, e eu mantenho isso\u2026 estamos programados para fazer pensamentos e suposi\u00e7\u00f5es para que possamos agir, agir e tomar decis\u00f5es muito rapidamente. E, \u00e0s vezes, essas suposi\u00e7\u00f5es, esses julgamentos e esses preconceitos falham porque nos levam a colocar as pessoas numa caixa sem conhec\u00ea-las.\u201d<\/p>\n<\/div>\n<p><br \/>\n<br \/><a href=\"https:\/\/jaxtoday.org\/2024\/11\/25\/904ward-ceo-departure\/\">Source link <\/a><\/p>","protected":false},"excerpt":{"rendered":"<p>Kimberly Allen deixar\u00e1 o cargo de CEO inaugural da 904Ward, uma organiza\u00e7\u00e3o sem fins lucrativos de igualdade racial que ela lidera desde 2020. Em um comunicado compartilhado com os doadores&hellip;<\/p>","protected":false},"author":1,"featured_media":65851,"comment_status":"closed","ping_status":"open","sticky":false,"template":"","format":"standard","meta":{"content-type":"","footnotes":""},"categories":[1],"tags":[],"class_list":["post-65850","post","type-post","status-publish","format-standard","has-post-thumbnail","hentry","category-uncategorized"],"_links":{"self":[{"href":"https:\/\/tvbrazilusa.com\/pt\/wp-json\/wp\/v2\/posts\/65850","targetHints":{"allow":["GET"]}}],"collection":[{"href":"https:\/\/tvbrazilusa.com\/pt\/wp-json\/wp\/v2\/posts"}],"about":[{"href":"https:\/\/tvbrazilusa.com\/pt\/wp-json\/wp\/v2\/types\/post"}],"author":[{"embeddable":true,"href":"https:\/\/tvbrazilusa.com\/pt\/wp-json\/wp\/v2\/users\/1"}],"replies":[{"embeddable":true,"href":"https:\/\/tvbrazilusa.com\/pt\/wp-json\/wp\/v2\/comments?post=65850"}],"version-history":[{"count":1,"href":"https:\/\/tvbrazilusa.com\/pt\/wp-json\/wp\/v2\/posts\/65850\/revisions"}],"predecessor-version":[{"id":65852,"href":"https:\/\/tvbrazilusa.com\/pt\/wp-json\/wp\/v2\/posts\/65850\/revisions\/65852"}],"wp:featuredmedia":[{"embeddable":true,"href":"https:\/\/tvbrazilusa.com\/pt\/wp-json\/wp\/v2\/media\/65851"}],"wp:attachment":[{"href":"https:\/\/tvbrazilusa.com\/pt\/wp-json\/wp\/v2\/media?parent=65850"}],"wp:term":[{"taxonomy":"category","embeddable":true,"href":"https:\/\/tvbrazilusa.com\/pt\/wp-json\/wp\/v2\/categories?post=65850"},{"taxonomy":"post_tag","embeddable":true,"href":"https:\/\/tvbrazilusa.com\/pt\/wp-json\/wp\/v2\/tags?post=65850"}],"curies":[{"name":"wp","href":"https:\/\/api.w.org\/{rel}","templated":true}]}}