{"id":65863,"date":"2024-11-25T23:16:03","date_gmt":"2024-11-25T23:16:03","guid":{"rendered":"https:\/\/tvbrazilusa.com\/2024\/11\/25\/homem-e-preso-apos-matar-esposa-e-filha-pequena-a-facadas\/"},"modified":"2024-11-25T23:16:04","modified_gmt":"2024-11-25T23:16:04","slug":"homem-e-preso-apos-matar-esposa-e-filha-pequena-a-facadas","status":"publish","type":"post","link":"https:\/\/tvbrazilusa.com\/pt\/2024\/11\/25\/homem-e-preso-apos-matar-esposa-e-filha-pequena-a-facadas\/","title":{"rendered":"Homem \u00e9 preso ap\u00f3s matar esposa e filha pequena a facadas"},"content":{"rendered":"<p> <script async src=\"https:\/\/pagead2.googlesyndication.com\/pagead\/js\/adsbygoogle.js?client=ca-pub-8864793242727901\"\r\n     crossorigin=\"anonymous\"><\/script><br \/>\n<\/p>\n<div id=\"taboola-read-more\" style=\"display:block; width:100%\">\n<p>Um homem de 40 anos foi preso em flagrante ap\u00f3s matar a esposa, de 36, e a filha, de 5, com facadas, em Boituva, no interior de S\u00e3o Paulo, na manh\u00e3 desta segunda-feira (25\/11).\n<\/p>\n<p>De acordo com a Secretaria da Seguran\u00e7a P\u00fablica (SSP), a Pol\u00edcia Militar foi acionada para atender a ocorr\u00eancia. No local, os agentes constataram que o suspeito havia dado golpes de faca contra a companheira e a filha pequena do casal.<\/p>\n<p>As v\u00edtimas foram socorridas, mas n\u00e3o resistiram aos ferimentos, informou a pasta.\n<\/p>\n<p>Ap\u00f3s o ataque, o homem tentou fugir, mas foi localizado e detido por agentes da Guarda Civil Municipal em uma \u00e1rea afastada da cidade.\n<\/p>\n<p>O suspeito foi conduzido \u00e0 Delegacia de Boituva, onde foi preso em flagrante. O caso foi registrado como feminic\u00eddio e segue sob investiga\u00e7\u00e3o.\n<\/p>\n<p>De acordo com a SSP, a v\u00edtima n\u00e3o tinha medida protetiva.\n<\/p>\n<p>Fonte: Metr\u00f3poles              <\/p>\n<\/div>\n<p><br \/>\n<br \/><a href=\"https:\/\/diariodobrasilnoticias.com.br\/noticia\/homem-e-preso-apos-matar-esposa-e-filha-pequena-a-facadas-6744e3ed685f3\">Source link <\/a><\/p>","protected":false},"excerpt":{"rendered":"<p>Um homem de 40 anos foi preso em flagrante ap\u00f3s matar a esposa, de 36, e a filha, de 5, com facadas, em Boituva, no interior de S\u00e3o Paulo, na&hellip;<\/p>","protected":false},"author":1,"featured_media":65864,"comment_status":"closed","ping_status":"open","sticky":false,"template":"","format":"standard","meta":{"content-type":"","footnotes":""},"categories":[16],"tags":[123,2448,5313,1267],"class_list":["post-65863","post","type-post","status-publish","format-standard","has-post-thumbnail","hentry","category-noticias","tag-brasil","tag-diario","tag-noticia","tag-noticias"],"_links":{"self":[{"href":"https:\/\/tvbrazilusa.com\/pt\/wp-json\/wp\/v2\/posts\/65863","targetHints":{"allow":["GET"]}}],"collection":[{"href":"https:\/\/tvbrazilusa.com\/pt\/wp-json\/wp\/v2\/posts"}],"about":[{"href":"https:\/\/tvbrazilusa.com\/pt\/wp-json\/wp\/v2\/types\/post"}],"author":[{"embeddable":true,"href":"https:\/\/tvbrazilusa.com\/pt\/wp-json\/wp\/v2\/users\/1"}],"replies":[{"embeddable":true,"href":"https:\/\/tvbrazilusa.com\/pt\/wp-json\/wp\/v2\/comments?post=65863"}],"version-history":[{"count":1,"href":"https:\/\/tvbrazilusa.com\/pt\/wp-json\/wp\/v2\/posts\/65863\/revisions"}],"predecessor-version":[{"id":65865,"href":"https:\/\/tvbrazilusa.com\/pt\/wp-json\/wp\/v2\/posts\/65863\/revisions\/65865"}],"wp:featuredmedia":[{"embeddable":true,"href":"https:\/\/tvbrazilusa.com\/pt\/wp-json\/wp\/v2\/media\/65864"}],"wp:attachment":[{"href":"https:\/\/tvbrazilusa.com\/pt\/wp-json\/wp\/v2\/media?parent=65863"}],"wp:term":[{"taxonomy":"category","embeddable":true,"href":"https:\/\/tvbrazilusa.com\/pt\/wp-json\/wp\/v2\/categories?post=65863"},{"taxonomy":"post_tag","embeddable":true,"href":"https:\/\/tvbrazilusa.com\/pt\/wp-json\/wp\/v2\/tags?post=65863"}],"curies":[{"name":"wp","href":"https:\/\/api.w.org\/{rel}","templated":true}]}}