{"id":65876,"date":"2024-11-25T23:32:00","date_gmt":"2024-11-25T23:32:00","guid":{"rendered":"https:\/\/tvbrazilusa.com\/2024\/11\/25\/boa-viagem-nj-nos-vemos-no-rodoanel-cartas\/"},"modified":"2024-11-25T23:39:52","modified_gmt":"2024-11-25T23:39:52","slug":"boa-viagem-nj-nos-vemos-no-rodoanel-cartas","status":"publish","type":"post","link":"https:\/\/tvbrazilusa.com\/pt\/2024\/11\/25\/boa-viagem-nj-nos-vemos-no-rodoanel-cartas\/","title":{"rendered":"Boa viagem, NJ! Nos vemos no Rodoanel | Cartas"},"content":{"rendered":"<script async src=\"https:\/\/pagead2.googlesyndication.com\/pagead\/js\/adsbygoogle.js?client=ca-pub-8864793242727901\"\r\n     crossorigin=\"anonymous\"><\/script>\n<div>\n<p class=\"article__paragraph article__paragraph--left\" id=\"CUFHYWQCIFBDPKIMQ2VJDHN5QY\">Decidi voltar para Maryland e isso n\u00e3o pode acontecer logo! Nova Jersey se transformou em uma piada superlotada, raivosa e cara demais e n\u00e3o posso mais morar aqui.<\/p>\n<p class=\"article__paragraph article__paragraph--left\" id=\"BHBRN36DRVCFXNZ6UKN5WPVIXE\">Quando eu cresci em <a href=\"https:\/\/en.wikipedia.org\/wiki\/Iselin,_New_Jersey\" target=\"_blank\">Se\u00e7\u00e3o Iselin de Woodbridge Township,<\/a> foi incr\u00edvel. As pessoas eram amig\u00e1veis. O ensino m\u00e9dio foi incr\u00edvel. Trabalhamos em carros. Fomos \u00e0 praia, sa\u00edmos e jogamos basquete.<\/p>\n<p class=\"article__paragraph article__paragraph--left\" id=\"OD6N4LEKL5HVHN3MHGEEPXI2SU\">Agora? As estradas est\u00e3o lotadas e ningu\u00e9m sabe dirigir. Os impostos s\u00e3o rid\u00edculos e tenho um penhor sobre minha casa. As pessoas s\u00e3o hostis. As estradas s\u00e3o ruins.<a href=\"https:\/\/www.nj.com\/data\/2022\/01\/the-true-cost-of-policing.html\" target=\"_blank\"> A pol\u00edcia \u00e9 muito bem paga<\/a>. Terminei!<\/p>\n<p class=\"article__paragraph article__paragraph--left\" id=\"ZTOWR75XYVHZ3FYYG3LI55FOFQ\">Quando a COVID-19 surgiu, o Departamento do Trabalho do estado ignorou os trabalhadores dos benef\u00edcios de desemprego por causa de <a href=\"https:\/\/www.nj.com\/coronavirus\/2020\/05\/nj-failed-to-fix-unemployment-system-for-19-years-records-show-now-murphy-pleads-patience.html\" target=\"_blank\">computadores desatualizados<\/a> que tinham 30 anos.<a href=\"https:\/\/www.nj.com\/news\/2024\/02\/circles-of-hell-unemployment-owes-him-17k-where-is-the-money.html\" target=\"_blank\"> Eu usei todas as minhas economias.<\/a> Ent\u00e3o, tive que entrar com um recurso e fiquei meses sem receber meus pagamentos.<\/p>\n<p class=\"article__paragraph article__paragraph--left\" id=\"ZMALMAWKY5HLZDX3V34CHMWGAA\">Quando apresentei meu pedido de benef\u00edcio ANCHOR 2020 (para redu\u00e7\u00e3o do imposto sobre a propriedade), o estado perdeu minhas informa\u00e7\u00f5es, talvez porque a casa estava com um novo nome.<\/p>\n<p class=\"article__paragraph article__paragraph--left\" id=\"J2H4ORZLTJFLTETZ34DNOIH66E\">Esse estado \u00e9 uma piada! Mal posso esperar para ir embora! O governador e todos os pol\u00edticos deveriam ter vergonha de si mesmos.<\/p>\n<p class=\"article__paragraph article__paragraph--left\" id=\"33U5DLIHR5FAPAMQ37ANFY4D54\">Adeus!<\/p>\n<p class=\"article__paragraph article__paragraph--left\" id=\"DGD2Q7GEOJEZ5DDYY4HSXH3FVY\"><i>David Alston, Woodbridge<\/i><\/p>\n<p class=\"article__paragraph article__paragraph--left\" id=\"OUT6JY3MURFHPN4UDUYWEAYTG4\"><b>A ra\u00e7a n\u00e3o tem lugar neste julgamento <\/b><\/p>\n<p class=\"article__paragraph article__paragraph--left\" id=\"NUAFDU2SPZCIRI337SAVVUA2EY\">Em rela\u00e7\u00e3o ao artigo da Associated Press intitulado <a href=\"https:\/\/apnews.com\/article\/daniel-penny-subway-chokehold-death-trial-436b3a5c79e9dbd34b351c4f3a2ac302\" target=\"_blank\">\u201cO patologista contesta as descobertas de que o estrangulamento causou a morte do homem\u201d, r<\/a>referindo-se ao julgamento em andamento de Daniel Penny, um ex-fuzileiro naval que subjugou uma pessoa desabrigada mentalmente inst\u00e1vel que supostamente estava amea\u00e7ando os passageiros de um vag\u00e3o do metr\u00f4 de Nova York.<\/p>\n<p class=\"article__paragraph article__paragraph--left\" id=\"ZDTBZND77VGGPNS7QTRMAGMYNY\">A v\u00edtima do assassinato de 1\u00ba de maio de 2023 foi Jordan Neely. Mas acredito que Penny agiu para proteger os passageiros assustados enquanto outros no trem ajudaram a conter Neely. Tragicamente, o resultado deste confronto foi a morte de Neely.<\/p>\n<p class=\"article__paragraph article__paragraph--left\" id=\"JBLIPLVD2VGL7F3J57YLV6M7DU\">O que n\u00e3o deveria importar \u00e9 a cor da pele de nenhuma das pessoas. Mas a m\u00eddia, tanto impressa quanto televisiva, insiste em alimentar o racismo ao rotular o ex-fuzileiro naval como branco e Neely como negro.<\/p>\n<p class=\"article__paragraph article__paragraph--left\" id=\"WCLJ56VNAJAMZIWHR7RHYE4AK4\">Se a situa\u00e7\u00e3o fosse inversa, com o ex-fuzileiro naval sendo identificado como negro e a v\u00edtima do asfixia sendo considerada branca, a m\u00eddia teria divulgado a cor da pele? Eu n\u00e3o acho.<\/p>\n<p class=\"article__paragraph article__paragraph--left\" id=\"WHAPQWW75NFFDPHMR625IFYGXQ\">Este fen\u00f4meno parece ser consistentemente predominante nas not\u00edcias. Estas reportagens tendenciosas acrescentam combust\u00edvel \u00e0 divis\u00e3o racial no nosso pa\u00eds. Esta pr\u00e1tica deveria acabar. Se voc\u00ea vai relatar os fatos, isso precisa ser justo e consistente.<\/p>\n<p class=\"article__paragraph article__paragraph--left\" id=\"JWPFTGBK2RAWTGFNSD74YH5QSQ\">Quanto a mim, n\u00e3o me importo com a cor. Se eu estivesse neste trem, ficaria grato pelo hero\u00edsmo de Penny, fosse ele branco ou negro.<\/p>\n<p class=\"article__paragraph article__paragraph--left\" id=\"K2MHBB6FAFEXHL3OOXZ7KTOBNU\"><i>Carlo A. Canestri, Franklin Park<\/i><\/p>\n<p class=\"article__paragraph article__paragraph--left\" id=\"PR5QKLYCFNAD5MQXTH5RXE2X7Q\"><b>Os ursos merecem coisa melhor do que inc\u00eandios, ca\u00e7adores<\/b><\/p>\n<p class=\"article__paragraph article__paragraph--left\" id=\"KN4ZMCFN7JG4PM5ZDNYRNU2JW4\">Se alguma vez houve um momento para o governador Phil Murphy voltar a uma promessa quebrada anterior e encerrar a permiss\u00e3o para uma ca\u00e7a sazonal ao urso, esse momento \u00e9 agora.<\/p>\n<p class=\"article__paragraph article__paragraph--left\" id=\"MH7MDKGANRBD3C4VFQ4WPGNOVI\">Recentemente, <a href=\"https:\/\/www.nj.com\/passaic-county\/2024\/11\/multiple-wildfires-burning-across-nj-fueled-by-ongoing-drought-conditions.html\" target=\"_blank\">mais de 2.200 acres de habitat nobre de ursos negros queimados em West Milford<\/a>e outros 200 acres queimados em Rockaway.<\/p>\n<p class=\"article__paragraph article__paragraph--left\" id=\"SNBTBJNJ5FBRHFDP4ESQZII4LE\">De acordo com o Servi\u00e7o de Inc\u00eandios Florestais de Nova Jersey, os inc\u00eandios florestais queimam em m\u00e9dia 7.000 acres no estado a cada ano, e<a href=\"https:\/\/www.facebook.com\/NJForestFireService\/videos\/did-you-know-april-marks-peak-wildfire-season-in-new-jersey-99-of-new-jersey-wil\/1644860945871731\/\" target=\"_blank\"> 99% desses inc\u00eandios s\u00e3o causados \u200b\u200bpor humanos.<\/a> As altera\u00e7\u00f5es clim\u00e1ticas tamb\u00e9m est\u00e3o a provocar condi\u00e7\u00f5es de seca e per\u00edodos de inc\u00eandios florestais mais longos.<\/p>\n<p class=\"article__paragraph article__paragraph--left\" id=\"3I3Q3ZFYTBGE7IM6TM2I473UKM\">Voc\u00ea pode imaginar o medo e a agonia que nossa vida selvagem sofre nesses inc\u00eandios? E quantos ursos morreram? Por que deixar os ca\u00e7adores de trof\u00e9us aumentarem sua dor?<\/p>\n<p class=\"article__paragraph article__paragraph--left\" id=\"TJRR2QW5ZVAIZCHCMOD65GUKEU\">A ca\u00e7a ao urso \u00e9 um esporte sangrento cruel que Murphy prometeu acabar <a href=\"https:\/\/nj1015.com\/a-broken-murphy-promise-will-affect-nj-bear-hunting-for-years-to-come\/\" target=\"_blank\">(mas reintegrado em 2022).<\/a> Ele precisa honrar essa promessa de uma vez por todas. Nossos ursos e toda a nossa vida selvagem j\u00e1 sofreram o suficiente.<\/p>\n<p class=\"article__paragraph article__paragraph--left\" id=\"DTH4STY3I5HPVPVVWKTSQEID7E\"><i>Cathy McCartney, Highland Lakes<\/i><\/p>\n<p class=\"article__paragraph article__paragraph--left\" id=\"MCAQFBTUTFC6LJVMRKY2DOR2AY\"><b>Que horas s\u00e3o quando voc\u00ea est\u00e1 sofrendo?<\/b><\/p>\n<p class=\"article__paragraph article__paragraph--left\" id=\"FGLVA7RSCRECDJRTIIJKZ2IOE4\">Com as nomea\u00e7\u00f5es do presidente eleito Donald Trump para <a href=\"https:\/\/www.cnn.com\/2024\/11\/19\/politics\/mehmet-oz-trump-medicare-medicaid\/index.html\" target=\"_blank\">Dr.<\/a> e<a href=\"https:\/\/www.forbes.com\/sites\/maryroeloffs\/2024\/11\/24\/rfk-jr-cabinet-nomination-news-trumps-hhs-pick-gets-high-marks-in-new-poll\/\" target=\"_blank\"> Robert F. Kennedy Jr.<\/a>. para ser respons\u00e1vel pelos programas de sa\u00fade da Am\u00e9rica (os Centros de Medicare e Medicaid, e o Departamento de Sa\u00fade e Servi\u00e7os Humanos, respectivamente) Trump est\u00e1 sinalizando que planeja voltar a um plano que tentou promover, sem sucesso, em seu primeiro mandato .<\/p>\n<p class=\"article__paragraph article__paragraph--left\" id=\"CTC5EW34ARGFJFSCFD3MYLZY6E\">Para poupar dinheiro que iria ajudar os ociosos, os indigentes e os pobres, o plano de Trump \u00e9 simples e barato. Como o tempo cura todas as feridas, seu plano \u00e9 que essas pessoas comprem um rel\u00f3gio.<\/p>\n<p class=\"article__paragraph article__paragraph--left\" id=\"IGFIUZ4RUVBB7H5PDNHPND3ZPE\"><i>Jack Colldeweih, Somerset<\/i><\/p>\n<p class=\"article__paragraph article__paragraph--left\" id=\"YYTCIR3ATVDGTK3G5BGEMUXHYM\"><b>Um local melhor para exibir os mandamentos<\/b><\/p>\n<p class=\"article__paragraph article__paragraph--left\" id=\"MX5ENF54IRGD3M5BVCDFU2HVLI\">Fa\u00e7o breves coment\u00e1rios sobre <a href=\"https:\/\/www.texastribune.org\/2023\/05\/24\/texas-legislature-ten-commandments-bill\/\" target=\"_blank\">renascimento da tentativa dos legisladores do Texas de aprovar uma lei<\/a> exigindo a exibi\u00e7\u00e3o dos Dez Mandamentos nas salas de aula das escolas p\u00fablicas do estado, depois que o projeto fracassou por pouco em maio.<\/p>\n<p class=\"article__paragraph article__paragraph--left\" id=\"D64DD7YPZRAODM2YLWYJSZD7WI\"><a href=\"https:\/\/www.texastribune.org\/2023\/05\/24\/texas-legislature-ten-commandments-bill\/\" target=\"_blank\">O tenente-governador Dan Patrick prometeu aprovar o projeto em 2025<\/a>. Posso sugerir que, em vez de exibir os Dez Mandamentos em todas as salas de aula do ensino fundamental, tal exibi\u00e7\u00e3o poderia servir melhor ao nosso pa\u00eds se os mandamentos tivessem que ser proeminentes no gabinete do presidente dos Estados Unidos, do vice-presidente, de todos os nomeados pelo gabinete presidencial. , e todos os membros do Congresso.<\/p>\n<p class=\"article__paragraph article__paragraph--left\" id=\"DMVC4E63NFBCFNKZOHXAQI7QQY\"><i>Bob Barrett, Clark<\/i><\/p>\n<p class=\"article__paragraph article__paragraph--left\" id=\"ISIPN3VTHZHZNO77NLF6DYYHSM\">Nosso jornalismo precisa do seu apoio. Por favor, inscreva-se hoje para <a href=\"https:\/\/www.nj.com\/\">NJ.com<\/a><\/p>\n<p class=\"article__paragraph article__paragraph--left\" id=\"Y2X5UAPIV5EDHL74EAXJVLVCZY\"><i>O Star-Ledger\/NJ.com incentiva <\/i><a href=\"https:\/\/www.nj.com\/opinion\/2018\/01\/submit_an_op-ed.html\"><i>submiss\u00f5es de opini\u00e3o<\/i><\/a><i>. Marcador <\/i><a href=\"http:\/\/www.nj.com\/opinion\/\"><i>NJ.com\/Opinion<\/i><\/a><i>. Siga-nos no Twitter <\/i><a href=\"https:\/\/twitter.com\/NJ_Opinion\"><i>@NJ_Opinion<\/i><\/a><i>  e no Facebook em <\/i><a href=\"https:\/\/www.facebook.com\/NJ.comOpinion\/\"><i>Opini\u00e3o de NJ.com<\/i><\/a><i>. Receba as \u00faltimas atualiza\u00e7\u00f5es de not\u00edcias diretamente na sua caixa de entrada. <\/i><a href=\"http:\/\/subscription.nj.com\/\"><i>Assine os boletins informativos de NJ.com<\/i><\/a>.<\/p>\n<\/div>\n<p><script async src=\"\/\/platform.twitter.com\/widgets.js\" charset=\"utf-8\"><\/script><br \/>\n<br \/><br \/>\n<br \/><a href=\"https:\/\/www.nj.com\/opinion\/2024\/11\/good-riddance-nj-see-you-on-the-beltway-letters.html\">Source link <\/a><\/p>","protected":false},"excerpt":{"rendered":"<p>Decidi voltar para Maryland e isso n\u00e3o pode acontecer logo! Nova Jersey se transformou em uma piada superlotada, raivosa e cara demais e n\u00e3o posso mais morar aqui. Quando eu&hellip;<\/p>","protected":false},"author":1,"featured_media":65877,"comment_status":"closed","ping_status":"open","sticky":false,"template":"","format":"standard","meta":{"content-type":"","footnotes":""},"categories":[1],"tags":[],"class_list":["post-65876","post","type-post","status-publish","format-standard","has-post-thumbnail","hentry","category-uncategorized"],"_links":{"self":[{"href":"https:\/\/tvbrazilusa.com\/pt\/wp-json\/wp\/v2\/posts\/65876","targetHints":{"allow":["GET"]}}],"collection":[{"href":"https:\/\/tvbrazilusa.com\/pt\/wp-json\/wp\/v2\/posts"}],"about":[{"href":"https:\/\/tvbrazilusa.com\/pt\/wp-json\/wp\/v2\/types\/post"}],"author":[{"embeddable":true,"href":"https:\/\/tvbrazilusa.com\/pt\/wp-json\/wp\/v2\/users\/1"}],"replies":[{"embeddable":true,"href":"https:\/\/tvbrazilusa.com\/pt\/wp-json\/wp\/v2\/comments?post=65876"}],"version-history":[{"count":1,"href":"https:\/\/tvbrazilusa.com\/pt\/wp-json\/wp\/v2\/posts\/65876\/revisions"}],"predecessor-version":[{"id":65878,"href":"https:\/\/tvbrazilusa.com\/pt\/wp-json\/wp\/v2\/posts\/65876\/revisions\/65878"}],"wp:featuredmedia":[{"embeddable":true,"href":"https:\/\/tvbrazilusa.com\/pt\/wp-json\/wp\/v2\/media\/65877"}],"wp:attachment":[{"href":"https:\/\/tvbrazilusa.com\/pt\/wp-json\/wp\/v2\/media?parent=65876"}],"wp:term":[{"taxonomy":"category","embeddable":true,"href":"https:\/\/tvbrazilusa.com\/pt\/wp-json\/wp\/v2\/categories?post=65876"},{"taxonomy":"post_tag","embeddable":true,"href":"https:\/\/tvbrazilusa.com\/pt\/wp-json\/wp\/v2\/tags?post=65876"}],"curies":[{"name":"wp","href":"https:\/\/api.w.org\/{rel}","templated":true}]}}