{"id":65879,"date":"2024-11-25T23:46:27","date_gmt":"2024-11-25T23:46:27","guid":{"rendered":"https:\/\/tvbrazilusa.com\/2024\/11\/25\/inusitado-em-sua-primeira-visita-a-lula-na-prisao-janja-se-fantasiou-de-algo-inimaginavel\/"},"modified":"2024-11-25T23:46:28","modified_gmt":"2024-11-25T23:46:28","slug":"inusitado-em-sua-primeira-visita-a-lula-na-prisao-janja-se-fantasiou-de-algo-inimaginavel","status":"publish","type":"post","link":"https:\/\/tvbrazilusa.com\/pt\/2024\/11\/25\/inusitado-em-sua-primeira-visita-a-lula-na-prisao-janja-se-fantasiou-de-algo-inimaginavel\/","title":{"rendered":"INUSITADO: Em sua primeira visita a Lula na pris\u00e3o Janja se fantasiou de algo inimagin\u00e1vel"},"content":{"rendered":"<p> <script async src=\"https:\/\/pagead2.googlesyndication.com\/pagead\/js\/adsbygoogle.js?client=ca-pub-8864793242727901\"\r\n     crossorigin=\"anonymous\"><\/script><br \/>\n<\/p>\n<div id=\"taboola-read-more\" style=\"display:block; width:100%\">\n<p>Em 30 de julho de 2018, Ros\u00e2ngela Silva, conhecida como Janja, visitou Luiz In\u00e1cio Lula da Silva (PT-SP) na carceragem da Pol\u00edcia Federal, apresentando-se como advogada. As informa\u00e7\u00f5es s\u00e3o do portal UOL, que lan\u00e7ou uma s\u00e9rie em podcast sobre a primeira-dama.\n<\/p>\n<p>Lula, que n\u00e3o via sua namorada havia 114 dias, fez uma brincadeira ao v\u00ea-la, dizendo que agora tinha uma nova advogada. Desde que foi preso, Lula buscava formas de permitir a visita de Janja, enfrentando as restri\u00e7\u00f5es impostas pela Lei de Execu\u00e7\u00e3o Penal.<\/p>\n<p>As regras previam visitas de c\u00f4njuges, parentes e amigos em dias espec\u00edficos, mas o relacionamento deles n\u00e3o era ainda p\u00fablico, o que dificultava a inclus\u00e3o dela nas categorias permitidas.\n<\/p>\n<p>Durante a pris\u00e3o, Lula recebia visitas di\u00e1rias de seus advogados e, \u00e0s quintas-feiras, de familiares e amigos.\n<\/p>\n<p>A presen\u00e7a de Janja poderia chamar a aten\u00e7\u00e3o da imprensa, algo que Lula preferia evitar. Somente em 20 de dezembro de 2018, depois de negocia\u00e7\u00f5es, ela conseguiu autoriza\u00e7\u00e3o para visitas regulares.\n<\/p>\n<p><strong>Janja levava comida e roupas limpas para Lula<\/strong>\n<\/p>\n<p>Com a permiss\u00e3o, Janja passou a visitar Lula semanalmente, levando comidas especiais e roupas limpas. Essas refei\u00e7\u00f5es eram preparadas na casa do vereador Angelo Vanhoni (PT-PR), sob a supervis\u00e3o dela. Entre os pratos, estavam buchada e bolinhos de carne, que ele gostou, ao contr\u00e1rio do bacalhau.\n<\/p>\n<p>As roupas de Lula eram lavadas em locais como o apartamento de Wilson Ramos Filho, advogado e um dos fundadores do PT no Paran\u00e1. Lula mantinha seu estilo casual durante as visitas de Janja, vestindo cal\u00e7\u00f5es, camisetas esportivas ou conjuntos de moletom, dependendo do clima.\n<\/p>\n<p>A correspond\u00eancia entre Lula e Janja era intermediada por seus advogados. Luiz Carlos da Rocha e Manoel Caetano cuidavam da entrega e coleta das cartas. As cartas de Janja, em envelopes coloridos, eram guardadas cuidadosamente por Lula em uma gaveta na cela.\n<\/p>\n<p>Casal j\u00e1 estava junto antes da pris\u00e3o<br \/>Janja, que trabalhava em Itaipu, tinha pouco tempo para participar das atividades de apoio ao ex-presidente. Quando Lula foi libertado, ele apresentou Janja como sua namorada, embora o relacionamento j\u00e1 existisse antes de sua pris\u00e3o.\n<\/p>\n<p>Em maio de 2019, o ex-ministro Luiz Carlos Bresser-Pereira revelou em uma rede social que Lula estava apaixonado e pretendia se casar com Janja. Essa revela\u00e7\u00e3o ocorreu depois de uma visita em que Bresser-Pereira ouviu Lula falar sobre o relacionamento.\n<\/p>\n<p>Durante as visitas de Janja na pris\u00e3o, um agente da Pol\u00edcia Federal permanecia na porta da cela para garantir que as intera\u00e7\u00f5es n\u00e3o fossem \u00edntimas.\n<\/p>\n<p>Fonte: Revista Oeste              <\/p>\n<\/div>\n<p><br \/>\n<br \/><a href=\"https:\/\/diariodobrasilnoticias.com.br\/noticia\/portal-afirma-que-na-primeira-visita-a-lula-na-prisao-janja-vestiu-se-como-advogada-6744e553d0824\">Source link <\/a><\/p>","protected":false},"excerpt":{"rendered":"<p>Em 30 de julho de 2018, Ros\u00e2ngela Silva, conhecida como Janja, visitou Luiz In\u00e1cio Lula da Silva (PT-SP) na carceragem da Pol\u00edcia Federal, apresentando-se como advogada. As informa\u00e7\u00f5es s\u00e3o do&hellip;<\/p>","protected":false},"author":1,"featured_media":65880,"comment_status":"closed","ping_status":"open","sticky":false,"template":"","format":"standard","meta":{"content-type":"","footnotes":""},"categories":[16],"tags":[123,2448,5313,1267],"class_list":["post-65879","post","type-post","status-publish","format-standard","has-post-thumbnail","hentry","category-noticias","tag-brasil","tag-diario","tag-noticia","tag-noticias"],"_links":{"self":[{"href":"https:\/\/tvbrazilusa.com\/pt\/wp-json\/wp\/v2\/posts\/65879","targetHints":{"allow":["GET"]}}],"collection":[{"href":"https:\/\/tvbrazilusa.com\/pt\/wp-json\/wp\/v2\/posts"}],"about":[{"href":"https:\/\/tvbrazilusa.com\/pt\/wp-json\/wp\/v2\/types\/post"}],"author":[{"embeddable":true,"href":"https:\/\/tvbrazilusa.com\/pt\/wp-json\/wp\/v2\/users\/1"}],"replies":[{"embeddable":true,"href":"https:\/\/tvbrazilusa.com\/pt\/wp-json\/wp\/v2\/comments?post=65879"}],"version-history":[{"count":1,"href":"https:\/\/tvbrazilusa.com\/pt\/wp-json\/wp\/v2\/posts\/65879\/revisions"}],"predecessor-version":[{"id":65881,"href":"https:\/\/tvbrazilusa.com\/pt\/wp-json\/wp\/v2\/posts\/65879\/revisions\/65881"}],"wp:featuredmedia":[{"embeddable":true,"href":"https:\/\/tvbrazilusa.com\/pt\/wp-json\/wp\/v2\/media\/65880"}],"wp:attachment":[{"href":"https:\/\/tvbrazilusa.com\/pt\/wp-json\/wp\/v2\/media?parent=65879"}],"wp:term":[{"taxonomy":"category","embeddable":true,"href":"https:\/\/tvbrazilusa.com\/pt\/wp-json\/wp\/v2\/categories?post=65879"},{"taxonomy":"post_tag","embeddable":true,"href":"https:\/\/tvbrazilusa.com\/pt\/wp-json\/wp\/v2\/tags?post=65879"}],"curies":[{"name":"wp","href":"https:\/\/api.w.org\/{rel}","templated":true}]}}