{"id":6589,"date":"2024-07-23T21:26:50","date_gmt":"2024-07-23T21:26:50","guid":{"rendered":"https:\/\/tvbrazilusa.com\/2024\/07\/23\/roberto-jefferson-solicita-ao-stf-prisao-domiciliar-humanitaria-alegando-piora-na-saude\/"},"modified":"2024-07-23T21:39:11","modified_gmt":"2024-07-23T21:39:11","slug":"roberto-jefferson-solicita-ao-stf-prisao-domiciliar-humanitaria-alegando-piora-na-saude","status":"publish","type":"post","link":"https:\/\/tvbrazilusa.com\/pt\/2024\/07\/23\/roberto-jefferson-solicita-ao-stf-prisao-domiciliar-humanitaria-alegando-piora-na-saude\/","title":{"rendered":"Roberto Jefferson solicita ao STF pris\u00e3o domiciliar humanit\u00e1ria alegando piora na sa\u00fade"},"content":{"rendered":"<p> <script async src=\"https:\/\/pagead2.googlesyndication.com\/pagead\/js\/adsbygoogle.js?client=ca-pub-8864793242727901\"\r\n     crossorigin=\"anonymous\"><\/script><br \/>\n<\/p>\n<div>\n<p><em>Foto: Reprodu\u00e7\u00e3o<\/em><\/p>\n<p>A situa\u00e7\u00e3o do ex-deputado federal Roberto Jefferson volta aos holofotes ap\u00f3s novos desdobramentos em seu caso legal. Jefferson, que est\u00e1 detido desde outubro de 2022, ap\u00f3s um exaltado enfrentamento com agentes policiais, encontra-se agora sob intensa discuss\u00e3o judicial e m\u00e9dica sobre a adequa\u00e7\u00e3o de sua condi\u00e7\u00e3o de deten\u00e7\u00e3o.<\/p>\n<p>Recentemente, a equipe de defesa de Jefferson solicitou ao ministro Alexandre de Moraes, do Supremo Tribunal Federal (STF), que sua pris\u00e3o preventiva seja revogada, propondo sua substitui\u00e7\u00e3o por medidas cautelares menos restritivas ou, ainda, a convers\u00e3o para pris\u00e3o domiciliar de car\u00e1ter humanit\u00e1rio. A base do pedido se apoia em argumentos de deteriora\u00e7\u00e3o do estado de sa\u00fade do ex-parlamentar.<\/p>\n<h2 class=\"wp-block-heading\">O que dizem os recentes laudos m\u00e9dicos?<\/h2>\n<p>De acordo com informa\u00e7\u00f5es liberadas pelos respons\u00e1veis pelo atendimento a Jefferson, h\u00e1 evid\u00eancias m\u00e9dicas sugerindo que a continuididade de seu tratamento seria mais eficaz e segura fora do ambiente prisional. Em documentos submetidos \u00e0 justi\u00e7a, m\u00e9dicos do Hospital Samaritano Botafogo detalham que, apesar de Jefferson estar est\u00e1vel, ele enfrenta riscos significativos relacionados \u00e0 sua sa\u00fade geral, necessitando de acompanhamento multidisciplinar cont\u00ednuo.<\/p>\n<h2 class=\"wp-block-heading\">A Controversa Deten\u00e7\u00e3o de Jefferson e a Resposta Legal<\/h2>\n<p>Roberto Jefferson foi preso ap\u00f3s reagir de forma violenta a uma opera\u00e7\u00e3o policial destinada a captur\u00e1-lo, utilizando armas e at\u00e9 granadas contra os agentes. Essa ocorr\u00eancia alarmante gerou respostas severas por parte das autoridades judiciais. Desde ent\u00e3o, o tratamento dado a Jefferson tem sido objeto de pol\u00eamica, tanto no que tange aos seus direitos humanos quanto \u00e0s potencialidades de sua influ\u00eancia e comportamento agressivo.<\/p>\n<h2 class=\"wp-block-heading\">Impacto e Implica\u00e7\u00f5es Pol\u00edticas<\/h2>\n<p>O caso de Jefferson \u00e9 particularmente cr\u00edtico n\u00e3o apenas pelos aspectos ligados \u00e0 sua sa\u00fade ou \u00e0s circunst\u00e2ncias de sua deten\u00e7\u00e3o, mas tamb\u00e9m pelo pano de fundo pol\u00edtico que o envolve. As atitudes e declara\u00e7\u00f5es de Jefferson, conhecido por sua postura pol\u00edtica extremamente polarizada, exacerbam as discuss\u00f5es sobre a intersec\u00e7\u00e3o entre os sistemas legal e pol\u00edtico no Brasil.<\/p>\n<ul class=\"wp-block-list\">\n<li><strong>Estado de Sa\u00fade:<\/strong> Risco de infec\u00e7\u00f5es e problemas decorrentes de doen\u00e7as pr\u00e9-existentes.<\/li>\n<li><strong>Seguran\u00e7a Judicial:<\/strong> A pris\u00e3o como medida preventiva frente ao risco de novos atos violentos.<\/li>\n<li><strong>Debate Pol\u00edtico:<\/strong> A pris\u00e3o de figuras pol\u00edticas sempre carrega implica\u00e7\u00f5es mais amplas sobre liberdade de express\u00e3o e atividade pol\u00edtico-partid\u00e1ria.<\/li>\n<\/ul>\n<p>\u00a0<\/p>\n<p>No final das contas, a resolu\u00e7\u00e3o do caso de Roberto Jefferson poder\u00e1 servir como um importante precedente para futuros casos envolvendo personalidades pol\u00edticas e suas intera\u00e7\u00f5es com a lei, pontuando debates essenciais sobre os limites entre seguran\u00e7a p\u00fablica e direitos individuais em circunst\u00e2ncias extremas.<\/p>\n<\/p><\/div>\n<p><br \/>\n<br \/><a href=\"https:\/\/terrabrasilnoticias.com\/2024\/07\/roberto-jefferson-solicita-ao-stf-prisao-domiciliar-humanitaria-alegando-piora-na-saude\/\">Source link <\/a><\/p>","protected":false},"excerpt":{"rendered":"<p>Foto: Reprodu\u00e7\u00e3o A situa\u00e7\u00e3o do ex-deputado federal Roberto Jefferson volta aos holofotes ap\u00f3s novos desdobramentos em seu caso legal. Jefferson, que est\u00e1 detido desde outubro de 2022, ap\u00f3s um exaltado&hellip;<\/p>","protected":false},"author":1,"featured_media":6590,"comment_status":"closed","ping_status":"open","sticky":false,"template":"","format":"standard","meta":{"content-type":"","footnotes":""},"categories":[16],"tags":[],"class_list":["post-6589","post","type-post","status-publish","format-standard","has-post-thumbnail","hentry","category-noticias"],"_links":{"self":[{"href":"https:\/\/tvbrazilusa.com\/pt\/wp-json\/wp\/v2\/posts\/6589","targetHints":{"allow":["GET"]}}],"collection":[{"href":"https:\/\/tvbrazilusa.com\/pt\/wp-json\/wp\/v2\/posts"}],"about":[{"href":"https:\/\/tvbrazilusa.com\/pt\/wp-json\/wp\/v2\/types\/post"}],"author":[{"embeddable":true,"href":"https:\/\/tvbrazilusa.com\/pt\/wp-json\/wp\/v2\/users\/1"}],"replies":[{"embeddable":true,"href":"https:\/\/tvbrazilusa.com\/pt\/wp-json\/wp\/v2\/comments?post=6589"}],"version-history":[{"count":1,"href":"https:\/\/tvbrazilusa.com\/pt\/wp-json\/wp\/v2\/posts\/6589\/revisions"}],"predecessor-version":[{"id":6591,"href":"https:\/\/tvbrazilusa.com\/pt\/wp-json\/wp\/v2\/posts\/6589\/revisions\/6591"}],"wp:featuredmedia":[{"embeddable":true,"href":"https:\/\/tvbrazilusa.com\/pt\/wp-json\/wp\/v2\/media\/6590"}],"wp:attachment":[{"href":"https:\/\/tvbrazilusa.com\/pt\/wp-json\/wp\/v2\/media?parent=6589"}],"wp:term":[{"taxonomy":"category","embeddable":true,"href":"https:\/\/tvbrazilusa.com\/pt\/wp-json\/wp\/v2\/categories?post=6589"},{"taxonomy":"post_tag","embeddable":true,"href":"https:\/\/tvbrazilusa.com\/pt\/wp-json\/wp\/v2\/tags?post=6589"}],"curies":[{"name":"wp","href":"https:\/\/api.w.org\/{rel}","templated":true}]}}