{"id":65898,"date":"2024-11-26T00:10:46","date_gmt":"2024-11-26T00:10:46","guid":{"rendered":"https:\/\/tvbrazilusa.com\/2024\/11\/26\/no-proximo-sabado-flavio-dino-celebra-casamento-com-daniela-lima\/"},"modified":"2024-11-26T00:10:47","modified_gmt":"2024-11-26T00:10:47","slug":"no-proximo-sabado-flavio-dino-celebra-casamento-com-daniela-lima","status":"publish","type":"post","link":"https:\/\/tvbrazilusa.com\/pt\/2024\/11\/26\/no-proximo-sabado-flavio-dino-celebra-casamento-com-daniela-lima\/","title":{"rendered":"No pr\u00f3ximo s\u00e1bado, Fl\u00e1vio Dino celebra casamento com Daniela Lima"},"content":{"rendered":"<p> <script async src=\"https:\/\/pagead2.googlesyndication.com\/pagead\/js\/adsbygoogle.js?client=ca-pub-8864793242727901\"\r\n     crossorigin=\"anonymous\"><\/script><br \/>\n<\/p>\n<div id=\"taboola-read-more\" style=\"display:block; width:100%\">\n<p>Fl\u00e1vio Dino, ministro do Supremo Tribunal Federal (STF) ir\u00e1 se casar no pr\u00f3ximo s\u00e1bado (30) com Daniela Lima, com quem mant\u00e9m uni\u00e3o est\u00e1vel h\u00e1 14 anos. A cerim\u00f4nia ser\u00e1 realizada no Maranh\u00e3o, terra natal do ministro, que j\u00e1 foi governador do estado.\n<\/p>\n<p>A ju\u00edza Larissa Tupinamb\u00e1, esposa do ex-vereador de S\u00e3o Lu\u00eds, Geraldo Castro Sobrinho (PCdoB), ir\u00e1 oficializar a uni\u00e3o no civil.<\/p>\n<p>P\u00e1ginas locais d\u00e3o conta de que o evento ter\u00e1 presen\u00e7a de autoridades de todo o Brasil. Nomes como o ex-presidente Jos\u00e9 Sarney, o presidente Luiz In\u00e1cio Lula da Silva (PT) e a primeira-dama Janja da Silva est\u00e3o sendo citados, embora n\u00e3o haja confirma\u00e7\u00e3o oficial.\n<\/p>\n<p>A lista de convidados seria composta tamb\u00e9m por ministros do STF, senadores, deputados federais e prefeitos.\n<\/p>\n<p>Na contram\u00e3o, uma aus\u00eancia, no entanto, j\u00e1 est\u00e1 fazendo barulho. Isto porque Carlos Brand\u00e3o (PSB), atual governador do Maranh\u00e3o, n\u00e3o foi convidado. Ele foi o principal aliado pol\u00edtico de Dino durante muito tempo.\n<\/p>\n<p>De acordo com a coluna de Paulo Cappelli, do Metr\u00f3poles, a ruptura entre os dois j\u00e1 estaria selada. Brand\u00e3o n\u00e3o teria sido leal a um acordo feito entre ele e Dino.\n<\/p>\n<p>Dino deixou o governo do Maranh\u00e3o em 2022 para concorrer ao Senado. Com isto, Brand\u00e3o, que era o vice, assumiu o Pal\u00e1cio dos Le\u00f5es e venceu o primeiro turno daquele ano, com o apoio de Dino.\n<\/p>\n<p>O acordo seria Brand\u00e3o deixar o governo em 2026, para que Felipe Camar\u00e3o (PT), atual vice-governador, assumisse o Executivo estadual. Por\u00e9m, Brand\u00e3o quer ficar at\u00e9 o fim do mandato, deixando Camar\u00e3o a ver navios.\n<\/p>\n<p>Fl\u00e1vio Dino j\u00e1 foi casado anteriormente, com Deilane Gon\u00e7alves.\n<\/p>\n<p>Fonte: Pleno News              <\/p>\n<\/div>\n<p><br \/>\n<br \/><a href=\"https:\/\/diariodobrasilnoticias.com.br\/noticia\/no-proximo-sabado-flavio-dino-celebra-casamento-com-daniela-lima-6744f106991d6\">Source link <\/a><\/p>","protected":false},"excerpt":{"rendered":"<p>Fl\u00e1vio Dino, ministro do Supremo Tribunal Federal (STF) ir\u00e1 se casar no pr\u00f3ximo s\u00e1bado (30) com Daniela Lima, com quem mant\u00e9m uni\u00e3o est\u00e1vel h\u00e1 14 anos. A cerim\u00f4nia ser\u00e1 realizada&hellip;<\/p>","protected":false},"author":1,"featured_media":65899,"comment_status":"closed","ping_status":"open","sticky":false,"template":"","format":"standard","meta":{"content-type":"","footnotes":""},"categories":[16],"tags":[123,2448,5313,1267],"class_list":["post-65898","post","type-post","status-publish","format-standard","has-post-thumbnail","hentry","category-noticias","tag-brasil","tag-diario","tag-noticia","tag-noticias"],"_links":{"self":[{"href":"https:\/\/tvbrazilusa.com\/pt\/wp-json\/wp\/v2\/posts\/65898","targetHints":{"allow":["GET"]}}],"collection":[{"href":"https:\/\/tvbrazilusa.com\/pt\/wp-json\/wp\/v2\/posts"}],"about":[{"href":"https:\/\/tvbrazilusa.com\/pt\/wp-json\/wp\/v2\/types\/post"}],"author":[{"embeddable":true,"href":"https:\/\/tvbrazilusa.com\/pt\/wp-json\/wp\/v2\/users\/1"}],"replies":[{"embeddable":true,"href":"https:\/\/tvbrazilusa.com\/pt\/wp-json\/wp\/v2\/comments?post=65898"}],"version-history":[{"count":1,"href":"https:\/\/tvbrazilusa.com\/pt\/wp-json\/wp\/v2\/posts\/65898\/revisions"}],"predecessor-version":[{"id":65900,"href":"https:\/\/tvbrazilusa.com\/pt\/wp-json\/wp\/v2\/posts\/65898\/revisions\/65900"}],"wp:featuredmedia":[{"embeddable":true,"href":"https:\/\/tvbrazilusa.com\/pt\/wp-json\/wp\/v2\/media\/65899"}],"wp:attachment":[{"href":"https:\/\/tvbrazilusa.com\/pt\/wp-json\/wp\/v2\/media?parent=65898"}],"wp:term":[{"taxonomy":"category","embeddable":true,"href":"https:\/\/tvbrazilusa.com\/pt\/wp-json\/wp\/v2\/categories?post=65898"},{"taxonomy":"post_tag","embeddable":true,"href":"https:\/\/tvbrazilusa.com\/pt\/wp-json\/wp\/v2\/tags?post=65898"}],"curies":[{"name":"wp","href":"https:\/\/api.w.org\/{rel}","templated":true}]}}