{"id":65901,"date":"2024-11-26T00:23:44","date_gmt":"2024-11-26T00:23:44","guid":{"rendered":"https:\/\/tvbrazilusa.com\/2024\/11\/26\/apos-assassinar-colega-de-trabalho-homem-mata-ex-mulher-na-frente-da-filha\/"},"modified":"2024-11-26T00:23:45","modified_gmt":"2024-11-26T00:23:45","slug":"apos-assassinar-colega-de-trabalho-homem-mata-ex-mulher-na-frente-da-filha","status":"publish","type":"post","link":"https:\/\/tvbrazilusa.com\/pt\/2024\/11\/26\/apos-assassinar-colega-de-trabalho-homem-mata-ex-mulher-na-frente-da-filha\/","title":{"rendered":"Ap\u00f3s assassinar colega de trabalho, homem mata ex-mulher na frente da filha"},"content":{"rendered":"<p> <script async src=\"https:\/\/pagead2.googlesyndication.com\/pagead\/js\/adsbygoogle.js?client=ca-pub-8864793242727901\"\r\n     crossorigin=\"anonymous\"><\/script><br \/>\n<\/p>\n<div id=\"taboola-read-more\" style=\"display:block; width:100%\">\n<p>Um homem \u2013que n\u00e3o teve o nome divulgado\u2013 foi preso na madrugada desta segunda-feira (25) ap\u00f3s matar duas pessoas em Blumenau (SC), cidade localizada a cerca de 160 quil\u00f4metros de Florian\u00f3polis.\n<\/p>\n<p>As v\u00edtimas eram um colega de trabalho e a ex-mulher do suspeito. Ainda n\u00e3o se sabe se h\u00e1 rela\u00e7\u00e3o entre os dois crimes.<\/p>\n<p>Primeiro, segundo a pol\u00edcia, o suspeito, que estaria sob efeito de drogas, matou a tiros um colega de trabalho, identificado como Eziquiel Bueno da Silva, de 41 anos.\n<\/p>\n<p>Eziquiel foi morto no seu local de trabalho. O suspeito empurrou a v\u00edtima com o cano da arma e em seguida realizou um disparo na cabe\u00e7a dele.\n<\/p>\n<p>O delegado Bruno Fernando Gaspar, respons\u00e1vel pelo caso, informa que, logo ap\u00f3s matar o homem, o suspeito foi at\u00e9 a casa da ex-mulher, Elaine Reis Bonfim, de 39 anos, e a matou com cinco disparos de uma arma de fogo. A filha da v\u00edtima presenciou o crime. Elaine foi socorrida e encaminhada ao hospital, mas n\u00e3o resistiu.\n<\/p>\n<p>Uma medida protetiva de urg\u00eancia chegou a ser aprovada \u00e0 v\u00edtima no dia 4 de outubro, por\u00e9m foi revogada no dia 9 pelo fato de Elaine ter reatado o relacionamento com o suspeito.\n<\/p>\n<p>Fonte: CNN Brasil              <\/p>\n<\/div>\n<p><br \/>\n<br \/><a href=\"https:\/\/diariodobrasilnoticias.com.br\/noticia\/apos-assassinar-colega-de-trabalho-homem-mata-ex-mulher-na-frente-da-filha-6744f1f604949\">Source link <\/a><\/p>","protected":false},"excerpt":{"rendered":"<p>Um homem \u2013que n\u00e3o teve o nome divulgado\u2013 foi preso na madrugada desta segunda-feira (25) ap\u00f3s matar duas pessoas em Blumenau (SC), cidade localizada a cerca de 160 quil\u00f4metros de&hellip;<\/p>","protected":false},"author":1,"featured_media":65902,"comment_status":"closed","ping_status":"open","sticky":false,"template":"","format":"standard","meta":{"content-type":"","footnotes":""},"categories":[16],"tags":[123,2448,5313,1267],"class_list":["post-65901","post","type-post","status-publish","format-standard","has-post-thumbnail","hentry","category-noticias","tag-brasil","tag-diario","tag-noticia","tag-noticias"],"_links":{"self":[{"href":"https:\/\/tvbrazilusa.com\/pt\/wp-json\/wp\/v2\/posts\/65901","targetHints":{"allow":["GET"]}}],"collection":[{"href":"https:\/\/tvbrazilusa.com\/pt\/wp-json\/wp\/v2\/posts"}],"about":[{"href":"https:\/\/tvbrazilusa.com\/pt\/wp-json\/wp\/v2\/types\/post"}],"author":[{"embeddable":true,"href":"https:\/\/tvbrazilusa.com\/pt\/wp-json\/wp\/v2\/users\/1"}],"replies":[{"embeddable":true,"href":"https:\/\/tvbrazilusa.com\/pt\/wp-json\/wp\/v2\/comments?post=65901"}],"version-history":[{"count":1,"href":"https:\/\/tvbrazilusa.com\/pt\/wp-json\/wp\/v2\/posts\/65901\/revisions"}],"predecessor-version":[{"id":65903,"href":"https:\/\/tvbrazilusa.com\/pt\/wp-json\/wp\/v2\/posts\/65901\/revisions\/65903"}],"wp:featuredmedia":[{"embeddable":true,"href":"https:\/\/tvbrazilusa.com\/pt\/wp-json\/wp\/v2\/media\/65902"}],"wp:attachment":[{"href":"https:\/\/tvbrazilusa.com\/pt\/wp-json\/wp\/v2\/media?parent=65901"}],"wp:term":[{"taxonomy":"category","embeddable":true,"href":"https:\/\/tvbrazilusa.com\/pt\/wp-json\/wp\/v2\/categories?post=65901"},{"taxonomy":"post_tag","embeddable":true,"href":"https:\/\/tvbrazilusa.com\/pt\/wp-json\/wp\/v2\/tags?post=65901"}],"curies":[{"name":"wp","href":"https:\/\/api.w.org\/{rel}","templated":true}]}}