{"id":65910,"date":"2024-11-26T00:35:50","date_gmt":"2024-11-26T00:35:50","guid":{"rendered":"https:\/\/tvbrazilusa.com\/2024\/11\/26\/damares-questiona-ministra-de-lula-sobre-despesas-com-o-janjapalooza\/"},"modified":"2024-11-26T00:35:52","modified_gmt":"2024-11-26T00:35:52","slug":"damares-questiona-ministra-de-lula-sobre-despesas-com-o-janjapalooza","status":"publish","type":"post","link":"https:\/\/tvbrazilusa.com\/pt\/2024\/11\/26\/damares-questiona-ministra-de-lula-sobre-despesas-com-o-janjapalooza\/","title":{"rendered":"Damares questiona ministra de Lula sobre despesas com o &#8216;Janjapalooza&#8217;"},"content":{"rendered":"<p> <script async src=\"https:\/\/pagead2.googlesyndication.com\/pagead\/js\/adsbygoogle.js?client=ca-pub-8864793242727901\"\r\n     crossorigin=\"anonymous\"><\/script><br \/>\n<\/p>\n<div id=\"taboola-read-more\" style=\"display:block; width:100%\">\n<p>A senadora Damares Alves (Republicanos-DF) protocolou, na \u00faltima sexta-feira (22), requerimento de informa\u00e7\u00e3o no qual cobra da ministra da Cultura, Margareth Menezes, explica\u00e7\u00f5es e detalhamento de gastos no Festival de Cultura Alian\u00e7a Global contra Fome e a Pobreza, que ficou conhecido como \u201cJanjapalooza\u201d.\n<\/p>\n<p>O evento foi realizado no Rio de Janeiro, entre os dias 14 e 16, e contou com patroc\u00ednio de R$ 33,5 milh\u00f5es pagos pela Itaipu Binacional, a Petrobras, o Banco do Brasil, o BNDES e a Caixa Econ\u00f4mica Federal.<\/p>\n<p>A senadora lembra que a maioria das estatais que injetou dinheiro n\u00e3o divulgou os valores investidos, \u201co que contraria os princ\u00edpios constitucionais de publicidade e moralidade administrativa\u201d.\n<\/p>\n<p>Al\u00e9m disso, segundo a parlamentar, o evento foi marcado por cr\u00edticas quanto ao seu uso potencial para promo\u00e7\u00e3o pessoal e pol\u00edtica, violando os princ\u00edpios da impessoalidade e moralidade administrativa.\n<\/p>\n<p>\u2013 O uso de recursos para a realiza\u00e7\u00e3o de festividades enquanto milh\u00f5es de brasileiros enfrentam a fome e a pobreza suscita d\u00favidas sobre as reais inten\u00e7\u00f5es do governo quanto ao objeto do festival promovido \u2013 justifica Damares Alves.\n<\/p>\n<p>A ministra da Cultura ter\u00e1 que detalhar, por exemplo, se houve gasto com alimenta\u00e7\u00e3o e bebidas alco\u00f3licas e n\u00e3o alco\u00f3licas para abastecimento do camarins dos artistas contratados.\n<\/p>\n<p>Ali\u00e1s, a senadora quer detalhes e documenta\u00e7\u00f5es que justifiquem a contrata\u00e7\u00e3o das atra\u00e7\u00f5es e pede relat\u00f3rio que detalhe quais efeitos sociais e\/ou econ\u00f4micos foram aferidos a partir da escolha dos artistas e da realiza\u00e7\u00e3o do evento.\n<\/p>\n<p>Damares Alves tamb\u00e9m questiona se foi realizado algum procedimento licitat\u00f3rio pr\u00e9vio \u00e0 realiza\u00e7\u00e3o do festival e quais foram as medidas implementadas para controle de despesas da programa\u00e7\u00e3o.\n<\/p>\n<p>O prazo para resposta do requerimento \u00e9 de 30 dias ap\u00f3s o recebimento por parte da autoridade, sob pena de crime de responsabilidade.\n<\/p>\n<p>Fonte: Pleno News              <\/p>\n<\/div>\n<p><br \/>\n<br \/><a href=\"https:\/\/diariodobrasilnoticias.com.br\/noticia\/damares-questiona-ministra-de-lula-sobre-despesas-com-o-janjapalooza-6744f2d1ec56b\">Source link <\/a><\/p>","protected":false},"excerpt":{"rendered":"<p>A senadora Damares Alves (Republicanos-DF) protocolou, na \u00faltima sexta-feira (22), requerimento de informa\u00e7\u00e3o no qual cobra da ministra da Cultura, Margareth Menezes, explica\u00e7\u00f5es e detalhamento de gastos no Festival de&hellip;<\/p>","protected":false},"author":1,"featured_media":65911,"comment_status":"closed","ping_status":"open","sticky":false,"template":"","format":"standard","meta":{"content-type":"","footnotes":""},"categories":[16],"tags":[123,2448,5313,1267],"class_list":["post-65910","post","type-post","status-publish","format-standard","has-post-thumbnail","hentry","category-noticias","tag-brasil","tag-diario","tag-noticia","tag-noticias"],"_links":{"self":[{"href":"https:\/\/tvbrazilusa.com\/pt\/wp-json\/wp\/v2\/posts\/65910","targetHints":{"allow":["GET"]}}],"collection":[{"href":"https:\/\/tvbrazilusa.com\/pt\/wp-json\/wp\/v2\/posts"}],"about":[{"href":"https:\/\/tvbrazilusa.com\/pt\/wp-json\/wp\/v2\/types\/post"}],"author":[{"embeddable":true,"href":"https:\/\/tvbrazilusa.com\/pt\/wp-json\/wp\/v2\/users\/1"}],"replies":[{"embeddable":true,"href":"https:\/\/tvbrazilusa.com\/pt\/wp-json\/wp\/v2\/comments?post=65910"}],"version-history":[{"count":1,"href":"https:\/\/tvbrazilusa.com\/pt\/wp-json\/wp\/v2\/posts\/65910\/revisions"}],"predecessor-version":[{"id":65912,"href":"https:\/\/tvbrazilusa.com\/pt\/wp-json\/wp\/v2\/posts\/65910\/revisions\/65912"}],"wp:featuredmedia":[{"embeddable":true,"href":"https:\/\/tvbrazilusa.com\/pt\/wp-json\/wp\/v2\/media\/65911"}],"wp:attachment":[{"href":"https:\/\/tvbrazilusa.com\/pt\/wp-json\/wp\/v2\/media?parent=65910"}],"wp:term":[{"taxonomy":"category","embeddable":true,"href":"https:\/\/tvbrazilusa.com\/pt\/wp-json\/wp\/v2\/categories?post=65910"},{"taxonomy":"post_tag","embeddable":true,"href":"https:\/\/tvbrazilusa.com\/pt\/wp-json\/wp\/v2\/tags?post=65910"}],"curies":[{"name":"wp","href":"https:\/\/api.w.org\/{rel}","templated":true}]}}