{"id":65916,"date":"2024-11-26T00:55:09","date_gmt":"2024-11-26T00:55:09","guid":{"rendered":"https:\/\/tvbrazilusa.com\/2024\/11\/26\/casal-que-testemunhou-o-homem-se-explodindo-no-df-revela-detalhes\/"},"modified":"2024-11-26T00:55:10","modified_gmt":"2024-11-26T00:55:10","slug":"casal-que-testemunhou-o-homem-se-explodindo-no-df-revela-detalhes","status":"publish","type":"post","link":"https:\/\/tvbrazilusa.com\/pt\/2024\/11\/26\/casal-que-testemunhou-o-homem-se-explodindo-no-df-revela-detalhes\/","title":{"rendered":"Casal que testemunhou o homem se explodindo no DF revela detalhes"},"content":{"rendered":"<p> <script async src=\"https:\/\/pagead2.googlesyndication.com\/pagead\/js\/adsbygoogle.js?client=ca-pub-8864793242727901\"\r\n     crossorigin=\"anonymous\"><\/script><br \/>\n<\/p>\n<div id=\"taboola-read-more\" style=\"display:block; width:100%\">\n<p>Um casal estava na rampa do Supremo Tribunal Federal (STF) no momento em que Francisco Wanderley Luiz se explodiu na Pra\u00e7a dos Tr\u00eas Poderes, em Bras\u00edlia (DF), no \u00faltimo dia 13. A advogada Patr\u00edcia Pita e o marido dela, o consultor agr\u00e1rio Roberto Pita, deram declara\u00e7\u00f5es ao programa Fant\u00e1stico, da TV Globo, sobre a a\u00e7\u00e3o de Francisco.\n<\/p>\n<p>Segundo Patr\u00edcia, o homem gesticulou e gritou.<\/p>\n<p>Quando ele estava gesticulando muito e gritando, n\u00e3o dava para discernir o que ele falava. N\u00e3o dava para a gente assimilar. Mas a gente via que ele falava muito. O seguran\u00e7a foi para o lado dele e a\u00ed ele gritou alguma coisa e foi afastando. Correndo de costas. E o seguran\u00e7a tamb\u00e9m se afastou dele \u2013 contou.\n<\/p>\n<p>J\u00e1 Roberto Pita disse que, ao ver a primeira explos\u00e3o, ele e a esposa decidiram correr.\n<\/p>\n<p>\u2013 Ele [Francisco] virou para n\u00f3s e acendeu outra bomba. Quando ele acendeu a outra bomba, olhando para n\u00f3s, a\u00ed eu me apavorei.\n<\/p>\n<p>A advogada completou o relato do marido:\n<\/p>\n<p>\u2013 Foi quando ele se deitou. Colocou do lado dele o explosivo e a gente ouviu o barulho. Eu me lembro dele chegando perto do carro. Eu me abaixei para me proteger da bomba, de algo que poderia me atingir.\n<\/p>\n<p>Ela citou ainda ter tido uma sensa\u00e7\u00e3o de impot\u00eancia.\n<\/p>\n<p>\u2013 A gente v\u00ea aquele corpo ali no ch\u00e3o e \u00e9 uma sensa\u00e7\u00e3o de impot\u00eancia. De n\u00e3o poder ter feito nada.\n<\/p>\n<p>Francisco Wanderley Luiz tinha 59 anos e era conhecido como Ti\u00fc Fran\u00e7a. O laudo pericial sobre a morte dele detalhou os impactos que a explos\u00e3o causou em seu corpo. De acordo com o documento, obtido pela TV Globo, Francisco sofreu traumatismo cranioencef\u00e1lico e queimaduras graves na face e teve a m\u00e3o completamente destru\u00edda pela bomba que ele carregava.\n<\/p>\n<p>Ainda segundo a equipe de avalia\u00e7\u00e3o, o artefato utilizado pelo homem tinha caracter\u00edsticas pirot\u00e9cnicas, como roj\u00f5es, por\u00e9m o poder de destrui\u00e7\u00e3o era superior. Al\u00e9m disso, ele tamb\u00e9m utilizou um extintor de inc\u00eandio cheio de gasolina e um pano, provavelmente com o objetivo de incendiar a est\u00e1tua da Justi\u00e7a.\n<\/p>\n<p>Francisco teria planejado o ato, comprando cerca de R$ 1 mil em fogos de artif\u00edcio que ele utilizou tanto na frente do STF, quanto para explodir o seu pr\u00f3prio carro, que estava estacionado perto do Congresso Nacional.\n<\/p>\n<p>Fonte: Pleno News              <\/p>\n<\/div>\n<p><br \/>\n<br \/><a href=\"https:\/\/diariodobrasilnoticias.com.br\/noticia\/casal-que-testemunhou-o-homem-se-explodindo-no-df-revela-detalhes-6744f26218b50\">Source link <\/a><\/p>","protected":false},"excerpt":{"rendered":"<p>Um casal estava na rampa do Supremo Tribunal Federal (STF) no momento em que Francisco Wanderley Luiz se explodiu na Pra\u00e7a dos Tr\u00eas Poderes, em Bras\u00edlia (DF), no \u00faltimo dia&hellip;<\/p>","protected":false},"author":1,"featured_media":65917,"comment_status":"closed","ping_status":"open","sticky":false,"template":"","format":"standard","meta":{"content-type":"","footnotes":""},"categories":[16],"tags":[123,2448,5313,1267],"class_list":["post-65916","post","type-post","status-publish","format-standard","has-post-thumbnail","hentry","category-noticias","tag-brasil","tag-diario","tag-noticia","tag-noticias"],"_links":{"self":[{"href":"https:\/\/tvbrazilusa.com\/pt\/wp-json\/wp\/v2\/posts\/65916","targetHints":{"allow":["GET"]}}],"collection":[{"href":"https:\/\/tvbrazilusa.com\/pt\/wp-json\/wp\/v2\/posts"}],"about":[{"href":"https:\/\/tvbrazilusa.com\/pt\/wp-json\/wp\/v2\/types\/post"}],"author":[{"embeddable":true,"href":"https:\/\/tvbrazilusa.com\/pt\/wp-json\/wp\/v2\/users\/1"}],"replies":[{"embeddable":true,"href":"https:\/\/tvbrazilusa.com\/pt\/wp-json\/wp\/v2\/comments?post=65916"}],"version-history":[{"count":1,"href":"https:\/\/tvbrazilusa.com\/pt\/wp-json\/wp\/v2\/posts\/65916\/revisions"}],"predecessor-version":[{"id":65918,"href":"https:\/\/tvbrazilusa.com\/pt\/wp-json\/wp\/v2\/posts\/65916\/revisions\/65918"}],"wp:featuredmedia":[{"embeddable":true,"href":"https:\/\/tvbrazilusa.com\/pt\/wp-json\/wp\/v2\/media\/65917"}],"wp:attachment":[{"href":"https:\/\/tvbrazilusa.com\/pt\/wp-json\/wp\/v2\/media?parent=65916"}],"wp:term":[{"taxonomy":"category","embeddable":true,"href":"https:\/\/tvbrazilusa.com\/pt\/wp-json\/wp\/v2\/categories?post=65916"},{"taxonomy":"post_tag","embeddable":true,"href":"https:\/\/tvbrazilusa.com\/pt\/wp-json\/wp\/v2\/tags?post=65916"}],"curies":[{"name":"wp","href":"https:\/\/api.w.org\/{rel}","templated":true}]}}