{"id":65919,"date":"2024-11-26T01:07:28","date_gmt":"2024-11-26T01:07:28","guid":{"rendered":"https:\/\/tvbrazilusa.com\/2024\/11\/26\/agora-estudei-todas-as-medidas-possiveis-dentro-das-quatro-linhas-da-constituicao-diz-bolsonaro\/"},"modified":"2024-11-26T01:07:29","modified_gmt":"2024-11-26T01:07:29","slug":"agora-estudei-todas-as-medidas-possiveis-dentro-das-quatro-linhas-da-constituicao-diz-bolsonaro","status":"publish","type":"post","link":"https:\/\/tvbrazilusa.com\/pt\/2024\/11\/26\/agora-estudei-todas-as-medidas-possiveis-dentro-das-quatro-linhas-da-constituicao-diz-bolsonaro\/","title":{"rendered":"AGORA: Estudei todas as medidas poss\u00edveis dentro das &#8216;quatro linhas&#8217; da Constitui\u00e7\u00e3o, diz Bolsonaro"},"content":{"rendered":"<p> <script async src=\"https:\/\/pagead2.googlesyndication.com\/pagead\/js\/adsbygoogle.js?client=ca-pub-8864793242727901\"\r\n     crossorigin=\"anonymous\"><\/script><br \/>\n<\/p>\n<div id=\"taboola-read-more\" style=\"display:block; width:100%\">\n<p>O ex-presidente Jair Bolsonaro (PL) disse que estudou todas as medidas poss\u00edveis dentro das \u201cquatro linhas\u201d da Constitui\u00e7\u00e3o e que nunca houve discuss\u00e3o de golpe de Estado.\n<\/p>\n<p>A fala aconteceu nesta segunda-feira (25), durante entrevista coletiva no Aeroporto Internacional de Bras\u00edlia.<\/p>\n<p>\u201cNingu\u00e9m vai dar golpe com general da reserva e mais meia d\u00fazia de oficiais. \u00c9 um absurdo o que est\u00e3o falando. Da minha parte, nunca houve discuss\u00e3o de golpe. Se algu\u00e9m viesse discutir golpe comigo, ia falar: tudo bem, e o after day? E o dia seguinte, como fica o mundo perante a n\u00f3s? Todas as medidas poss\u00edveis, dentro das quatro linhas, dentro da Constitui\u00e7\u00e3o, eu estudei\u201d, disse Bolsonaro.\n<\/p>\n<p>Ele ainda afirmou que nunca teve conhecimento sobre discuss\u00f5es para um poss\u00edvel golpe de Estado.\n<\/p>\n<p>\u201cA palavra golpe nunca esteve em meu dicion\u00e1rio. Desde quando eu assumi, em 2019, vinha sendo acusado de querer dar um golpe\u201d, afirmou.\n<\/p>\n<p>Os \u00e1udios de militares que foram divulgados pela Pol\u00edcia Federal (PF), segundo Bolsonaro, lhe \u201cofendem\u201d.\n<\/p>\n<p>Estado de s\u00edtio<br \/>Ainda segundo o ex-presidente, n\u00e3o houve nenhuma assinatura para a declara\u00e7\u00e3o de estado de s\u00edtio no pa\u00eds.\n<\/p>\n<p>\u201cN\u00e3o levei para frente. At\u00e9 para estado de Defesa. N\u00e3o convoquei ningu\u00e9m e n\u00e3o assinei papel. Eu procurei saber se existia alguma maneira na Constitui\u00e7\u00e3o para resolver o problema. N\u00e3o teve como resolver, descartou-se\u201d, declarou.\n<\/p>\n<p>De acordo com a Constitui\u00e7\u00e3o, o estado de s\u00edtio pode ser solicitado pelo presidente ap\u00f3s ouvir o Conselho da Rep\u00fablica, o Conselho de Defesa Nacional e solicitar autoriza\u00e7\u00e3o para o Congresso em duas ocasi\u00f5es:\n<\/p>\n<p>como\u00e7\u00e3o grave de repercuss\u00e3o nacional ou ocorr\u00eancia de fatos que comprovem a inefic\u00e1cia de medida tomada durante o estado de defesa;<br \/>declara\u00e7\u00e3o de estado de guerra ou resposta a agress\u00e3o armada estrangeira.\n<\/p>\n<p>Fonte: CNN Brasil              <\/p>\n<\/div>\n<p><br \/>\n<br \/><a href=\"https:\/\/diariodobrasilnoticias.com.br\/noticia\/agora-estudei-todas-as-medidas-possiveis-dentro-das-quatro-linhas-da-constituicao-diz-bolsonaro-67450b792a3ec\">Source link <\/a><\/p>","protected":false},"excerpt":{"rendered":"<p>O ex-presidente Jair Bolsonaro (PL) disse que estudou todas as medidas poss\u00edveis dentro das \u201cquatro linhas\u201d da Constitui\u00e7\u00e3o e que nunca houve discuss\u00e3o de golpe de Estado. A fala aconteceu&hellip;<\/p>","protected":false},"author":1,"featured_media":65920,"comment_status":"closed","ping_status":"open","sticky":false,"template":"","format":"standard","meta":{"content-type":"","footnotes":""},"categories":[16],"tags":[123,2448,5313,1267],"class_list":["post-65919","post","type-post","status-publish","format-standard","has-post-thumbnail","hentry","category-noticias","tag-brasil","tag-diario","tag-noticia","tag-noticias"],"_links":{"self":[{"href":"https:\/\/tvbrazilusa.com\/pt\/wp-json\/wp\/v2\/posts\/65919","targetHints":{"allow":["GET"]}}],"collection":[{"href":"https:\/\/tvbrazilusa.com\/pt\/wp-json\/wp\/v2\/posts"}],"about":[{"href":"https:\/\/tvbrazilusa.com\/pt\/wp-json\/wp\/v2\/types\/post"}],"author":[{"embeddable":true,"href":"https:\/\/tvbrazilusa.com\/pt\/wp-json\/wp\/v2\/users\/1"}],"replies":[{"embeddable":true,"href":"https:\/\/tvbrazilusa.com\/pt\/wp-json\/wp\/v2\/comments?post=65919"}],"version-history":[{"count":1,"href":"https:\/\/tvbrazilusa.com\/pt\/wp-json\/wp\/v2\/posts\/65919\/revisions"}],"predecessor-version":[{"id":65921,"href":"https:\/\/tvbrazilusa.com\/pt\/wp-json\/wp\/v2\/posts\/65919\/revisions\/65921"}],"wp:featuredmedia":[{"embeddable":true,"href":"https:\/\/tvbrazilusa.com\/pt\/wp-json\/wp\/v2\/media\/65920"}],"wp:attachment":[{"href":"https:\/\/tvbrazilusa.com\/pt\/wp-json\/wp\/v2\/media?parent=65919"}],"wp:term":[{"taxonomy":"category","embeddable":true,"href":"https:\/\/tvbrazilusa.com\/pt\/wp-json\/wp\/v2\/categories?post=65919"},{"taxonomy":"post_tag","embeddable":true,"href":"https:\/\/tvbrazilusa.com\/pt\/wp-json\/wp\/v2\/tags?post=65919"}],"curies":[{"name":"wp","href":"https:\/\/api.w.org\/{rel}","templated":true}]}}