{"id":65922,"date":"2024-11-26T01:19:51","date_gmt":"2024-11-26T01:19:51","guid":{"rendered":"https:\/\/tvbrazilusa.com\/2024\/11\/26\/granada-achada-no-df-e-analisada-pelo-exercito-que-avalia-risco-de-explosao\/"},"modified":"2024-11-26T01:19:52","modified_gmt":"2024-11-26T01:19:52","slug":"granada-achada-no-df-e-analisada-pelo-exercito-que-avalia-risco-de-explosao","status":"publish","type":"post","link":"https:\/\/tvbrazilusa.com\/pt\/2024\/11\/26\/granada-achada-no-df-e-analisada-pelo-exercito-que-avalia-risco-de-explosao\/","title":{"rendered":"Granada achada no DF \u00e9 analisada pelo Ex\u00e9rcito, que avalia risco de explos\u00e3o"},"content":{"rendered":"<p> <script async src=\"https:\/\/pagead2.googlesyndication.com\/pagead\/js\/adsbygoogle.js?client=ca-pub-8864793242727901\"\r\n     crossorigin=\"anonymous\"><\/script><br \/>\n<\/p>\n<div id=\"taboola-read-more\" style=\"display:block; width:100%\">\n<p>O Ex\u00e9rcito Brasileiro, por meio de Comando Militar do Planalto, se manifestou sobre a granada encontrada em uma cooperativa de reciclagem da Estrutural, nesta segunda-feira (25\/11). De acordo com a For\u00e7a, o artefato \u201cn\u00e3o oferecia risco de explos\u00e3o nem amea\u00e7a \u00e0 sa\u00fade p\u00fablica\u201d.\n<\/p>\n<p>Ao Metr\u00f3poles, o Ex\u00e9rcito explicou, com base nas imagens divulgadas pela Pol\u00edcia Militar do Distrito Federal, que o explosivo encontrado por trabalhadores tratava-se de uma granada de bocal de exerc\u00edcio (Gr Bc Exc AC M3). Ou seja, que n\u00e3o apresentava potencial explosivo.<\/p>\n<p>O Comando Militar do Planalto esclareceu, ainda, que o artefato, datado de 1990, \u00e9 uma \u201cmuni\u00e7\u00e3o inerte utilizada em treinamentos de tropas que operam com o fuzil 7,62 e, quando completas, pode ser acionada a partir do disparo desse fuzil\u201d.\n<\/p>\n<p>O artefato foi neutralizado com uma explos\u00e3o controlada conduzida pelo Esquadr\u00e3o Antibombas do Batalh\u00e3o de Opera\u00e7\u00f5es Especiais da Pol\u00edcia Militar (Bope-PMDF).\n<\/p>\n<p>Segundo a PMDF, os militares encarregados pela Opera\u00e7\u00e3o Petardo utilizaram tamb\u00e9m um aparelho de imagens de raio-x para realizar uma avalia\u00e7\u00e3o de riscos do artefato. O militar respons\u00e1vel por carregar a granada at\u00e9 o local seguro para explos\u00e3o usava um traje antibombas.\n<\/p>\n<p>A explos\u00e3o controlada ocorreu por volta das 11h. Ainda segundo \u00e0 PMDF, por volta das 9h, o local j\u00e1 havia sido evacuado e a \u00e1rea isolada pelos militares do 15\u00ba Batalh\u00e3o.\n<\/p>\n<p>Fonte: Metr\u00f3poles              <\/p>\n<\/div>\n<p><br \/>\n<br \/><a href=\"https:\/\/diariodobrasilnoticias.com.br\/noticia\/granada-achada-no-df-e-analisada-pelo-exercito-que-avalia-risco-de-explosao-674502c05f84f\">Source link <\/a><\/p>","protected":false},"excerpt":{"rendered":"<p>O Ex\u00e9rcito Brasileiro, por meio de Comando Militar do Planalto, se manifestou sobre a granada encontrada em uma cooperativa de reciclagem da Estrutural, nesta segunda-feira (25\/11). De acordo com a&hellip;<\/p>","protected":false},"author":1,"featured_media":65923,"comment_status":"closed","ping_status":"open","sticky":false,"template":"","format":"standard","meta":{"content-type":"","footnotes":""},"categories":[16],"tags":[123,2448,5313,1267],"class_list":["post-65922","post","type-post","status-publish","format-standard","has-post-thumbnail","hentry","category-noticias","tag-brasil","tag-diario","tag-noticia","tag-noticias"],"_links":{"self":[{"href":"https:\/\/tvbrazilusa.com\/pt\/wp-json\/wp\/v2\/posts\/65922","targetHints":{"allow":["GET"]}}],"collection":[{"href":"https:\/\/tvbrazilusa.com\/pt\/wp-json\/wp\/v2\/posts"}],"about":[{"href":"https:\/\/tvbrazilusa.com\/pt\/wp-json\/wp\/v2\/types\/post"}],"author":[{"embeddable":true,"href":"https:\/\/tvbrazilusa.com\/pt\/wp-json\/wp\/v2\/users\/1"}],"replies":[{"embeddable":true,"href":"https:\/\/tvbrazilusa.com\/pt\/wp-json\/wp\/v2\/comments?post=65922"}],"version-history":[{"count":1,"href":"https:\/\/tvbrazilusa.com\/pt\/wp-json\/wp\/v2\/posts\/65922\/revisions"}],"predecessor-version":[{"id":65924,"href":"https:\/\/tvbrazilusa.com\/pt\/wp-json\/wp\/v2\/posts\/65922\/revisions\/65924"}],"wp:featuredmedia":[{"embeddable":true,"href":"https:\/\/tvbrazilusa.com\/pt\/wp-json\/wp\/v2\/media\/65923"}],"wp:attachment":[{"href":"https:\/\/tvbrazilusa.com\/pt\/wp-json\/wp\/v2\/media?parent=65922"}],"wp:term":[{"taxonomy":"category","embeddable":true,"href":"https:\/\/tvbrazilusa.com\/pt\/wp-json\/wp\/v2\/categories?post=65922"},{"taxonomy":"post_tag","embeddable":true,"href":"https:\/\/tvbrazilusa.com\/pt\/wp-json\/wp\/v2\/tags?post=65922"}],"curies":[{"name":"wp","href":"https:\/\/api.w.org\/{rel}","templated":true}]}}