{"id":65928,"date":"2024-11-26T01:14:47","date_gmt":"2024-11-26T01:14:47","guid":{"rendered":"https:\/\/tvbrazilusa.com\/2024\/11\/26\/trump-ameaca-impor-novas-tarifas-abrangentes-ao-mexico-canada-e-china-no-primeiro-dia-de-mandato\/"},"modified":"2024-11-26T01:26:14","modified_gmt":"2024-11-26T01:26:14","slug":"trump-ameaca-impor-novas-tarifas-abrangentes-ao-mexico-canada-e-china-no-primeiro-dia-de-mandato","status":"publish","type":"post","link":"https:\/\/tvbrazilusa.com\/pt\/2024\/11\/26\/trump-ameaca-impor-novas-tarifas-abrangentes-ao-mexico-canada-e-china-no-primeiro-dia-de-mandato\/","title":{"rendered":"Trump amea\u00e7a impor novas tarifas abrangentes ao M\u00e9xico, Canad\u00e1 e China no primeiro dia de mandato"},"content":{"rendered":"<p> <script async src=\"https:\/\/pagead2.googlesyndication.com\/pagead\/js\/adsbygoogle.js?client=ca-pub-8864793242727901\"\r\n     crossorigin=\"anonymous\"><\/script><br \/>\n<\/p>\n<div id=\"\">\n<header class=\"m-article-header m-article-header--standard\">\n\t\t\t\t\t\t\t\t\t\t\t\t<span id=\"article-header-primary-term\"><br \/>\n\t\t\t\t\t\t\t\t<a class=\"a-term a-term--primary\" href=\"https:\/\/www.boston.com\/tag\/politics\/\"><\/p>\n<p>\t\t\t\t\t\t\t\tPol\u00edtica\t\t\t\t\t\t\t\t<\/a><br \/>\n\t\t\t\t\t\t\t<\/span><\/p>\n<h2 class=\"m-article-header__sub-headline\">As tarifas, se implementadas, poder\u00e3o aumentar dramaticamente os pre\u00e7os de tudo, desde o g\u00e1s at\u00e9 aos autom\u00f3veis.<\/h2>\n<figure class=\"a-photo m-article-header__photo\"><figcaption class=\"a-photo__caption\">\n<p>\tARQUIVO &#8211; O presidente eleito Donald Trump fala na reuni\u00e3o da confer\u00eancia do Partido Republicano na C\u00e2mara, 13 de novembro de 2024, em Washington.<em> Foto AP \/ Alex Brandon, Arquivo<\/em>\t<\/figcaption><\/figure>\n<div class=\"m-article-header__meta\">\n<div class=\"m-article-header__byline\">\n<p class=\"m-article-header__author\">\n<p>\t\t\t\t\t\t\t\tPor JILL COLVIN, Associated Press\t\t\t\t\t\t\t<\/p>\n<p>\t\t\t\t\t\t\t\t\t\t\t\t\t\t\t<time class=\"m-article-header__date\"><\/p>\n<p>\t\t\t\t\t\t\t\t\t25 de novembro de 2024\t\t\t\t\t\t\t\t<\/time><\/p><\/div>\n<\/p><\/div>\n<\/header>\n<p>NOVA IORQUE (AP) \u2014 <a href=\"https:\/\/www.boston.com\/tag\/donald-trump\/\">Presidente eleito<\/a> Donald Trump amea\u00e7a impor novas tarifas abrangentes ao M\u00e9xico, ao Canad\u00e1 e \u00e0 China assim que tomar posse, como parte dos seus esfor\u00e7os para reprimir a imigra\u00e7\u00e3o ilegal e as drogas.<\/p>\n<p>As tarifas, se implementadas, poder\u00e3o aumentar dramaticamente os pre\u00e7os de tudo, desde o g\u00e1s at\u00e9 aos autom\u00f3veis. Os EUA s\u00e3o o maior importador de bens do mundo, sendo o M\u00e9xico, a China e o Canad\u00e1 os seus tr\u00eas principais fornecedores, de acordo com os dados mais recentes do Censo.<\/p>\n<p>Trump fez as amea\u00e7as num par de publica\u00e7\u00f5es no seu site Truth Social na noite de segunda-feira, nas quais criticou o influxo de migrantes ilegais, apesar de as passagens da fronteira sul terem estado no n\u00edvel mais baixo dos \u00faltimos quatro anos.<\/p>\n<p>\u201cEm 20 de janeiro, como uma das minhas primeiras Ordens Executivas, assinarei todos os documentos necess\u00e1rios para cobrar do M\u00e9xico e do Canad\u00e1 uma tarifa de 25% sobre TODOS os produtos que entram nos Estados Unidos e suas rid\u00edculas Fronteiras Abertas\u201d, escreveu ele, reclamando que \u201cMilhares de pessoas est\u00e3o a afluir ao M\u00e9xico e ao Canad\u00e1, elevando a criminalidade e as drogas a n\u00edveis nunca antes vistos\u201d, embora a criminalidade violenta tenha descido dos n\u00edveis m\u00e1ximos da pandemia.<\/p>\n<p>Ele disse que as novas tarifas permaneceriam em vigor \u201cat\u00e9 que as drogas, em particular o Fentanil, e todos os estrangeiros ilegais parem esta invas\u00e3o do nosso pa\u00eds! \u201d<\/p>\n<p>Trump tamb\u00e9m voltou a sua ira para a China, dizendo que \u201cteve muitas conversa\u00e7\u00f5es com a China sobre as enormes quantidades de drogas, em particular o fentanil, que est\u00e3o a ser enviadas para os Estados Unidos \u2013 mas sem sucesso\u201d.<\/p>\n<p>\u201cAt\u00e9 que parem, cobraremos da China uma tarifa adicional de 10%, acima de quaisquer tarifas adicionais, sobre todos os seus muitos produtos que entram nos Estados Unidos da Am\u00e9rica\u201d, escreveu ele.<\/p>\n<p>N\u00e3o est\u00e1 claro se Trump realmente cumprir\u00e1 as amea\u00e7as ou se as usar\u00e1 como t\u00e1tica de negocia\u00e7\u00e3o antes de assumir o cargo no ano novo.<\/p>\n<p>As deten\u00e7\u00f5es por cruzarem ilegalmente a fronteira do M\u00e9xico t\u00eam diminu\u00eddo e permaneceram perto do n\u00edvel mais baixo dos \u00faltimos quatro anos em outubro, de acordo com os n\u00fameros mais recentes dos EUA.<\/p>\n<p>A Patrulha da Fronteira efectuou 56.530 deten\u00e7\u00f5es em Outubro, menos de um ter\u00e7o do total registado em Outubro passado.<\/p>\n<p>Grande parte do fentanil americano \u00e9 contrabandeado do M\u00e9xico. As apreens\u00f5es da droga nas fronteiras aumentaram acentuadamente sob o presidente Joe Biden, e as autoridades norte-americanas registaram cerca de 21.900 libras (12.247 quilogramas) de fentanil apreendidos no ano or\u00e7amental do governo de 2024, em compara\u00e7\u00e3o com 2.545 libras (1.154 quilogramas) em 2019, quando Trump era presidente.<\/p>\n<p>O nomeado de Trump para secret\u00e1rio do Tesouro, Scott Bessent, se confirmado, seria um dos v\u00e1rios respons\u00e1veis \u200b\u200bpela imposi\u00e7\u00e3o de tarifas a outras na\u00e7\u00f5es. Ele disse em diversas ocasi\u00f5es que as tarifas s\u00e3o um meio de negocia\u00e7\u00e3o com outros pa\u00edses.<\/p>\n<p>Ele escreveu num artigo de opini\u00e3o da Fox News na semana passada, antes da sua nomea\u00e7\u00e3o, que as tarifas s\u00e3o \u201cuma ferramenta \u00fatil para alcan\u00e7ar os objectivos de pol\u00edtica externa do presidente. Quer se trate de fazer com que os aliados gastem mais na sua pr\u00f3pria defesa, de abrir mercados estrangeiros \u00e0s exporta\u00e7\u00f5es dos EUA, de garantir a coopera\u00e7\u00e3o para acabar com a imigra\u00e7\u00e3o ilegal e de interditar o tr\u00e1fico de fentanil, ou de dissuadir a agress\u00e3o militar, as tarifas podem desempenhar um papel central.\u201d<\/p>\n<p>Se Trump avan\u00e7asse com as tarifas amea\u00e7adas, os novos impostos representariam um enorme desafio para as economias do Canad\u00e1 e do M\u00e9xico, em particular.<\/p>\n<p>Tamb\u00e9m poriam em d\u00favida a fiabilidade do acordo comercial de 2020, mediado em grande parte por Trump, que dever\u00e1 ser revisto em 2026.<\/p>\n<p>Porta-vozes do embaixador do Canad\u00e1 em Washington e de sua vice-primeira-ministra, Chrystia Freeland, que preside um comit\u00ea especial do Gabinete sobre as rela\u00e7\u00f5es Canad\u00e1-EUA para abordar as preocupa\u00e7\u00f5es sobre outra presid\u00eancia de Trump, n\u00e3o forneceram coment\u00e1rios imediatos.<\/p>\n<p>A promessa de Trump de lan\u00e7ar um esfor\u00e7o de deporta\u00e7\u00e3o em massa \u00e9 o principal foco do comit\u00ea do Gabinete, disse Freeland.<\/p>\n<p>Um alto funcion\u00e1rio canadense disse antes das postagens de Trump que as autoridades canadenses esperam que Trump emita ordens executivas sobre com\u00e9rcio e fronteira assim que assumir o cargo. O funcion\u00e1rio n\u00e3o estava autorizado a falar publicamente e falou sob condi\u00e7\u00e3o de anonimato.<\/p>\n<p>O Departamento de Rela\u00e7\u00f5es Exteriores e o Departamento de Economia do M\u00e9xico tamb\u00e9m n\u00e3o reagiram imediatamente \u00e0s declara\u00e7\u00f5es de Trump. Normalmente, essas quest\u00f5es importantes s\u00e3o tratadas pela presidente em suas coletivas de imprensa matinais.<\/p>\n<p><em>Os redatores da Associated Press Adriana Gomez Licon em Fort Lauderdale, Fl\u00f3rida, Robert Gillies em Toronto, Mark Stevenson na Cidade do M\u00e9xico, Fatima Hussein e Josh Boak em Washington contribu\u00edram para este relat\u00f3rio.<\/em><\/p>\n<\/p><\/div>\n<p><script>\n\t\tvar consent=\"grant\";\n\t\t\/* The above code is parsing the JSON data from the local storage and storing it in a variable. *\/\n\t\t\t\t\tconst onetrustStorageConsent = JSON.parse(localStorage.getItem( 'consent_one_trust_bdc' ) );\n\t\t\tif ( ( onetrustStorageConsent !== null ) ) {\n\t\t\t\t\/* Checking to see if the user has consented to the use of cookies.\n\t\t\t\t* If they have not, it is deleting the cookie.\n\t\t\t\t* This will comment for now, until further notice.\n\t\t\t\t*\/\n\t\t\t\t\/\/if ( onetrustStorageConsent.C0002 === false ) {\n\t\t\t\t\/\/\tdocument.cookie=\"_fbp=;expires=Thu, 01 Jan 2010 00:00:00 UTC; path=\/; domain=.boston.com\";\n\t\t\t\t\/\/}\n\t\t\t\t\/* Checking if the user has given consent for the cookie C0002.\n\t\t\t\t* If the user has given consent, the variable consent will be set to 'grant'.\n\t\t\t\t* If the user has not given consent,the variable consent will be set to 'revoke'.\n\t\t\t\t* Documentation https:\/\/developers.facebook.com\/docs\/meta-pixel\/implementation\/gdpr\n\t\t\t\t*\/\n\t\t\t\tif ( onetrustStorageConsent.C0002 !== true ) {\n\t\t\t\t\tconsent=\"revoke\";\n\t\t\t\t}\n\t\t\t}\n\t\t\t\t!function(f,b,e,v,n,t,s)\n\t\t{if(f.fbq)return;n=f.fbq=function(){n.callMethod?\n\t\tn.callMethod.apply(n,arguments):n.queue.push(arguments)};\n\t\tif(!f._fbq)f._fbq=n;n.push=n;n.loaded=!0;n.version='2.0';\n\t\tn.queue=[];t=b.createElement(e);t.async=!0;\n\t\tt.src=v;s=b.getElementsByTagName(e)[0];\n\t\ts.parentNode.insertBefore(t,s)}(window, document,'script',\n\t\t'https:\/\/connect.facebook.net\/en_US\/fbevents.js');\n\t\tfbq('consent', consent);\n\t\tfbq('init', '989222871864976');\n\t\tfbq('track', 'PageView');\n\t<\/script><script type=\"module\">\n\t\tvar consent=\"grant\";\n\t\t\/* The above code is parsing the JSON data from the local storage and storing it in a variable. *\/\n\t\t\tconst onetrustStorageConsent = JSON.parse(localStorage.getItem( 'consent_one_trust_bdc' ) );\n\t\t\t\/* Checking to see if the user has consented to the use of cookies.\n\t\t\t* If they have not, it is deleting the cookie.\n\t\t\t* This will comment for now, until further notice.\n\t\t\t*\/\n\t\t\t\/\/if ( onetrustStorageConsent.C0002 === false ) {\n\t\t\t\/\/\tdocument.cookie=\"_fbp=;expires=Thu, 01 Jan 2010 00:00:00 UTC; path=\/; domain=.boston.com\";\n\t\t\t\/\/}\n\t\t\t\/* Checking if the user has given consent for the cookie C0002.\n\t\t\t* If the user has given consent, the variable consent will be set to 'grant'.\n\t\t\t* If the user has not given consent,the variable consent will be set to 'revoke'.\n\t\t\t* Documentation https:\/\/developers.facebook.com\/docs\/meta-pixel\/implementation\/gdpr\n\t\t\t*\/\n\t\t\tif ( ( onetrustStorageConsent !== null ) && (onetrustStorageConsent.C0002 !== true ) ) {\n\t\t\t\tconsent=\"revoke\";\n\t\t\t}\n\t\t\t\t!function(f,b,e,v,n,t,s){if(f.fbq)return;n=f.fbq=function()\n\t\t{n.callMethod? n.callMethod.apply(n,arguments):n.queue.push(arguments)}\n\t\t;if(!f._fbq)f._fbq=n;\n\t\tn.push=n;n.loaded=!0;n.version='2.0';n.queue=[];t=b.createElement(e);t.async=!0;\n\t\tt.src=v;s=b.getElementsByTagName(e)[0];s.parentNode.insertBefore(t,s)}(window,\n\t\tdocument,'script','https:\/\/connect.facebook.net\/en_US\/fbevents.js');\n\t\tfbq('consent', consent);\n\t\tfbq('init', '813236348753005');\n\t\tfbq('track', \"PageView\");\n\t<\/script><br \/>\n<br \/><br \/>\n<br \/><a href=\"https:\/\/www.boston.com\/news\/politics\/2024\/11\/25\/trump-threatens-to-impose-sweeping-new-tariffs-on-mexico-canada-and-china-on-first-day-in-office\/\">Source link <\/a><\/p>","protected":false},"excerpt":{"rendered":"<p>Pol\u00edtica As tarifas, se implementadas, poder\u00e3o aumentar dramaticamente os pre\u00e7os de tudo, desde o g\u00e1s at\u00e9 aos autom\u00f3veis. ARQUIVO &#8211; O presidente eleito Donald Trump fala na reuni\u00e3o da confer\u00eancia&hellip;<\/p>","protected":false},"author":1,"featured_media":65929,"comment_status":"closed","ping_status":"open","sticky":false,"template":"","format":"standard","meta":{"content-type":"","footnotes":""},"categories":[1],"tags":[],"class_list":["post-65928","post","type-post","status-publish","format-standard","has-post-thumbnail","hentry","category-uncategorized"],"_links":{"self":[{"href":"https:\/\/tvbrazilusa.com\/pt\/wp-json\/wp\/v2\/posts\/65928","targetHints":{"allow":["GET"]}}],"collection":[{"href":"https:\/\/tvbrazilusa.com\/pt\/wp-json\/wp\/v2\/posts"}],"about":[{"href":"https:\/\/tvbrazilusa.com\/pt\/wp-json\/wp\/v2\/types\/post"}],"author":[{"embeddable":true,"href":"https:\/\/tvbrazilusa.com\/pt\/wp-json\/wp\/v2\/users\/1"}],"replies":[{"embeddable":true,"href":"https:\/\/tvbrazilusa.com\/pt\/wp-json\/wp\/v2\/comments?post=65928"}],"version-history":[{"count":1,"href":"https:\/\/tvbrazilusa.com\/pt\/wp-json\/wp\/v2\/posts\/65928\/revisions"}],"predecessor-version":[{"id":65930,"href":"https:\/\/tvbrazilusa.com\/pt\/wp-json\/wp\/v2\/posts\/65928\/revisions\/65930"}],"wp:featuredmedia":[{"embeddable":true,"href":"https:\/\/tvbrazilusa.com\/pt\/wp-json\/wp\/v2\/media\/65929"}],"wp:attachment":[{"href":"https:\/\/tvbrazilusa.com\/pt\/wp-json\/wp\/v2\/media?parent=65928"}],"wp:term":[{"taxonomy":"category","embeddable":true,"href":"https:\/\/tvbrazilusa.com\/pt\/wp-json\/wp\/v2\/categories?post=65928"},{"taxonomy":"post_tag","embeddable":true,"href":"https:\/\/tvbrazilusa.com\/pt\/wp-json\/wp\/v2\/tags?post=65928"}],"curies":[{"name":"wp","href":"https:\/\/api.w.org\/{rel}","templated":true}]}}