{"id":6601,"date":"2024-07-23T21:40:21","date_gmt":"2024-07-23T21:40:21","guid":{"rendered":"https:\/\/tvbrazilusa.com\/2024\/07\/23\/justica-nega-acao-contra-escolas-civico-militares-em-sao-paulo\/"},"modified":"2024-07-23T21:45:45","modified_gmt":"2024-07-23T21:45:45","slug":"justica-nega-acao-contra-escolas-civico-militares-em-sao-paulo","status":"publish","type":"post","link":"https:\/\/tvbrazilusa.com\/pt\/2024\/07\/23\/justica-nega-acao-contra-escolas-civico-militares-em-sao-paulo\/","title":{"rendered":"Justi\u00e7a nega a\u00e7\u00e3o contra escolas c\u00edvico-militares em S\u00e3o Paulo"},"content":{"rendered":"<p> <script async src=\"https:\/\/pagead2.googlesyndication.com\/pagead\/js\/adsbygoogle.js?client=ca-pub-8864793242727901\"\r\n     crossorigin=\"anonymous\"><\/script><br \/>\n<\/p>\n<div>\n<p>Recentemente, S\u00e3o Paulo foi palco de uma importante decis\u00e3o judicial envolvendo o <strong>Programa Escola C\u00edvico-Militar<\/strong>. O juiz M\u00e1rcio Ferraz Nunes, atuando pela 16\u00aa Vara da Fazenda P\u00fablica, decidiu n\u00e3o prosseguir com uma a\u00e7\u00e3o que buscava invalidar a implementa\u00e7\u00e3o deste programa pelo governo de Tarc\u00edsio de Freitas, do partido Republicanos.<\/p>\n<p>A a\u00e7\u00e3o foi movida por membros do Minist\u00e9rio P\u00fablico e da Defensoria P\u00fablica de S\u00e3o Paulo, que alegaram que a resolu\u00e7\u00e3o do governo ultrapassava os limites de compet\u00eancia do Executivo, infringindo a Lei de Diretrizes e Bases da Educa\u00e7\u00e3o Nacional. No entanto, o juiz interpretou que a contesta\u00e7\u00e3o se dirigia mais \u00e0 lei que estabeleceu as escolas do programa do que \u00e0s diretrizes espec\u00edficas para sua operacionaliza\u00e7\u00e3o.<\/p>\n<h2 class=\"wp-block-heading\">Por que a Justi\u00e7a Apoiou a Continuidade das Escolas C\u00edvico-Militares?<\/h2>\n<p>O magistrado apontou que a disputa legal n\u00e3o poderia atender ao pedido de anula\u00e7\u00e3o, visto que tal a\u00e7\u00e3o representaria uma subvers\u00e3o do sistema legislativo vigente. Al\u00e9m disso, afirmou que promotores e defensores p\u00fablicos n\u00e3o possuem legitimidade para propor tal recurso, resultando na extin\u00e7\u00e3o do processo e no suporte judicial para a continuidade do <strong>Programa Escola C\u00edvico-Militar<\/strong>.<\/p>\n<h2 class=\"wp-block-heading\">Questionamentos Jur\u00eddicos em Inst\u00e2ncias Superiores<\/h2>\n<p>O programa tamb\u00e9m est\u00e1 sendo avaliado pelo Supremo Tribunal Federal (STF), que est\u00e1 analisando a constitucionalidade da lei que autorizou esse modelo de escola. A defesa do governo estadual, apresentada ao STF, argumenta que este modelo educacional busca fortalecer os direitos humanos e promover o civismo entre os alunos.<\/p>\n<h2 class=\"wp-block-heading\">Qual \u00e9 o Argumento do Governo do Estado?<\/h2>\n<p>De acordo com o governador Tarc\u00edsio de Freitas, a lei em pauta n\u00e3o gera uma nova forma de ensino, mas sim respeita as diretrizes federais j\u00e1 estabelecidas, promovendo uma educa\u00e7\u00e3o que inclui a consulta e aceita\u00e7\u00e3o da comunidade escolar. Esta abordagem visa garantir que todos os envolidos, de professores a familiares dos estudantes, tenham voz ativa nas opera\u00e7\u00f5es escolares.<\/p>\n<p>Esta decis\u00e3o recente destaca uma fase relevante para as <strong>escolas c\u00edvico-militares no estado de S\u00e3o Paulo<\/strong>, ilustrando o complexo equil\u00edbrio entre inova\u00e7\u00e3o educacional e observ\u00e2ncia regimental. Com certeza, o desenrolar dessas quest\u00f5es no STF ser\u00e1 crucial para definir o futuro deste modelo de educa\u00e7\u00e3o em todo o pa\u00eds.<\/p>\n<\/p><\/div>\n<p><br \/>\n<br \/><a href=\"https:\/\/terrabrasilnoticias.com\/2024\/07\/justica-nega-acao-contra-escolas-civico-militares-em-sao-paulo\/\">Source link <\/a><\/p>","protected":false},"excerpt":{"rendered":"<p>Recentemente, S\u00e3o Paulo foi palco de uma importante decis\u00e3o judicial envolvendo o Programa Escola C\u00edvico-Militar. O juiz M\u00e1rcio Ferraz Nunes, atuando pela 16\u00aa Vara da Fazenda P\u00fablica, decidiu n\u00e3o prosseguir&hellip;<\/p>","protected":false},"author":1,"featured_media":6602,"comment_status":"closed","ping_status":"open","sticky":false,"template":"","format":"standard","meta":{"content-type":"","footnotes":""},"categories":[16],"tags":[],"class_list":["post-6601","post","type-post","status-publish","format-standard","has-post-thumbnail","hentry","category-noticias"],"_links":{"self":[{"href":"https:\/\/tvbrazilusa.com\/pt\/wp-json\/wp\/v2\/posts\/6601","targetHints":{"allow":["GET"]}}],"collection":[{"href":"https:\/\/tvbrazilusa.com\/pt\/wp-json\/wp\/v2\/posts"}],"about":[{"href":"https:\/\/tvbrazilusa.com\/pt\/wp-json\/wp\/v2\/types\/post"}],"author":[{"embeddable":true,"href":"https:\/\/tvbrazilusa.com\/pt\/wp-json\/wp\/v2\/users\/1"}],"replies":[{"embeddable":true,"href":"https:\/\/tvbrazilusa.com\/pt\/wp-json\/wp\/v2\/comments?post=6601"}],"version-history":[{"count":1,"href":"https:\/\/tvbrazilusa.com\/pt\/wp-json\/wp\/v2\/posts\/6601\/revisions"}],"predecessor-version":[{"id":6603,"href":"https:\/\/tvbrazilusa.com\/pt\/wp-json\/wp\/v2\/posts\/6601\/revisions\/6603"}],"wp:featuredmedia":[{"embeddable":true,"href":"https:\/\/tvbrazilusa.com\/pt\/wp-json\/wp\/v2\/media\/6602"}],"wp:attachment":[{"href":"https:\/\/tvbrazilusa.com\/pt\/wp-json\/wp\/v2\/media?parent=6601"}],"wp:term":[{"taxonomy":"category","embeddable":true,"href":"https:\/\/tvbrazilusa.com\/pt\/wp-json\/wp\/v2\/categories?post=6601"},{"taxonomy":"post_tag","embeddable":true,"href":"https:\/\/tvbrazilusa.com\/pt\/wp-json\/wp\/v2\/tags?post=6601"}],"curies":[{"name":"wp","href":"https:\/\/api.w.org\/{rel}","templated":true}]}}