{"id":66019,"date":"2024-11-26T04:17:54","date_gmt":"2024-11-26T04:17:54","guid":{"rendered":"https:\/\/tvbrazilusa.com\/2024\/11\/26\/jaylen-brown-usa-marrom-chocolate-uma-das-cores-mais-trendy-para-a-temporada-outono-inverno-2024-2025\/"},"modified":"2024-11-26T04:25:21","modified_gmt":"2024-11-26T04:25:21","slug":"jaylen-brown-usa-marrom-chocolate-uma-das-cores-mais-trendy-para-a-temporada-outono-inverno-2024-2025","status":"publish","type":"post","link":"https:\/\/tvbrazilusa.com\/pt\/2024\/11\/26\/jaylen-brown-usa-marrom-chocolate-uma-das-cores-mais-trendy-para-a-temporada-outono-inverno-2024-2025\/","title":{"rendered":"Jaylen Brown usa marrom chocolate, uma das cores mais trendy para a temporada outono\/inverno 2024-2025"},"content":{"rendered":"<p> <script async src=\"https:\/\/pagead2.googlesyndication.com\/pagead\/js\/adsbygoogle.js?client=ca-pub-8864793242727901\"\r\n     crossorigin=\"anonymous\"><\/script><br \/>\n<\/p>\n<div id=\"\">\n<header class=\"m-article-header m-article-header--standard\">\n\t\t\t\t\t\t\t\t\t\t\t\t<span id=\"article-header-primary-term\"><br \/>\n\t\t\t\t\t\t\t\t<a class=\"a-term a-term--primary\" href=\"https:\/\/www.boston.com\/tag\/boston-celtics\/\"><\/p>\n<p>\t\t\t\t\t\t\t\tCeltas\t\t\t\t\t\t\t\t<\/a><br \/>\n\t\t\t\t\t\t\t<\/span><\/p>\n<h2 class=\"m-article-header__sub-headline\">No final da noite, Brown marcou pontos importantes no estilo e o Celtics garantiu uma vit\u00f3ria decisiva de 32 pontos sobre o Clippers.<\/h2>\n<figure class=\"a-photo m-article-header__photo\"><figcaption class=\"a-photo__caption\">\n<p>\tO armador do Boston Celtics, Jaylen Brown (7), reage ap\u00f3s fazer uma cesta de 3 pontos durante o segundo quarto no TD Garden.<em> Danielle Parhizkaran\/The Boston Globe<\/em>\t<\/figcaption><\/figure>\n<\/header>\n<p>O Celtics ampliou sua seq\u00fc\u00eancia de vit\u00f3rias com um <a href=\"https:\/\/www.boston.com\/sports\/boston-celtics\/2024\/11\/25\/kristaps-porzingis-returns-from-injury-as-celtics-romp-over-clippers-6-takeaways\/?p1=hp_secondary\">Vit\u00f3ria por 94 a 126 sobre o Clippers<\/a> \u2013 sua maior margem de vit\u00f3ria nesta temporada. Jaylen Brown tamb\u00e9m continuou sua seq\u00fc\u00eancia na noite de segunda-feira &#8211; desde seus ganhos at\u00e9 m\u00fasica, manchetes, elogios, eventos e <em>aquela capa<\/em>.<\/p>\n<p>Saindo de um ver\u00e3o de \u201c<a href=\"https:\/\/www.youtube.com\/watch?v=fuV4yQWdn_4\">brigando<\/a>\u201d, agora \u00e9 uma \u201ctemporada aconchegante\u201d e Brown est\u00e1 se estabelecendo em uma temporada de sucesso estatisticamente. Seu jogo em quadra preencheu a ficha de estat\u00edsticas com 17 pontos, um pouco lento no in\u00edcio, mas constante no final. Seu jogo fora da quadra tamb\u00e9m marcou pontos \u2013 pontos de estilo.<\/p>\n<p>Marrom feito <a href=\"https:\/\/www.instagram.com\/p\/DC0CFNFp1FV\/?hl=en&#038;img_index=2\">marrom<\/a> seu ponto focal no \u201c<a href=\"https:\/\/www.instagram.com\/p\/DC0CFNFp1FV\/?hl=en&#038;img_index=2\">Pista JetBlue<\/a>\u201d, visto em uma jaqueta leve com capuz na altura do joelho, cravejada de detalhes prateados, que flu\u00eda como uma fonte de chocolate &#8211; um marrom cl\u00e1ssico e verdadeiro.<\/p>\n<p>Por baixo do casaco, um su\u00e9ter simples em um tom de marrom mais escuro. Cal\u00e7as e sapatos com sola completavam o visual, fundamentando-o no preto caracter\u00edstico de Brown.<\/p>\n<figure class=\"wp-block-embed is-type-rich is-provider-twitter wp-block-embed-twitter\"\/>\n<p>O marrom chocolate est\u00e1 na moda agora. Conforme observado em um relat\u00f3rio de tend\u00eancias de cores de outubro de 2024 em <a href=\"https:\/\/www.harpersbazaar.com\/fashion\/trends\/a62581028\/chocolate-brown-color-trend\/\">Bazar do Harpista<\/a>\u201cA beleza da tend\u00eancia marrom chocolate est\u00e1 na versatilidade. \u00c9 essencialmente um neutro que pode ser trocado por preto, cinza ou branco.\u201d <\/p>\n<p>Embora tecnicamente neutro, <a href=\"https:\/\/www.instyle.com\/do-black-and-brown-go-together-7852776\">preto e marrom<\/a> tradicionalmente n\u00e3o \u00e9 um emparelhamento recomendado. \u00c9 um daqueles mitos da moda de antigamente: voc\u00ea n\u00e3o mistura preto e marrom porque eles n\u00e3o combinam, da mesma forma que voc\u00ea n\u00e3o usa <a href=\"https:\/\/www.tiktok.com\/@oldloserinbrooklyn\/video\/7072837924861267246?q=black%20and%20navy&#038;t=1732584721204\">preto e marinho<\/a>. Esta tradi\u00e7\u00e3o parece t\u00e3o onipresente quanto o &#8216;<a href=\"https:\/\/www.vogue.com\/article\/wearing-white-after-labor-day\">sem branco depois do Dia do Trabalho<\/a>&#8216; regra.<\/p>\n<p>Mas as regras mudam e a moda geracional <a href=\"https:\/\/www.thezoereport.com\/fashion\/how-to-wear-black-brown-together\">as normas evoluem<\/a>. Embora o pensamento antigo pro\u00edba o emparelhamento, as escolas de pensamento mais recentes sugerem que um par preto e marrom exala sofistica\u00e7\u00e3o e opul\u00eancia, muito parecido com um par preto e marrom. <a href=\"https:\/\/www.instagram.com\/p\/C9HgmYftMa2\/\">sele\u00e7\u00e3o luxuosa de Godiva<\/a> ou outros chocolates premium. <\/p>\n<p>Preto e marrom podem n\u00e3o ser convencionais, mas o marrom pode elevar o visual <a href=\"https:\/\/www.thetimes.com\/life-style\/fashion\/article\/why-brown-is-the-new-colour-of-quiet-luxury-nzdcjtmdv\">luxo tranquilo<\/a>o que Brown fez bem \/ N\u00e3o havia etiqueta, estampa ou designer \u00f3bvio em sua roupa, dando destaque ao sapato 741, que ele carregava nas m\u00e3os, uma reminisc\u00eancia do LeBron <a href=\"https:\/\/www.facebook.com\/watch\/?v=2014588528616777\">imagem ic\u00f4nica<\/a> segurando corajosamente uma ta\u00e7a de vinho tinto<\/p>\n<p>Brown mostrou o poder do preto e do marrom juntos, e tamb\u00e9m como ele combina com o design mais recente de sua linha de t\u00eanis e roupas de alto desempenho. <a href=\"https:\/\/www.instagram.com\/p\/DCz_V8ZxyCb\/?hl=en\">carinhosamente em exibi\u00e7\u00e3o durante toda a temporada<\/a>.<\/p>\n<p>Enquanto Brown presenteava os espectadores com uma jaqueta marrom chocolate ao leite e um su\u00e9ter marrom chocolate escuro envolto em preto, os f\u00e3s desfrutaram de outra del\u00edcia: ver \u201cCookies &#038; Cream\u201d reunidos \u2013 o apelido carinhoso para o bromance entre Brown e Kristaps Porzingis. <\/p>\n<figure class=\"wp-block-embed is-type-rich is-provider-twitter wp-block-embed-twitter\"\/>\n<p>Normalmente vestindo palet\u00f3 esporte e cal\u00e7a social, Porzingis voltou para a quadra com uma camisa de bot\u00e3o de seda, camiseta b\u00e1sica, cal\u00e7a casual, toda preta, exceto pelo acabamento branco em seu cal\u00e7ado, espelhando o acabamento preto e branco em Brown. nova exibi\u00e7\u00e3o da fam\u00edlia 741 performance wear.<\/p>\n<p>\u201cTenho que jogar melhor no 741\u201d, brincou o locutor do Celtics, Drew Carter, no final do terceiro quarto, ap\u00f3s um momento de 6 em 9 de Peyton Pritchard. Pritchard foi flagrado usando o sapato caracter\u00edstico de Brown durante o segundo tempo. O analista do Celtics, Brian Scalabrine, sugeriu: \u201cTalvez algo sobre <a href=\"https:\/\/www.boston.com\/sports\/boston-celtics\/2024\/11\/19\/jaylen-brown-celtics-cavaliers-pregame-outfit-all-black\/\">numerologia<\/a>.\u201d<\/p>\n<p>No final da noite, Brown marcou pontos importantes no estilo e o Celtics garantiu uma vit\u00f3ria decisiva de 32 pontos sobre o Clippers.<\/p>\n<div class=\"m-block m-generic-cta\t m-generic-cta--post-content\t m-generic-cta--dark\t m-generic-cta--homepage\t m-generic-cta--email-signup\t\t m-generic-cta-block-style--default \tt-amp__generic-cta\"><\/p>\n<div class=\"m-generic-cta__wrap\">\n<div class=\"m-generic-cta__content\">\n<h3 class=\"m-generic-cta__title\">Boston.com hoje<\/h3>\n<p class=\"m-generic-cta__subtitle\">Inscreva-se para receber as \u00faltimas manchetes em sua caixa de entrada todas as manh\u00e3s.<\/p>\n<\/p><\/div>\n<\/p><\/div>\n<\/div><\/div>\n<p><script>\n\t\tvar consent=\"grant\";\n\t\t\/* The above code is parsing the JSON data from the local storage and storing it in a variable. *\/\n\t\t\t\t\tconst onetrustStorageConsent = JSON.parse(localStorage.getItem( 'consent_one_trust_bdc' ) );\n\t\t\tif ( ( onetrustStorageConsent !== null ) ) {\n\t\t\t\t\/* Checking to see if the user has consented to the use of cookies.\n\t\t\t\t* If they have not, it is deleting the cookie.\n\t\t\t\t* This will comment for now, until further notice.\n\t\t\t\t*\/\n\t\t\t\t\/\/if ( onetrustStorageConsent.C0002 === false ) {\n\t\t\t\t\/\/\tdocument.cookie=\"_fbp=;expires=Thu, 01 Jan 2010 00:00:00 UTC; path=\/; domain=.boston.com\";\n\t\t\t\t\/\/}\n\t\t\t\t\/* Checking if the user has given consent for the cookie C0002.\n\t\t\t\t* If the user has given consent, the variable consent will be set to 'grant'.\n\t\t\t\t* If the user has not given consent,the variable consent will be set to 'revoke'.\n\t\t\t\t* Documentation https:\/\/developers.facebook.com\/docs\/meta-pixel\/implementation\/gdpr\n\t\t\t\t*\/\n\t\t\t\tif ( onetrustStorageConsent.C0002 !== true ) {\n\t\t\t\t\tconsent=\"revoke\";\n\t\t\t\t}\n\t\t\t}\n\t\t\t\t!function(f,b,e,v,n,t,s)\n\t\t{if(f.fbq)return;n=f.fbq=function(){n.callMethod?\n\t\tn.callMethod.apply(n,arguments):n.queue.push(arguments)};\n\t\tif(!f._fbq)f._fbq=n;n.push=n;n.loaded=!0;n.version='2.0';\n\t\tn.queue=[];t=b.createElement(e);t.async=!0;\n\t\tt.src=v;s=b.getElementsByTagName(e)[0];\n\t\ts.parentNode.insertBefore(t,s)}(window, document,'script',\n\t\t'https:\/\/connect.facebook.net\/en_US\/fbevents.js');\n\t\tfbq('consent', consent);\n\t\tfbq('init', '989222871864976');\n\t\tfbq('track', 'PageView');\n\t<\/script><script type=\"module\">\n\t\tvar consent=\"grant\";\n\t\t\/* The above code is parsing the JSON data from the local storage and storing it in a variable. *\/\n\t\t\tconst onetrustStorageConsent = JSON.parse(localStorage.getItem( 'consent_one_trust_bdc' ) );\n\t\t\t\/* Checking to see if the user has consented to the use of cookies.\n\t\t\t* If they have not, it is deleting the cookie.\n\t\t\t* This will comment for now, until further notice.\n\t\t\t*\/\n\t\t\t\/\/if ( onetrustStorageConsent.C0002 === false ) {\n\t\t\t\/\/\tdocument.cookie=\"_fbp=;expires=Thu, 01 Jan 2010 00:00:00 UTC; path=\/; domain=.boston.com\";\n\t\t\t\/\/}\n\t\t\t\/* Checking if the user has given consent for the cookie C0002.\n\t\t\t* If the user has given consent, the variable consent will be set to 'grant'.\n\t\t\t* If the user has not given consent,the variable consent will be set to 'revoke'.\n\t\t\t* Documentation https:\/\/developers.facebook.com\/docs\/meta-pixel\/implementation\/gdpr\n\t\t\t*\/\n\t\t\tif ( ( onetrustStorageConsent !== null ) && (onetrustStorageConsent.C0002 !== true ) ) {\n\t\t\t\tconsent=\"revoke\";\n\t\t\t}\n\t\t\t\t!function(f,b,e,v,n,t,s){if(f.fbq)return;n=f.fbq=function()\n\t\t{n.callMethod? n.callMethod.apply(n,arguments):n.queue.push(arguments)}\n\t\t;if(!f._fbq)f._fbq=n;\n\t\tn.push=n;n.loaded=!0;n.version='2.0';n.queue=[];t=b.createElement(e);t.async=!0;\n\t\tt.src=v;s=b.getElementsByTagName(e)[0];s.parentNode.insertBefore(t,s)}(window,\n\t\tdocument,'script','https:\/\/connect.facebook.net\/en_US\/fbevents.js');\n\t\tfbq('consent', consent);\n\t\tfbq('init', '813236348753005');\n\t\tfbq('track', \"PageView\");\n\t<\/script><script async src=\"\/\/www.instagram.com\/embed.js\"><\/script><script async src=\"\/\/www.tiktok.com\/embed.js\"><\/script><br \/>\n<br \/><br \/>\n<br \/><a href=\"https:\/\/www.boston.com\/sports\/boston-celtics\/2024\/11\/25\/jaylen-brown-wears-chocolate-brown-one-of-the-most-trendy-colors-for-the-2024-2025-fall-winter-season\/\">Source link <\/a><\/p>","protected":false},"excerpt":{"rendered":"<p>Celtas No final da noite, Brown marcou pontos importantes no estilo e o Celtics garantiu uma vit\u00f3ria decisiva de 32 pontos sobre o Clippers. O armador do Boston Celtics, Jaylen&hellip;<\/p>","protected":false},"author":1,"featured_media":66020,"comment_status":"closed","ping_status":"open","sticky":false,"template":"","format":"standard","meta":{"content-type":"","footnotes":""},"categories":[1],"tags":[],"class_list":["post-66019","post","type-post","status-publish","format-standard","has-post-thumbnail","hentry","category-uncategorized"],"_links":{"self":[{"href":"https:\/\/tvbrazilusa.com\/pt\/wp-json\/wp\/v2\/posts\/66019","targetHints":{"allow":["GET"]}}],"collection":[{"href":"https:\/\/tvbrazilusa.com\/pt\/wp-json\/wp\/v2\/posts"}],"about":[{"href":"https:\/\/tvbrazilusa.com\/pt\/wp-json\/wp\/v2\/types\/post"}],"author":[{"embeddable":true,"href":"https:\/\/tvbrazilusa.com\/pt\/wp-json\/wp\/v2\/users\/1"}],"replies":[{"embeddable":true,"href":"https:\/\/tvbrazilusa.com\/pt\/wp-json\/wp\/v2\/comments?post=66019"}],"version-history":[{"count":1,"href":"https:\/\/tvbrazilusa.com\/pt\/wp-json\/wp\/v2\/posts\/66019\/revisions"}],"predecessor-version":[{"id":66021,"href":"https:\/\/tvbrazilusa.com\/pt\/wp-json\/wp\/v2\/posts\/66019\/revisions\/66021"}],"wp:featuredmedia":[{"embeddable":true,"href":"https:\/\/tvbrazilusa.com\/pt\/wp-json\/wp\/v2\/media\/66020"}],"wp:attachment":[{"href":"https:\/\/tvbrazilusa.com\/pt\/wp-json\/wp\/v2\/media?parent=66019"}],"wp:term":[{"taxonomy":"category","embeddable":true,"href":"https:\/\/tvbrazilusa.com\/pt\/wp-json\/wp\/v2\/categories?post=66019"},{"taxonomy":"post_tag","embeddable":true,"href":"https:\/\/tvbrazilusa.com\/pt\/wp-json\/wp\/v2\/tags?post=66019"}],"curies":[{"name":"wp","href":"https:\/\/api.w.org\/{rel}","templated":true}]}}