{"id":66046,"date":"2024-11-26T10:11:23","date_gmt":"2024-11-26T10:11:23","guid":{"rendered":"https:\/\/tvbrazilusa.com\/2024\/11\/26\/jaylen-brown-critica-a-transmissao-dos-timberwolves-por-odiar-seu-inicio-quente\/"},"modified":"2024-11-26T10:17:11","modified_gmt":"2024-11-26T10:17:11","slug":"jaylen-brown-critica-a-transmissao-dos-timberwolves-por-odiar-seu-inicio-quente","status":"publish","type":"post","link":"https:\/\/tvbrazilusa.com\/pt\/2024\/11\/26\/jaylen-brown-critica-a-transmissao-dos-timberwolves-por-odiar-seu-inicio-quente\/","title":{"rendered":"Jaylen Brown critica a transmiss\u00e3o dos Timberwolves por &#8216;odiar&#8217; seu in\u00edcio quente"},"content":{"rendered":"<p> <script async src=\"https:\/\/pagead2.googlesyndication.com\/pagead\/js\/adsbygoogle.js?client=ca-pub-8864793242727901\"\r\n     crossorigin=\"anonymous\"><\/script><br \/>\n<\/p>\n<div id=\"\">\n<header class=\"m-article-header m-article-header--standard\">\n\t\t\t\t\t\t\t\t\t\t\t\t<span id=\"article-header-primary-term\"><br \/>\n\t\t\t\t\t\t\t\t<a class=\"a-term a-term--primary\" href=\"https:\/\/www.boston.com\/tag\/boston-celtics\/\"><\/p>\n<p>\t\t\t\t\t\t\t\tCeltas\t\t\t\t\t\t\t\t<\/a><br \/>\n\t\t\t\t\t\t\t<\/span><\/p>\n<h2 class=\"m-article-header__sub-headline\">Brown twittou que era uma transmiss\u00e3o de \u201c\u00f3dio, haha\u201d<\/h2>\n<figure class=\"a-photo m-article-header__photo\"><figcaption class=\"a-photo__caption\">\n<p>\tJaylen Brown. <em> Foto de Brian Fluharty\/Getty Images<\/em>\t<\/figcaption><\/figure>\n<\/header>\n<div class=\"m-block t-amp__list-container m-article-list-container m-article-list-container--frame-border a-border-frame  a-list-header__headline--red m-article-list--alternative--default  m-article-list--floated\">\n<ul class=\"t-amp__list a-list--no-style m-article-list m-article-list--recirculation m-article-list--has-images\">\n<li class=\"m-article-list__item m-article-list__item--featured\">\n\t\t\t<a class=\"m-article-list__link-wrapper\" href=\"https:\/\/www.boston.com\/sports\/boston-celtics\/2024\/11\/25\/jaylen-brown-wears-chocolate-brown-one-of-the-most-trendy-colors-for-the-2024-2025-fall-winter-season\/?p1=article_recirc_inline_feature\" data-p1=\"article_recirc_inline_feature\"><br \/>\n\t\t\t\t<img fetchpriority=\"high\" decoding=\"async\" width=\"768\" height=\"432\" src=\"https:\/\/bdc2020.o0bc.com\/wp-content\/uploads\/2024\/11\/ZQYCDKB7AKBHP7Y54TA2R5T2AM-67454b09db853-768x432.jpg\" class=\"t-amp__list-image m-article-list__image m-article-list__image--full\" alt=\"O armador do Boston Celtics, Jaylen Brown (7), reage ap\u00f3s fazer uma cesta de 3 pontos durante o segundo quarto no TD Garden.\" aria-hidden=\"true\" srcset=\"https:\/\/bdc2020.o0bc.com\/wp-content\/uploads\/2024\/11\/ZQYCDKB7AKBHP7Y54TA2R5T2AM-67454b09db853-768x432.jpg?width=200 200w, https:\/\/bdc2020.o0bc.com\/wp-content\/uploads\/2024\/11\/ZQYCDKB7AKBHP7Y54TA2R5T2AM-67454b09db853-768x432.jpg?width=300 300w, https:\/\/bdc2020.o0bc.com\/wp-content\/uploads\/2024\/11\/ZQYCDKB7AKBHP7Y54TA2R5T2AM-67454b09db853-768x432.jpg?width=400 400w, https:\/\/bdc2020.o0bc.com\/wp-content\/uploads\/2024\/11\/ZQYCDKB7AKBHP7Y54TA2R5T2AM-67454b09db853-768x432.jpg?width=500 500w, https:\/\/bdc2020.o0bc.com\/wp-content\/uploads\/2024\/11\/ZQYCDKB7AKBHP7Y54TA2R5T2AM-67454b09db853-768x432.jpg?width=600 600w, https:\/\/bdc2020.o0bc.com\/wp-content\/uploads\/2024\/11\/ZQYCDKB7AKBHP7Y54TA2R5T2AM-67454b09db853-768x432.jpg?width=700 700w, https:\/\/bdc2020.o0bc.com\/wp-content\/uploads\/2024\/11\/ZQYCDKB7AKBHP7Y54TA2R5T2AM-67454b09db853-768x432.jpg?width=800 800w, https:\/\/bdc2020.o0bc.com\/wp-content\/uploads\/2024\/11\/ZQYCDKB7AKBHP7Y54TA2R5T2AM-67454b09db853-768x432.jpg?width=900 900w\" sizes=\"(max-width: 768px) 100vw, 768px\"\/>\t\t\t\t\t<\/p>\n<p><h4 class=\"m-article-list__headline t-amp__list-headline\">\n\t\t\t\t\t\t\t<span class=\"m-article-list__link a-link a-link--inline a-link--text-link a-link--text-link-dark\"><\/p>\n<p>\t\t\t\t\t\t\tJaylen Brown usa marrom chocolate, uma das cores mais trendy para a temporada outono\/inverno 2024-2025\t\t\t\t\t\t\t<\/span><br \/>\n\t\t\t\t\t\t<\/h4>\n<\/p>\n<p>\t\t\t\t<\/a>\n\t\t\t<\/li>\n<li class=\"m-article-list__item\">\n\t\t\t\t\t<a class=\"m-article-list__link-wrapper\" href=\"https:\/\/www.boston.com\/sports\/local-news\/2024\/11\/25\/kristaps-porzingis-season-debut-celtics-clippers-quotes-comments\/?p1=article_recirc_inline_feed\" data-p1=\"article_recirc_inline_feed\"><\/p>\n<p><h4 class=\"m-article-list__headline\">\n\t\t\t\t\t\t\t\t\t<span class=\"m-article-list__link a-link a-link--inline a-link--text-link a-link--text-link-dark\"><\/p>\n<p>\t\t\t\t\t\t\t\t\tCinco meses ap\u00f3s a cirurgia no tornozelo, o piv\u00f4 do Celtics, Kristaps Porzingis, faz sua estreia na temporada\t\t\t\t\t\t\t\t\t<\/span><br \/>\n\t\t\t\t\t\t\t\t<\/h4>\n<\/p>\n<p>\t\t\t\t\t\t<\/a>\n\t\t\t\t\t<\/li>\n<\/ul>\n<\/div>\n<p><a href=\"https:\/\/www.espn.com\/nba\/player\/_\/id\/3917376\/jaylen-brown\">Jaylen Brown <\/a>abriu um sorriso quando um rep\u00f3rter leu alguns de seus tweets para ele ap\u00f3s a vit\u00f3ria de segunda-feira contra o <a href=\"https:\/\/www.boston.com\/sports\/boston-celtics\/2024\/11\/25\/kristaps-porzingis-returns-from-injury-as-celtics-romp-over-clippers-6-takeaways\/?p1=hp_primary\">Clippers no TD Garden. <\/a><\/p>\n<p>Em 14 de novembro, Brown tuitou isso <a href=\"https:\/\/twitter.com\/FCHWPO\/status\/1857148908176044111\">Nike tinha \u201cenergia estranha\u201d <\/a>depois que a empresa de cal\u00e7ados e roupas tuitou que n\u00e3o havia nada de infantil nos 59 pontos que Giannis Antetokounmpo marcou contra o Detroit. <\/p>\n<p>Brown chamou Antetokounmpo de crian\u00e7a depois que a estrela do Bucks lhe deu uma cotovelada no rosto, fingiu apertar sua m\u00e3o e, brincando, puxou-a de volta antes que Brown pudesse alcan\u00e7\u00e1-la. <\/p>\n<p>Ent\u00e3o, antes do jogo de segunda-feira, <a href=\"https:\/\/twitter.com\/FCHWPO\/status\/1861075154140324089\">Brown tuitou um clipe com uma cita\u00e7\u00e3o <\/a>da equipe de transmiss\u00e3o dos Timberwolves anunciando seu in\u00edcio quente contra Minnesota. Ele disse que era uma transmiss\u00e3o de \u201c\u00f3dio\u201d. Brown abriu o jogo com cinco trios consecutivos e os locutores locais de Minnesota tinham muito a dizer. <\/p>\n<p>Depois dos tr\u00eas primeiros de Brown, as emissoras mencionaram que Brown n\u00e3o havia arremessado bem a bola na faixa de 3 pontos nesta temporada.<\/p>\n<figure class=\"wp-block-embed is-type-rich is-provider-twitter wp-block-embed-twitter\"\/>\n<p>\u201cSe voc\u00ea olhar o gr\u00e1fico de arremessos dele, Michael, n\u00e3o \u00e9 bom\u201d, disse um locutor. \u201cN\u00e3o \u00e9 um gr\u00e1fico verde. \u00c9 muito vermelho e muito branco. As brancas est\u00e3o na m\u00e9dia da liga e as vermelhas est\u00e3o abaixo da m\u00e9dia da liga.\u201d  <\/p>\n<p>Nos quartos tr\u00eas, uma das emissoras disse: \u201cInacredit\u00e1vel. Voc\u00ea entra neste jogo e eu literalmente daria aquela chance a ele.<\/p>\n<p>Durante os playoffs do ano passado, uma fonte an\u00f4nima disse \u00e0 ESPN Stephen A. Smith que Brown n\u00e3o era t\u00e3o comercializ\u00e1vel quanto poderia por causa de sua atitude. <\/p>\n<figure class=\"wp-block-embed is-type-rich is-provider-twitter wp-block-embed-twitter\"\/>\n<p>Brown disse que isso, entre outras coisas, o levou a reagir contra certas narrativas nas redes sociais. <\/p>\n<p>\u201cEu n\u00e3o diria que isso me motiva\u201d, disse Brown. \u201cEu nunca disse nada durante a maior parte da minha carreira. Eu deixo as pessoas criarem a narrativa para mim. Nunca falo, n\u00e3o sorrio. Eu meio que deixo as coisas serem ditas.\u201d<\/p>\n<p>\u201cMas este ano, especialmente com as pessoas dizendo e tentando criar narrativas de que n\u00e3o sou comercializ\u00e1vel e todos os tipos de coisas, sinto que \u00e9 justo dizer algo em troca\u201d, acrescentou Brown. \u201cIsso n\u00e3o me incomoda. Na verdade n\u00e3o estou pensando em nada. Isso n\u00e3o me afeta. Mas, se eu apontar algo, estou apenas apontando, \u00e9 isso e sigo em frente.\u201d <\/p>\n<div class=\"o-author-single has-avatar\">\n<header class=\"m-author-card\">\n<div class=\"a-image a-image--square m-author-card__image\">\n\t\t<img decoding=\"async\" class=\"\" src=\"https:\/\/www.boston.com\/wp-content\/uploads\/2024\/10\/cropped-Screen-Shot-2024-01-26-at-4.59.30-PM-6706db53ae1d7-6706dcbabfba0-242x242.png\" alt=\"Imagem do perfil de Khari A. Thompson\"\/>\t<\/div>\n<div class=\"m-author-card__text\">\n<h3 class=\"m-author-card__title\"><a href=\"https:\/\/www.boston.com\/author\/kharia-thompson\">Khari A. Thompson<\/a><\/h3>\n<p><span class=\"m-author-card__subtitle\">Rep\u00f3rter Esportivo<\/span>\t<\/div>\n<\/header>\n<section class=\"author-info\">\n<hr class=\"m-author__section--hr\"\/>\n<div class=\"m-author__section\">\n<p>Khari Thompson cobre esportes profissionais para Boston.com. Antes de ingressar no time em 2022, Khari cobriu futebol universit\u00e1rio para o The Clarion Ledger em Jackson, Mississipi.<\/p>\n<\/div>\n<hr class=\"m-author__section--hr\"\/>\t<\/section>\n<\/div>\n<div class=\"m-block m-generic-cta\t m-generic-cta--post-content\t m-generic-cta--dark\t m-generic-cta--homepage\t m-generic-cta--email-signup\t\t m-generic-cta-block-style--default \tt-amp__generic-cta\"><\/p>\n<div class=\"m-generic-cta__wrap\">\n<div class=\"m-generic-cta__content\">\n<h3 class=\"m-generic-cta__title\">Inscreva-se para receber atualiza\u00e7\u00f5es do Celtics\ud83c\udfc0<\/h3>\n<p class=\"m-generic-cta__subtitle\">Receba as \u00faltimas not\u00edcias e an\u00e1lises em sua caixa de entrada durante a temporada de basquete.<\/p>\n<\/p><\/div>\n<\/p><\/div>\n<\/div><\/div>\n<p><script async src=\"\/\/platform.twitter.com\/widgets.js\" charset=\"utf-8\"><\/script><script>\n\t\tvar consent=\"grant\";\n\t\t\/* The above code is parsing the JSON data from the local storage and storing it in a variable. *\/\n\t\t\t\t\tconst onetrustStorageConsent = JSON.parse(localStorage.getItem( 'consent_one_trust_bdc' ) );\n\t\t\tif ( ( onetrustStorageConsent !== null ) ) {\n\t\t\t\t\/* Checking to see if the user has consented to the use of cookies.\n\t\t\t\t* If they have not, it is deleting the cookie.\n\t\t\t\t* This will comment for now, until further notice.\n\t\t\t\t*\/\n\t\t\t\t\/\/if ( onetrustStorageConsent.C0002 === false ) {\n\t\t\t\t\/\/\tdocument.cookie=\"_fbp=;expires=Thu, 01 Jan 2010 00:00:00 UTC; path=\/; domain=.boston.com\";\n\t\t\t\t\/\/}\n\t\t\t\t\/* Checking if the user has given consent for the cookie C0002.\n\t\t\t\t* If the user has given consent, the variable consent will be set to 'grant'.\n\t\t\t\t* If the user has not given consent,the variable consent will be set to 'revoke'.\n\t\t\t\t* Documentation https:\/\/developers.facebook.com\/docs\/meta-pixel\/implementation\/gdpr\n\t\t\t\t*\/\n\t\t\t\tif ( onetrustStorageConsent.C0002 !== true ) {\n\t\t\t\t\tconsent=\"revoke\";\n\t\t\t\t}\n\t\t\t}\n\t\t\t\t!function(f,b,e,v,n,t,s)\n\t\t{if(f.fbq)return;n=f.fbq=function(){n.callMethod?\n\t\tn.callMethod.apply(n,arguments):n.queue.push(arguments)};\n\t\tif(!f._fbq)f._fbq=n;n.push=n;n.loaded=!0;n.version='2.0';\n\t\tn.queue=[];t=b.createElement(e);t.async=!0;\n\t\tt.src=v;s=b.getElementsByTagName(e)[0];\n\t\ts.parentNode.insertBefore(t,s)}(window, document,'script',\n\t\t'https:\/\/connect.facebook.net\/en_US\/fbevents.js');\n\t\tfbq('consent', consent);\n\t\tfbq('init', '989222871864976');\n\t\tfbq('track', 'PageView');\n\t<\/script><script type=\"module\">\n\t\tvar consent=\"grant\";\n\t\t\/* The above code is parsing the JSON data from the local storage and storing it in a variable. *\/\n\t\t\tconst onetrustStorageConsent = JSON.parse(localStorage.getItem( 'consent_one_trust_bdc' ) );\n\t\t\t\/* Checking to see if the user has consented to the use of cookies.\n\t\t\t* If they have not, it is deleting the cookie.\n\t\t\t* This will comment for now, until further notice.\n\t\t\t*\/\n\t\t\t\/\/if ( onetrustStorageConsent.C0002 === false ) {\n\t\t\t\/\/\tdocument.cookie=\"_fbp=;expires=Thu, 01 Jan 2010 00:00:00 UTC; path=\/; domain=.boston.com\";\n\t\t\t\/\/}\n\t\t\t\/* Checking if the user has given consent for the cookie C0002.\n\t\t\t* If the user has given consent, the variable consent will be set to 'grant'.\n\t\t\t* If the user has not given consent,the variable consent will be set to 'revoke'.\n\t\t\t* Documentation https:\/\/developers.facebook.com\/docs\/meta-pixel\/implementation\/gdpr\n\t\t\t*\/\n\t\t\tif ( ( onetrustStorageConsent !== null ) && (onetrustStorageConsent.C0002 !== true ) ) {\n\t\t\t\tconsent=\"revoke\";\n\t\t\t}\n\t\t\t\t!function(f,b,e,v,n,t,s){if(f.fbq)return;n=f.fbq=function()\n\t\t{n.callMethod? n.callMethod.apply(n,arguments):n.queue.push(arguments)}\n\t\t;if(!f._fbq)f._fbq=n;\n\t\tn.push=n;n.loaded=!0;n.version='2.0';n.queue=[];t=b.createElement(e);t.async=!0;\n\t\tt.src=v;s=b.getElementsByTagName(e)[0];s.parentNode.insertBefore(t,s)}(window,\n\t\tdocument,'script','https:\/\/connect.facebook.net\/en_US\/fbevents.js');\n\t\tfbq('consent', consent);\n\t\tfbq('init', '813236348753005');\n\t\tfbq('track', \"PageView\");\n\t<\/script><br \/>\n<br \/><br \/>\n<br \/><a href=\"https:\/\/www.boston.com\/sports\/boston-celtics\/2024\/11\/26\/jaylen-brown-timberwolves-broadcast-hating-comments-quotes\/\">Source link <\/a><\/p>","protected":false},"excerpt":{"rendered":"<p>Celtas Brown twittou que era uma transmiss\u00e3o de \u201c\u00f3dio, haha\u201d Jaylen Brown. Foto de Brian Fluharty\/Getty Images Jaylen Brown usa marrom chocolate, uma das cores mais trendy para a temporada&hellip;<\/p>","protected":false},"author":1,"featured_media":66047,"comment_status":"closed","ping_status":"open","sticky":false,"template":"","format":"standard","meta":{"content-type":"","footnotes":""},"categories":[1],"tags":[],"class_list":["post-66046","post","type-post","status-publish","format-standard","has-post-thumbnail","hentry","category-uncategorized"],"_links":{"self":[{"href":"https:\/\/tvbrazilusa.com\/pt\/wp-json\/wp\/v2\/posts\/66046","targetHints":{"allow":["GET"]}}],"collection":[{"href":"https:\/\/tvbrazilusa.com\/pt\/wp-json\/wp\/v2\/posts"}],"about":[{"href":"https:\/\/tvbrazilusa.com\/pt\/wp-json\/wp\/v2\/types\/post"}],"author":[{"embeddable":true,"href":"https:\/\/tvbrazilusa.com\/pt\/wp-json\/wp\/v2\/users\/1"}],"replies":[{"embeddable":true,"href":"https:\/\/tvbrazilusa.com\/pt\/wp-json\/wp\/v2\/comments?post=66046"}],"version-history":[{"count":1,"href":"https:\/\/tvbrazilusa.com\/pt\/wp-json\/wp\/v2\/posts\/66046\/revisions"}],"predecessor-version":[{"id":66048,"href":"https:\/\/tvbrazilusa.com\/pt\/wp-json\/wp\/v2\/posts\/66046\/revisions\/66048"}],"wp:featuredmedia":[{"embeddable":true,"href":"https:\/\/tvbrazilusa.com\/pt\/wp-json\/wp\/v2\/media\/66047"}],"wp:attachment":[{"href":"https:\/\/tvbrazilusa.com\/pt\/wp-json\/wp\/v2\/media?parent=66046"}],"wp:term":[{"taxonomy":"category","embeddable":true,"href":"https:\/\/tvbrazilusa.com\/pt\/wp-json\/wp\/v2\/categories?post=66046"},{"taxonomy":"post_tag","embeddable":true,"href":"https:\/\/tvbrazilusa.com\/pt\/wp-json\/wp\/v2\/tags?post=66046"}],"curies":[{"name":"wp","href":"https:\/\/api.w.org\/{rel}","templated":true}]}}