{"id":66061,"date":"2024-11-26T11:06:24","date_gmt":"2024-11-26T11:06:24","guid":{"rendered":"https:\/\/tvbrazilusa.com\/2024\/11\/26\/o-relogio-de-luxo-de-alexandre-de-moraes-que-ganhou-destaque-nas-redes-sociais\/"},"modified":"2024-11-26T11:06:26","modified_gmt":"2024-11-26T11:06:26","slug":"o-relogio-de-luxo-de-alexandre-de-moraes-que-ganhou-destaque-nas-redes-sociais","status":"publish","type":"post","link":"https:\/\/tvbrazilusa.com\/pt\/2024\/11\/26\/o-relogio-de-luxo-de-alexandre-de-moraes-que-ganhou-destaque-nas-redes-sociais\/","title":{"rendered":"O rel\u00f3gio de luxo de Alexandre de Moraes que ganhou destaque nas redes sociais"},"content":{"rendered":"<p> <script async src=\"https:\/\/pagead2.googlesyndication.com\/pagead\/js\/adsbygoogle.js?client=ca-pub-8864793242727901\"\r\n     crossorigin=\"anonymous\"><\/script><br \/>\n<\/p>\n<div id=\"taboola-read-more\" style=\"display:block; width:100%\">\n<p>Viralizou nas redes sociais nesta segunda-feira, 25, uma foto do ministro Alexandre de Moraes, do Supremo Tribunal Federal (STF), usando um rel\u00f3gio de luxo da marca su\u00ed\u00e7a Patek Philippe, uma das mais conceituadas e caras do mundo. Uma publica\u00e7\u00e3o no X, feita por um perfil que tem 4.002 seguidores, tinha, at\u00e9 o in\u00edcio da noite, mais de 23 mil curtidas, quase 4.000 coment\u00e1rios e mais de 4.200 repostagens.\n<\/p>\n<p>A publica\u00e7\u00e3o (veja abaixo) questionava como um magistrado do STF, que ganha em torno de 41 mil reais mensais, teto do Judici\u00e1rio, teria condi\u00e7\u00f5es financeiras de adquirir o rel\u00f3gio, cujo valor seria de 350 mil reais. A situa\u00e7\u00e3o, no entanto, n\u00e3o \u00e9 bem essa.<\/p>\n<p>O rel\u00f3gio que Moraes aparece usando na foto \u00e9 o modelo 5711G da marca, feito de ouro branco com pulseira de couro de crocodilo, produzido pela Patek Philippe entre os anos de 2008 e 2011. Na \u00e9poca, ele custava em torno de 30 mil d\u00f3lares (na cota\u00e7\u00e3o atual, equivalente a 174 mil reais). Agora que ele saiu de linha, ficou valorizado, algo comum no mercado de luxo. Hoje, o rel\u00f3gio vale entre 350 mil e 500 mil reais, dependendo do estado de conserva\u00e7\u00e3o e se est\u00e1 ou n\u00e3o completo \u2014 com caixa e documenta\u00e7\u00e3o.\n<\/p>\n<p>A compra de um rel\u00f3gio como esse funciona mais ou menos da mesma forma que a famosa bolsa Birkin, da Herm\u00e8s. N\u00e3o basta ter o dinheiro em m\u00e3os, \u00e9 preciso ter alguma \u201cindica\u00e7\u00e3o\u201d ou esperar alguns anos na fila. \u201cAlguns modelos da marca voc\u00ea fica sete a dez anos esperando para comprar. \u00c9 como o Rolex Daytona. O pre\u00e7o dele no site \u00e9 em torno de 110 mil reais. Mas, se voc\u00ea for na loja, n\u00e3o consegue comprar. Precisa entrar na fila\u201d, explica Leandro Amorim, dono do canal GMT Menos 3, que fala sobre a relojoaria de alto padr\u00e3o.\n<\/p>\n<p>Gosto por rel\u00f3gios<br \/>Acompanhando o setor h\u00e1 uma d\u00e9cada, Amorim chegou a fazer um v\u00eddeo no seu canal sobre os rel\u00f3gios usados pelos ministros do STF, mas acabou tirando-o do ar. Al\u00e9m do Patek Philippe, Moraes tamb\u00e9m j\u00e1 foi visto usando um Rolex Yacht-Master, um Tag Heuer Carrera Calibre 16 e um Omega De Ville. Pela observa\u00e7\u00e3o do estudioso, o ministro tem esses rel\u00f3gios j\u00e1 h\u00e1 alguns anos. \u201cPessoas como ele, que t\u00eam uma vida pregressa de muito sucesso, t\u00eam acesso a esse mercado\u201d, diz Amorim.\n<\/p>\n<p>Antes de ser ministro da Corte, Moraes teve v\u00e1rios cargos p\u00fablicos \u2014 ele foi Ministro da Justi\u00e7a de Michel Temer, secret\u00e1rio de Seguran\u00e7a P\u00fablica de S\u00e3o Paulo no governo Geraldo Alckmin, secret\u00e1rio de Transportes de Gilberto Kassab na prefeitura de S\u00e3o Paulo, comp\u00f4s o Conselho Nacional de Justi\u00e7a e, nos anos 1990, come\u00e7ou como promotor no Minist\u00e9rio P\u00fablico paulista.\n<\/p>\n<p>Moraes tem padr\u00e3o de renda compat\u00edvel com o produto. At\u00e9 ingressar no STF, o hoje ministro tamb\u00e9m tinha seu escrit\u00f3rio de advocacia, gerido agora pela sua esposa e filhos. Atualmente, al\u00e9m de ocupar uma cadeira na Corte, Moraes \u00e9 professor de Direito do Largo do S\u00e3o Francisco, na USP, e tamb\u00e9m do Mackenzie, atividades pela qual tamb\u00e9m \u00e9 remunerado. Informa\u00e7\u00f5es essas que certamente escaparam ao perfil, que usa um apelido e n\u00e3o o nome real, que fez a publica\u00e7\u00e3o viralizada no X nesta segunda.\n<\/p>\n<p>A reportagem entrou em contato com o gabinete do ministro por meio da assessoria de imprensa do STF, mas n\u00e3o obteve resposta at\u00e9 a publica\u00e7\u00e3o da reportagem. O espa\u00e7o est\u00e1 aberto para manifesta\u00e7\u00e3o.<\/p>\n<p>Fonte: Veja              <\/p>\n<\/div>\n<p><br \/>\n<br \/><a href=\"https:\/\/diariodobrasilnoticias.com.br\/noticia\/o-relogio-de-luxo-de-alexandre-de-moraes-que-ganhou-destaque-nas-redes-sociais-6745aa49ab35d\">Source link <\/a><\/p>","protected":false},"excerpt":{"rendered":"<p>Viralizou nas redes sociais nesta segunda-feira, 25, uma foto do ministro Alexandre de Moraes, do Supremo Tribunal Federal (STF), usando um rel\u00f3gio de luxo da marca su\u00ed\u00e7a Patek Philippe, uma&hellip;<\/p>","protected":false},"author":1,"featured_media":66062,"comment_status":"closed","ping_status":"open","sticky":false,"template":"","format":"standard","meta":{"content-type":"","footnotes":""},"categories":[16],"tags":[123,2448,5313,1267],"class_list":["post-66061","post","type-post","status-publish","format-standard","has-post-thumbnail","hentry","category-noticias","tag-brasil","tag-diario","tag-noticia","tag-noticias"],"_links":{"self":[{"href":"https:\/\/tvbrazilusa.com\/pt\/wp-json\/wp\/v2\/posts\/66061","targetHints":{"allow":["GET"]}}],"collection":[{"href":"https:\/\/tvbrazilusa.com\/pt\/wp-json\/wp\/v2\/posts"}],"about":[{"href":"https:\/\/tvbrazilusa.com\/pt\/wp-json\/wp\/v2\/types\/post"}],"author":[{"embeddable":true,"href":"https:\/\/tvbrazilusa.com\/pt\/wp-json\/wp\/v2\/users\/1"}],"replies":[{"embeddable":true,"href":"https:\/\/tvbrazilusa.com\/pt\/wp-json\/wp\/v2\/comments?post=66061"}],"version-history":[{"count":1,"href":"https:\/\/tvbrazilusa.com\/pt\/wp-json\/wp\/v2\/posts\/66061\/revisions"}],"predecessor-version":[{"id":66063,"href":"https:\/\/tvbrazilusa.com\/pt\/wp-json\/wp\/v2\/posts\/66061\/revisions\/66063"}],"wp:featuredmedia":[{"embeddable":true,"href":"https:\/\/tvbrazilusa.com\/pt\/wp-json\/wp\/v2\/media\/66062"}],"wp:attachment":[{"href":"https:\/\/tvbrazilusa.com\/pt\/wp-json\/wp\/v2\/media?parent=66061"}],"wp:term":[{"taxonomy":"category","embeddable":true,"href":"https:\/\/tvbrazilusa.com\/pt\/wp-json\/wp\/v2\/categories?post=66061"},{"taxonomy":"post_tag","embeddable":true,"href":"https:\/\/tvbrazilusa.com\/pt\/wp-json\/wp\/v2\/tags?post=66061"}],"curies":[{"name":"wp","href":"https:\/\/api.w.org\/{rel}","templated":true}]}}