{"id":66064,"date":"2024-11-26T11:18:30","date_gmt":"2024-11-26T11:18:30","guid":{"rendered":"https:\/\/tvbrazilusa.com\/2024\/11\/26\/o-embaixador-de-israel-no-brasil-menciona-uma-possivel-crise-diplomatica-com-o-governo-lula\/"},"modified":"2024-11-26T11:18:31","modified_gmt":"2024-11-26T11:18:31","slug":"o-embaixador-de-israel-no-brasil-menciona-uma-possivel-crise-diplomatica-com-o-governo-lula","status":"publish","type":"post","link":"https:\/\/tvbrazilusa.com\/pt\/2024\/11\/26\/o-embaixador-de-israel-no-brasil-menciona-uma-possivel-crise-diplomatica-com-o-governo-lula\/","title":{"rendered":"O embaixador de Israel no Brasil menciona uma poss\u00edvel &#8216;crise diplom\u00e1tica&#8217; com o governo Lula."},"content":{"rendered":"<p> <script async src=\"https:\/\/pagead2.googlesyndication.com\/pagead\/js\/adsbygoogle.js?client=ca-pub-8864793242727901\"\r\n     crossorigin=\"anonymous\"><\/script><br \/>\n<\/p>\n<div id=\"taboola-read-more\" style=\"display:block; width:100%\">\n<p>O embaixador de Israel no Brasil, Daniel Zonshine, afirmou que a rela\u00e7\u00e3o entre o seu pa\u00eds e o governo de Luiz In\u00e1cio Lula da Silva \u2018est\u00e1 bloqueada\u2019, desde que o presidente comparou, em fevereiro, a atua\u00e7\u00e3o do Ex\u00e9rcito israelense com soldados da Alemanha nazista. A fala ocorreu no \u00faltimo fim de semana, ao jornal O Estado de S. Paulo, e foi publicada nesta segunda-feira, 25.\n<\/p>\n<p>Zonshine ainda expressou otimismo em rela\u00e7\u00e3o \u00e0 futura parceria entre Israel e os Estados Unidos, sob a presid\u00eancia de Donald Trump. Segundo ele, Trump dever\u00e1 apoiar quest\u00f5es estrat\u00e9gicas para Israel.<\/p>\n<p>\u201cSe olharmos para as nomea\u00e7\u00f5es do presidente eleito at\u00e9 agora, acreditamos que nossa vida ser\u00e1 um pouco mais f\u00e1cil em Washington\u201d, disse o embaixador, durante a conven\u00e7\u00e3o nacional da Confedera\u00e7\u00e3o Israelita do Brasil (Conib), em S\u00e3o Paulo. \u201cA rela\u00e7\u00e3o seria forte independente de quem estivesse na Casa Branca, mas a expectativa \u00e9 que o republicano seja mais confort\u00e1vel para Israel\u201d.\n<\/p>\n<p>Crise diplom\u00e1tica entre Israel e Brasil\n<\/p>\n<p>As rela\u00e7\u00f5es bilaterais entre Brasil e Israel ficaram comprometidas depois de falas de Lula, que retirou o embaixador brasileiro de Tel-Aviv. O diplomata foi chamado de volta depois de ser convidado para um evento com o chanceler israelense no Museu do Holocausto, em Jerusal\u00e9m. Zonshine ressaltou que essa situa\u00e7\u00e3o dificulta o di\u00e1logo com o governo brasileiro.\n<\/p>\n<p>\u201cEstamos em uma crise diplom\u00e1tica\u201d, afirmou Zonshine. \u201cO Brasil n\u00e3o tem embaixador em Israel. O \u00faltimo embaixador foi chamado para consultas e agora ele est\u00e1 em outro posto. N\u00e3o temos acesso ao governo federal, e o trabalho fica mais dif\u00edcil.\u201d\n<\/p>\n<p>Apesar das atuais dificuldades, ele manifestou esperan\u00e7a de que os la\u00e7os entre Israel e Brasil possam ter restaura\u00e7\u00e3o e fortalecimento.\n<\/p>\n<p>Al\u00e9m disso, Zonshine destacou a complexidade da situa\u00e7\u00e3o em Gaza, onde o Hamas mant\u00e9m o controle, e a necessidade de di\u00e1logo com parceiros regionais, incluindo pa\u00edses \u00e1rabes e o Egito.\n<\/p>\n<p>O embaixador tamb\u00e9m expressou preocupa\u00e7\u00e3o com o aumento do antissemitismo global, incluindo no Brasil. Ele destacou os esfor\u00e7os de Israel, em parceria com comunidades judaicas, para monitorar e combater esse fen\u00f4meno por meio de medidas educativas e de seguran\u00e7a.\n<\/p>\n<p>Fonte: Revista Oeste              <\/p>\n<\/div>\n<p><br \/>\n<br \/><a href=\"https:\/\/diariodobrasilnoticias.com.br\/noticia\/o-embaixador-de-israel-no-brasil-menciona-uma-possivel-crise-diplomatica-com-o-governo-lula-6745adc378435\">Source link <\/a><\/p>","protected":false},"excerpt":{"rendered":"<p>O embaixador de Israel no Brasil, Daniel Zonshine, afirmou que a rela\u00e7\u00e3o entre o seu pa\u00eds e o governo de Luiz In\u00e1cio Lula da Silva \u2018est\u00e1 bloqueada\u2019, desde que o&hellip;<\/p>","protected":false},"author":1,"featured_media":66065,"comment_status":"closed","ping_status":"open","sticky":false,"template":"","format":"standard","meta":{"content-type":"","footnotes":""},"categories":[16],"tags":[123,2448,5313,1267],"class_list":["post-66064","post","type-post","status-publish","format-standard","has-post-thumbnail","hentry","category-noticias","tag-brasil","tag-diario","tag-noticia","tag-noticias"],"_links":{"self":[{"href":"https:\/\/tvbrazilusa.com\/pt\/wp-json\/wp\/v2\/posts\/66064","targetHints":{"allow":["GET"]}}],"collection":[{"href":"https:\/\/tvbrazilusa.com\/pt\/wp-json\/wp\/v2\/posts"}],"about":[{"href":"https:\/\/tvbrazilusa.com\/pt\/wp-json\/wp\/v2\/types\/post"}],"author":[{"embeddable":true,"href":"https:\/\/tvbrazilusa.com\/pt\/wp-json\/wp\/v2\/users\/1"}],"replies":[{"embeddable":true,"href":"https:\/\/tvbrazilusa.com\/pt\/wp-json\/wp\/v2\/comments?post=66064"}],"version-history":[{"count":1,"href":"https:\/\/tvbrazilusa.com\/pt\/wp-json\/wp\/v2\/posts\/66064\/revisions"}],"predecessor-version":[{"id":66066,"href":"https:\/\/tvbrazilusa.com\/pt\/wp-json\/wp\/v2\/posts\/66064\/revisions\/66066"}],"wp:featuredmedia":[{"embeddable":true,"href":"https:\/\/tvbrazilusa.com\/pt\/wp-json\/wp\/v2\/media\/66065"}],"wp:attachment":[{"href":"https:\/\/tvbrazilusa.com\/pt\/wp-json\/wp\/v2\/media?parent=66064"}],"wp:term":[{"taxonomy":"category","embeddable":true,"href":"https:\/\/tvbrazilusa.com\/pt\/wp-json\/wp\/v2\/categories?post=66064"},{"taxonomy":"post_tag","embeddable":true,"href":"https:\/\/tvbrazilusa.com\/pt\/wp-json\/wp\/v2\/tags?post=66064"}],"curies":[{"name":"wp","href":"https:\/\/api.w.org\/{rel}","templated":true}]}}