{"id":66067,"date":"2024-11-26T11:30:22","date_gmt":"2024-11-26T11:30:22","guid":{"rendered":"https:\/\/tvbrazilusa.com\/2024\/11\/26\/em-coletiva-a-imprensa-tecnico-do-botafogo-fala-palavras-duras-e-firmes-veja-video\/"},"modified":"2024-11-26T11:30:23","modified_gmt":"2024-11-26T11:30:23","slug":"em-coletiva-a-imprensa-tecnico-do-botafogo-fala-palavras-duras-e-firmes-veja-video","status":"publish","type":"post","link":"https:\/\/tvbrazilusa.com\/pt\/2024\/11\/26\/em-coletiva-a-imprensa-tecnico-do-botafogo-fala-palavras-duras-e-firmes-veja-video\/","title":{"rendered":"Em coletiva \u00e0 imprensa, t\u00e9cnico do Botafogo fala palavras duras e firmes; Veja V\u00eddeo"},"content":{"rendered":"<p> <script async src=\"https:\/\/pagead2.googlesyndication.com\/pagead\/js\/adsbygoogle.js?client=ca-pub-8864793242727901\"\r\n     crossorigin=\"anonymous\"><\/script><br \/>\n<br \/>Em coletiva nesta segunda, Artur Jorge respondeu a Everson e Deyverson, do Atl\u00e9tico-MG: &#8220;N\u00e3o venham com li\u00e7\u00f5es de moral&#8221;. E a\u00ed, o que achou da declara\u00e7\u00e3o?<br \/>\n<br \/><br \/>\n<br \/><a href=\"https:\/\/diariodobrasilnoticias.com.br\/noticia\/em-coletiva-a-imprensa-tecnico-do-botafogo-fala-palavras-duras-e-firmes-veja-video-67459da6bce12\">Source link <\/a><\/p>","protected":false},"excerpt":{"rendered":"<p>Em coletiva nesta segunda, Artur Jorge respondeu a Everson e Deyverson, do Atl\u00e9tico-MG: &#8220;N\u00e3o venham com li\u00e7\u00f5es de moral&#8221;. E a\u00ed, o que achou da declara\u00e7\u00e3o? Source link<\/p>","protected":false},"author":1,"featured_media":66068,"comment_status":"closed","ping_status":"open","sticky":false,"template":"","format":"standard","meta":{"content-type":"","footnotes":""},"categories":[16],"tags":[123,2448,5313,1267],"class_list":["post-66067","post","type-post","status-publish","format-standard","has-post-thumbnail","hentry","category-noticias","tag-brasil","tag-diario","tag-noticia","tag-noticias"],"_links":{"self":[{"href":"https:\/\/tvbrazilusa.com\/pt\/wp-json\/wp\/v2\/posts\/66067","targetHints":{"allow":["GET"]}}],"collection":[{"href":"https:\/\/tvbrazilusa.com\/pt\/wp-json\/wp\/v2\/posts"}],"about":[{"href":"https:\/\/tvbrazilusa.com\/pt\/wp-json\/wp\/v2\/types\/post"}],"author":[{"embeddable":true,"href":"https:\/\/tvbrazilusa.com\/pt\/wp-json\/wp\/v2\/users\/1"}],"replies":[{"embeddable":true,"href":"https:\/\/tvbrazilusa.com\/pt\/wp-json\/wp\/v2\/comments?post=66067"}],"version-history":[{"count":1,"href":"https:\/\/tvbrazilusa.com\/pt\/wp-json\/wp\/v2\/posts\/66067\/revisions"}],"predecessor-version":[{"id":66069,"href":"https:\/\/tvbrazilusa.com\/pt\/wp-json\/wp\/v2\/posts\/66067\/revisions\/66069"}],"wp:featuredmedia":[{"embeddable":true,"href":"https:\/\/tvbrazilusa.com\/pt\/wp-json\/wp\/v2\/media\/66068"}],"wp:attachment":[{"href":"https:\/\/tvbrazilusa.com\/pt\/wp-json\/wp\/v2\/media?parent=66067"}],"wp:term":[{"taxonomy":"category","embeddable":true,"href":"https:\/\/tvbrazilusa.com\/pt\/wp-json\/wp\/v2\/categories?post=66067"},{"taxonomy":"post_tag","embeddable":true,"href":"https:\/\/tvbrazilusa.com\/pt\/wp-json\/wp\/v2\/tags?post=66067"}],"curies":[{"name":"wp","href":"https:\/\/api.w.org\/{rel}","templated":true}]}}