{"id":66072,"date":"2024-11-26T11:42:36","date_gmt":"2024-11-26T11:42:36","guid":{"rendered":"https:\/\/tvbrazilusa.com\/2024\/11\/26\/trump-pretende-remover-15-mil-militares-trans-das-forcas-armadas\/"},"modified":"2024-11-26T11:42:38","modified_gmt":"2024-11-26T11:42:38","slug":"trump-pretende-remover-15-mil-militares-trans-das-forcas-armadas","status":"publish","type":"post","link":"https:\/\/tvbrazilusa.com\/pt\/2024\/11\/26\/trump-pretende-remover-15-mil-militares-trans-das-forcas-armadas\/","title":{"rendered":"Trump pretende remover 15 mil militares trans das For\u00e7as Armadas"},"content":{"rendered":"<p> <script async src=\"https:\/\/pagead2.googlesyndication.com\/pagead\/js\/adsbygoogle.js?client=ca-pub-8864793242727901\"\r\n     crossorigin=\"anonymous\"><\/script><br \/>\n<\/p>\n<div id=\"taboola-read-more\" style=\"display:block; width:100%\">\n<p>Os militares trans est\u00e3o \u00e0 merc\u00ea do vaiv\u00e9m de ordens executivas que revogam, a cada mandato presidencial nos Estados Unidos, medidas tomadas pelo governo anterior.\n<\/p>\n<p>Agora \u00e9 a vez de Donald Trump, que planeja dispensar as tropas transg\u00eanero que servem nas for\u00e7as armadas assim que tomar posse, cumprindo uma de suas mais enf\u00e1ticas promessas de campanha \u2014 a de acabar com o que chamou nos com\u00edcios de \u201cloucura trans\u201d.<\/p>\n<p>De acordo com o jornal brit\u00e2nico \u201cThe Times\u201d, o presidente eleito dever\u00e1 emitir uma nova ordem removendo, por motivos m\u00e9dicos, cerca de 15 mil militares do servi\u00e7o militar e impedindo futuros alistamentos de trans.\n<\/p>\n<p>A equipe de transi\u00e7\u00e3o de Trump n\u00e3o confirmou a informa\u00e7\u00e3o, mas a medida ratificaria a ret\u00f3rica replicada por Trump.\n<\/p>\n<p>Em seus com\u00edcios ele anunciou que proibiria o Departamento de Assuntos de Veteranos de desperdi\u00e7ar \u201cum \u00fanico centavo para financiar cirurgias transg\u00eanero ou procedimentos de mudan\u00e7a de sexo\u201d.\n<\/p>\n<p>\u201cEsses preciosos d\u00f3lares dos contribuintes deveriam ser destinados a cuidar de nossos veteranos necessitados, n\u00e3o para reembolsar experimentos radicais de g\u00eanero para a esquerda comunista. Tamb\u00e9m restaurarei a proibi\u00e7\u00e3o de transg\u00eaneros nas for\u00e7as armadas\u201d, assegurou.<br \/>Indicado para ser o secret\u00e1rio de Defesa do novo governo, o apresentador da Fox News Pete Hegseth refor\u00e7a a tese da expuls\u00e3o e faz cr\u00edticas ao foco militar em diversidade e inclus\u00e3o, sob o argumento de que \u201cpessoas trans trazem complica\u00e7\u00f5es\u201d.\n<\/p>\n<p>Veterano em duas guerras, Hegseth sugeriu que demitiria o presidente do Estado-Maior Conjunto, general da For\u00e7a A\u00e9rea CQ Brown, e outros oficiais por envolvimento em iniciativas woke.\n<\/p>\n<p>Antes da elei\u00e7\u00e3o, ele condenou a lideran\u00e7a \u201cefeminada\u201d nas for\u00e7as armadas e conclamou \u201co pr\u00f3ximo comandante em chefe a fazer uma limpeza\u201d no setor.\n<\/p>\n<p>No in\u00edcio de seu primeiro governo, em 2017, Donald Trump reverteu uma decis\u00e3o de Obama que autorizava as tropas trans nas for\u00e7as armadas, sob a alega\u00e7\u00e3o de que n\u00e3o gastaria mais verbas em cirurgias.\n<\/p>\n<p>Quatro anos depois, o sucessor Joe Biden anulou a proibi\u00e7\u00e3o, garantindo que indiv\u00edduos que se identificam como trans pudessem ingressar e servir em seu g\u00eanero autoidentificado.\n<\/p>\n<p>Tudo leva a crer que o presidente eleito manter\u00e1 a tradi\u00e7\u00e3o de desmontar a estrat\u00e9gia do antecessor e reverter\u00e1 a decis\u00e3o.<\/p>\n<p>Fonte: g1              <\/p>\n<\/div>\n<p><br \/>\n<br \/><a href=\"https:\/\/diariodobrasilnoticias.com.br\/noticia\/trump-pretende-remover-15-mil-militares-trans-das-forcas-armadas-67459f6d4750a\">Source link <\/a><\/p>","protected":false},"excerpt":{"rendered":"<p>Os militares trans est\u00e3o \u00e0 merc\u00ea do vaiv\u00e9m de ordens executivas que revogam, a cada mandato presidencial nos Estados Unidos, medidas tomadas pelo governo anterior. Agora \u00e9 a vez de&hellip;<\/p>","protected":false},"author":1,"featured_media":66073,"comment_status":"closed","ping_status":"open","sticky":false,"template":"","format":"standard","meta":{"content-type":"","footnotes":""},"categories":[16],"tags":[123,2448,5313,1267],"class_list":["post-66072","post","type-post","status-publish","format-standard","has-post-thumbnail","hentry","category-noticias","tag-brasil","tag-diario","tag-noticia","tag-noticias"],"_links":{"self":[{"href":"https:\/\/tvbrazilusa.com\/pt\/wp-json\/wp\/v2\/posts\/66072","targetHints":{"allow":["GET"]}}],"collection":[{"href":"https:\/\/tvbrazilusa.com\/pt\/wp-json\/wp\/v2\/posts"}],"about":[{"href":"https:\/\/tvbrazilusa.com\/pt\/wp-json\/wp\/v2\/types\/post"}],"author":[{"embeddable":true,"href":"https:\/\/tvbrazilusa.com\/pt\/wp-json\/wp\/v2\/users\/1"}],"replies":[{"embeddable":true,"href":"https:\/\/tvbrazilusa.com\/pt\/wp-json\/wp\/v2\/comments?post=66072"}],"version-history":[{"count":1,"href":"https:\/\/tvbrazilusa.com\/pt\/wp-json\/wp\/v2\/posts\/66072\/revisions"}],"predecessor-version":[{"id":66074,"href":"https:\/\/tvbrazilusa.com\/pt\/wp-json\/wp\/v2\/posts\/66072\/revisions\/66074"}],"wp:featuredmedia":[{"embeddable":true,"href":"https:\/\/tvbrazilusa.com\/pt\/wp-json\/wp\/v2\/media\/66073"}],"wp:attachment":[{"href":"https:\/\/tvbrazilusa.com\/pt\/wp-json\/wp\/v2\/media?parent=66072"}],"wp:term":[{"taxonomy":"category","embeddable":true,"href":"https:\/\/tvbrazilusa.com\/pt\/wp-json\/wp\/v2\/categories?post=66072"},{"taxonomy":"post_tag","embeddable":true,"href":"https:\/\/tvbrazilusa.com\/pt\/wp-json\/wp\/v2\/tags?post=66072"}],"curies":[{"name":"wp","href":"https:\/\/api.w.org\/{rel}","templated":true}]}}