{"id":66077,"date":"2024-11-26T11:53:49","date_gmt":"2024-11-26T11:53:49","guid":{"rendered":"https:\/\/tvbrazilusa.com\/2024\/11\/26\/advogada-apresenta-denuncia-de-abusos-contra-envolvidos-no-8-1-ao-parlamento-alemao\/"},"modified":"2024-11-26T11:53:51","modified_gmt":"2024-11-26T11:53:51","slug":"advogada-apresenta-denuncia-de-abusos-contra-envolvidos-no-8-1-ao-parlamento-alemao","status":"publish","type":"post","link":"https:\/\/tvbrazilusa.com\/pt\/2024\/11\/26\/advogada-apresenta-denuncia-de-abusos-contra-envolvidos-no-8-1-ao-parlamento-alemao\/","title":{"rendered":"Advogada apresenta den\u00fancia de abusos contra envolvidos no 8\/1 ao Parlamento alem\u00e3o"},"content":{"rendered":"<p> <script async src=\"https:\/\/pagead2.googlesyndication.com\/pagead\/js\/adsbygoogle.js?client=ca-pub-8864793242727901\"\r\n     crossorigin=\"anonymous\"><\/script><br \/>\n<\/p>\n<div id=\"taboola-read-more\" style=\"display:block; width:100%\">\n<p>A advogada Tani\u00e9li Telles, que cuida de casos do 8 de janeiro, entregou uma den\u00fancia \u00e0 deputada Beatrix Von Storch, no Parlamento da Alemanha, na sexta-feira 22. Ambas conversaram por quatro horas.<\/p>\n<p>Beatrix ganhou as manchetes nos jornais brasileiros, depois de chamar o ent\u00e3o presidente do Tribunal Superior Eleitoral, Alexandre de Moraes, de &#8220;o maior criminoso do Brasil&#8221;.<\/p>\n<p>O documento entregue \u00e0 parlamentar re\u00fane &#8220;abusos e viola\u00e7\u00f5es&#8221; praticados pelo Supremo Tribunal Federal contra os envolvidos no protesto. Al\u00e9m disso, a carta fala em &#8220;persegui\u00e7\u00e3o contra conservadores e opositores&#8221; do governo Lula.\n<\/p>\n<p>Tani\u00e9li disse \u00e0 coluna que tamb\u00e9m relatou a situa\u00e7\u00e3o de presos na Argentina. Atualmente, h\u00e1 uma s\u00e9rie de condenados que vivem naquele pa\u00eds. Recentemente, um juiz determinou a pris\u00e3o dessas pessoas, por causa de um pedido de extradi\u00e7\u00e3o emitido pelo Minist\u00e9rio da Justi\u00e7a.<\/p>\n<p>Advogada do 8 de janeiro<br \/>Entre outros processos, Tani\u00e9li cuidou do caso do mendigo Geraldo da Silva, primeiro absolvido por Moraes, pelo 8 de janeiro, em mar\u00e7o.\n<\/p>\n<p>Silva chegou a ser preso em flagrante na Pra\u00e7a dos Tr\u00eas Poderes. Em novembro de 2023, foi colocado em liberdade provis\u00f3ria com tornozeleira eletr\u00f4nica.\n<\/p>\n<p>Ele ficou 11 meses na Papuda, mesmo sem ter comido crimes.<\/p>\n<p>Fonte: Revista Oeste<\/p>\n<figure class=\"wp-block-image size-full\"><picture><source srcset=\"https:\/\/medias.revistaoeste.com\/wp-content\/uploads\/2024\/11\/8-de-janeiro-6.jpg.webp 594w, https:\/\/medias.revistaoeste.com\/wp-content\/uploads\/2024\/11\/8-de-janeiro-6-240x300.jpg.webp 240w, https:\/\/medias.revistaoeste.com\/wp-content\/uploads\/2024\/11\/8-de-janeiro-6-150x188.jpg.webp 150w\" type=\"image\/webp\" sizes=\"(max-width: 594px) 100vw, 594px\" data-srcset=\"https:\/\/medias.revistaoeste.com\/wp-content\/uploads\/2024\/11\/8-de-janeiro-6.jpg.webp 594w, https:\/\/medias.revistaoeste.com\/wp-content\/uploads\/2024\/11\/8-de-janeiro-6-240x300.jpg.webp 240w, https:\/\/medias.revistaoeste.com\/wp-content\/uploads\/2024\/11\/8-de-janeiro-6-150x188.jpg.webp 150w\" data-sizes=\"(max-width: 594px) 100vw, 594px\"\/><\/picture><\/figure>\n<\/p>\n<\/div>\n<p><br \/>\n<br \/><a href=\"https:\/\/diariodobrasilnoticias.com.br\/noticia\/advogada-apresenta-denuncia-de-abusos-contra-envolvidos-no-8-1-ao-parlamento-alemao-67459ed0ad846\">Source link <\/a><\/p>","protected":false},"excerpt":{"rendered":"<p>A advogada Tani\u00e9li Telles, que cuida de casos do 8 de janeiro, entregou uma den\u00fancia \u00e0 deputada Beatrix Von Storch, no Parlamento da Alemanha, na sexta-feira 22. Ambas conversaram por&hellip;<\/p>","protected":false},"author":1,"featured_media":66078,"comment_status":"closed","ping_status":"open","sticky":false,"template":"","format":"standard","meta":{"content-type":"","footnotes":""},"categories":[16],"tags":[123,2448,5313,1267],"class_list":["post-66077","post","type-post","status-publish","format-standard","has-post-thumbnail","hentry","category-noticias","tag-brasil","tag-diario","tag-noticia","tag-noticias"],"_links":{"self":[{"href":"https:\/\/tvbrazilusa.com\/pt\/wp-json\/wp\/v2\/posts\/66077","targetHints":{"allow":["GET"]}}],"collection":[{"href":"https:\/\/tvbrazilusa.com\/pt\/wp-json\/wp\/v2\/posts"}],"about":[{"href":"https:\/\/tvbrazilusa.com\/pt\/wp-json\/wp\/v2\/types\/post"}],"author":[{"embeddable":true,"href":"https:\/\/tvbrazilusa.com\/pt\/wp-json\/wp\/v2\/users\/1"}],"replies":[{"embeddable":true,"href":"https:\/\/tvbrazilusa.com\/pt\/wp-json\/wp\/v2\/comments?post=66077"}],"version-history":[{"count":1,"href":"https:\/\/tvbrazilusa.com\/pt\/wp-json\/wp\/v2\/posts\/66077\/revisions"}],"predecessor-version":[{"id":66079,"href":"https:\/\/tvbrazilusa.com\/pt\/wp-json\/wp\/v2\/posts\/66077\/revisions\/66079"}],"wp:featuredmedia":[{"embeddable":true,"href":"https:\/\/tvbrazilusa.com\/pt\/wp-json\/wp\/v2\/media\/66078"}],"wp:attachment":[{"href":"https:\/\/tvbrazilusa.com\/pt\/wp-json\/wp\/v2\/media?parent=66077"}],"wp:term":[{"taxonomy":"category","embeddable":true,"href":"https:\/\/tvbrazilusa.com\/pt\/wp-json\/wp\/v2\/categories?post=66077"},{"taxonomy":"post_tag","embeddable":true,"href":"https:\/\/tvbrazilusa.com\/pt\/wp-json\/wp\/v2\/tags?post=66077"}],"curies":[{"name":"wp","href":"https:\/\/api.w.org\/{rel}","templated":true}]}}