{"id":66084,"date":"2024-11-26T12:11:40","date_gmt":"2024-11-26T12:11:40","guid":{"rendered":"https:\/\/tvbrazilusa.com\/2024\/11\/26\/pressao-do-mst-pode-levar-a-saida-do-ministro-paulo-teixeira\/"},"modified":"2024-11-26T12:11:41","modified_gmt":"2024-11-26T12:11:41","slug":"pressao-do-mst-pode-levar-a-saida-do-ministro-paulo-teixeira","status":"publish","type":"post","link":"https:\/\/tvbrazilusa.com\/pt\/2024\/11\/26\/pressao-do-mst-pode-levar-a-saida-do-ministro-paulo-teixeira\/","title":{"rendered":"Press\u00e3o do MST pode levar \u00e0 sa\u00edda do ministro Paulo Teixeira"},"content":{"rendered":"<p> <script async src=\"https:\/\/pagead2.googlesyndication.com\/pagead\/js\/adsbygoogle.js?client=ca-pub-8864793242727901\"\r\n     crossorigin=\"anonymous\"><\/script><br \/>\n<\/p>\n<div id=\"taboola-read-more\" style=\"display:block; width:100%\">\n<p>O Movimento dos Trabalhadores Sem-Terra (MST) pode pedir a sa\u00edda do ministro Paulo Teixeira, do Desenvolvimento Agr\u00e1rio, devido \u00e0 insatisfa\u00e7\u00e3o com as pol\u00edticas p\u00fablicas para pequenos produtores rurais e as metas de assentamento para 2024. De acordo com o jornal O Globo, diretores do movimento devem se reunir com Lula ainda esta semana.\n<\/p>\n<p>O governo planeja assentar 20.490 fam\u00edlias no pr\u00f3ximo ano, mas o MST reivindica um n\u00famero maior: 60 mil, que seria equivalente \u00e0 quantidade de fam\u00edlias acampadas atualmente no pa\u00eds.<\/p>\n<p>Mas, com or\u00e7amento limitado, Teixeira tem buscado alternativas como o uso de im\u00f3veis rurais penhorados por d\u00edvidas para ampliar a reforma agr\u00e1ria. Contudo, o MST considera que essa estrat\u00e9gia n\u00e3o ser\u00e1 implementada rapidamente.\n<\/p>\n<p>Dirigentes do movimento tamb\u00e9m criticam a gest\u00e3o do Instituto Nacional de Coloniza\u00e7\u00e3o e Reforma Agr\u00e1ria (Incra), ligado ao minist\u00e9rio, apontando que os compromissos feitos pelo presidente Lula em reuni\u00e3o com o MST em agosto n\u00e3o t\u00eam avan\u00e7ado.\n<\/p>\n<p>\u2014 N\u00e3o tem nenhuma quest\u00e3o de car\u00e1ter pessoal, mas n\u00f3s precisamos defender a nossa base, assentada e acampada. Ent\u00e3o, se o presidente do Incra e o ministro n\u00e3o est\u00e3o tendo condi\u00e7\u00f5es de dar encaminhamento \u00e0 pauta da reforma agr\u00e1ria, \u00e9 digno da parte deles colocar o cargo \u00e0 disposi\u00e7\u00e3o do presidente \u2014 afirmou Diego Moreira, integrante da dire\u00e7\u00e3o nacional do MST ao O Globo.\n<\/p>\n<p>Fonte: Pleno News              <\/p>\n<\/div>\n<p><br \/>\n<br \/><a href=\"https:\/\/diariodobrasilnoticias.com.br\/noticia\/pressao-do-mst-pode-levar-a-saida-do-ministro-paulo-teixeira-674509b270031\">Source link <\/a><\/p>","protected":false},"excerpt":{"rendered":"<p>O Movimento dos Trabalhadores Sem-Terra (MST) pode pedir a sa\u00edda do ministro Paulo Teixeira, do Desenvolvimento Agr\u00e1rio, devido \u00e0 insatisfa\u00e7\u00e3o com as pol\u00edticas p\u00fablicas para pequenos produtores rurais e as&hellip;<\/p>","protected":false},"author":1,"featured_media":66085,"comment_status":"closed","ping_status":"open","sticky":false,"template":"","format":"standard","meta":{"content-type":"","footnotes":""},"categories":[16],"tags":[123,2448,5313,1267],"class_list":["post-66084","post","type-post","status-publish","format-standard","has-post-thumbnail","hentry","category-noticias","tag-brasil","tag-diario","tag-noticia","tag-noticias"],"_links":{"self":[{"href":"https:\/\/tvbrazilusa.com\/pt\/wp-json\/wp\/v2\/posts\/66084","targetHints":{"allow":["GET"]}}],"collection":[{"href":"https:\/\/tvbrazilusa.com\/pt\/wp-json\/wp\/v2\/posts"}],"about":[{"href":"https:\/\/tvbrazilusa.com\/pt\/wp-json\/wp\/v2\/types\/post"}],"author":[{"embeddable":true,"href":"https:\/\/tvbrazilusa.com\/pt\/wp-json\/wp\/v2\/users\/1"}],"replies":[{"embeddable":true,"href":"https:\/\/tvbrazilusa.com\/pt\/wp-json\/wp\/v2\/comments?post=66084"}],"version-history":[{"count":1,"href":"https:\/\/tvbrazilusa.com\/pt\/wp-json\/wp\/v2\/posts\/66084\/revisions"}],"predecessor-version":[{"id":66086,"href":"https:\/\/tvbrazilusa.com\/pt\/wp-json\/wp\/v2\/posts\/66084\/revisions\/66086"}],"wp:featuredmedia":[{"embeddable":true,"href":"https:\/\/tvbrazilusa.com\/pt\/wp-json\/wp\/v2\/media\/66085"}],"wp:attachment":[{"href":"https:\/\/tvbrazilusa.com\/pt\/wp-json\/wp\/v2\/media?parent=66084"}],"wp:term":[{"taxonomy":"category","embeddable":true,"href":"https:\/\/tvbrazilusa.com\/pt\/wp-json\/wp\/v2\/categories?post=66084"},{"taxonomy":"post_tag","embeddable":true,"href":"https:\/\/tvbrazilusa.com\/pt\/wp-json\/wp\/v2\/tags?post=66084"}],"curies":[{"name":"wp","href":"https:\/\/api.w.org\/{rel}","templated":true}]}}