{"id":66087,"date":"2024-11-26T12:09:01","date_gmt":"2024-11-26T12:09:01","guid":{"rendered":"https:\/\/tvbrazilusa.com\/2024\/11\/26\/aquecimento-antes-da-acao-de-gracas-wsvn-7news-noticias-de-miami-clima-esportes-fort-lauderdale\/"},"modified":"2024-11-26T12:16:11","modified_gmt":"2024-11-26T12:16:11","slug":"aquecimento-antes-da-acao-de-gracas-wsvn-7news-noticias-de-miami-clima-esportes-fort-lauderdale","status":"publish","type":"post","link":"https:\/\/tvbrazilusa.com\/pt\/2024\/11\/26\/aquecimento-antes-da-acao-de-gracas-wsvn-7news-noticias-de-miami-clima-esportes-fort-lauderdale\/","title":{"rendered":"AQUECIMENTO ANTES DA A\u00c7\u00c3O DE GRA\u00c7AS &#8211; WSVN 7News | Not\u00edcias de Miami, clima, esportes | Fort Lauderdale"},"content":{"rendered":"<p> <script async src=\"https:\/\/pagead2.googlesyndication.com\/pagead\/js\/adsbygoogle.js?client=ca-pub-8864793242727901\"\r\n     crossorigin=\"anonymous\"><\/script><br \/>\n<\/p>\n<div itemprop=\"articleBody\">\n<p class=\"has-text-align-center is-style-larger\"><strong>Feliz ter\u00e7a-feira, sul da Fl\u00f3rida!<\/strong><\/p>\n<p class=\"has-text-align-center is-style-larger\"><strong>Esperamos que todos tenham tido um \u00f3timo in\u00edcio de semana de f\u00e9rias. Depois de um fim de semana frio no sul da Fl\u00f3rida, as temperaturas est\u00e3o se recuperando e o ar mais ameno chegou no in\u00edcio da semana. E embora as temperaturas na tarde de segunda-feira tenham atingido os 80 graus, foi um dia muito agrad\u00e1vel para todos. Esta manh\u00e3 o dia come\u00e7ou ainda mais ameno, j\u00e1 que as temperaturas em toda a \u00e1rea do sul da Fl\u00f3rida estavam na casa dos 60 e baixas dos 70. Ao contr\u00e1rio da manh\u00e3 de segunda-feira, n\u00e3o houve temperaturas na casa dos 50 graus esta manh\u00e3. E mesmo que as temperaturas estejam aumentando gradualmente, os n\u00edveis de umidade ainda s\u00e3o bastante confort\u00e1veis.<\/strong><\/p>\n<figure class=\"wp-block-image size-large is-resized\"><\/figure>\n<p class=\"has-text-align-center is-style-larger\"><strong>Hoje ser\u00e1 muito parecido com o que o sul da Fl\u00f3rida viveu na segunda-feira. As altas temperaturas da tarde chegar\u00e3o mais uma vez abaixo dos 80 graus, enquanto o sul da Fl\u00f3rida permanece seco. N\u00edveis confort\u00e1veis \u200b\u200bde umidade, uma \u00e1rea de alta press\u00e3o e ar seco nos n\u00edveis superiores da atmosfera manter\u00e3o as coisas calmas hoje e proporcionar\u00e3o mais um dia ensolarado em todo o sul da Fl\u00f3rida. E, a prop\u00f3sito, embora as temperaturas estejam agora abaixo dos 80 graus, isto \u00e9 realmente o que \u00e9 considerado \u201ct\u00edpico\u201d para o sul da Fl\u00f3rida nesta \u00e9poca do ano.<\/strong><\/p>\n<figure class=\"wp-block-image size-large is-resized\"><img fetchpriority=\"high\" decoding=\"async\" width=\"1920\" height=\"1080\" src=\"https:\/\/wsvn.com\/wp-content\/uploads\/sites\/2\/2024\/11\/Blog-2-6.png?w=1024\" alt=\"\" class=\"wp-image-1511132\" style=\"width:779px;height:auto\" srcset=\"https:\/\/wsvn.com\/wp-content\/uploads\/sites\/2\/2024\/11\/Blog-2-6.png 1920w, https:\/\/wsvn.com\/wp-content\/uploads\/sites\/2\/2024\/11\/Blog-2-6.png?resize=300,169 300w, https:\/\/wsvn.com\/wp-content\/uploads\/sites\/2\/2024\/11\/Blog-2-6.png?resize=768,432 768w, https:\/\/wsvn.com\/wp-content\/uploads\/sites\/2\/2024\/11\/Blog-2-6.png?resize=1024,576 1024w, https:\/\/wsvn.com\/wp-content\/uploads\/sites\/2\/2024\/11\/Blog-2-6.png?resize=1536,864 1536w\" sizes=\"(max-width: 1920px) 100vw, 1920px\"\/><\/figure>\n<p class=\"has-text-align-center is-style-larger\"><strong>Enquanto contamos os dias para o Dia de A\u00e7\u00e3o de Gra\u00e7as esta semana, todo o sul da Fl\u00f3rida estar\u00e1 se perguntando o que podemos esperar para esta semana de feriado. Apesar de ter temperaturas elevadas na casa dos 60 todas as manh\u00e3s, os n\u00edveis de umidade ainda ser\u00e3o muito confort\u00e1veis. Todas as tardes, nossas temperaturas chegar\u00e3o a 80 graus, mas devem chegar a meados dos 80, para alguns, na tarde de A\u00e7\u00e3o de Gra\u00e7as e de Black Friday. Com o feriado chegando, todo o sul da Fl\u00f3rida fica se perguntando se a chuva voltar\u00e1 para o feriado. No momento, parece que as chances de chuva permanecer\u00e3o baixas durante toda a semana. Portanto, para quem deseja comemorar ao ar livre esta semana, deve ser seguro faz\u00ea-lo. <\/strong><\/p>\n<figure class=\"wp-block-image size-large is-resized\"><img decoding=\"async\" width=\"1920\" height=\"1080\" src=\"https:\/\/wsvn.com\/wp-content\/uploads\/sites\/2\/2024\/11\/Blog-3-6.png?w=1024\" alt=\"\" class=\"wp-image-1511130\" style=\"width:781px;height:auto\" srcset=\"https:\/\/wsvn.com\/wp-content\/uploads\/sites\/2\/2024\/11\/Blog-3-6.png 1920w, https:\/\/wsvn.com\/wp-content\/uploads\/sites\/2\/2024\/11\/Blog-3-6.png?resize=300,169 300w, https:\/\/wsvn.com\/wp-content\/uploads\/sites\/2\/2024\/11\/Blog-3-6.png?resize=768,432 768w, https:\/\/wsvn.com\/wp-content\/uploads\/sites\/2\/2024\/11\/Blog-3-6.png?resize=1024,576 1024w, https:\/\/wsvn.com\/wp-content\/uploads\/sites\/2\/2024\/11\/Blog-3-6.png?resize=1536,864 1536w\" sizes=\"(max-width: 1920px) 100vw, 1920px\"\/><\/figure>\n<p class=\"has-text-align-center is-style-larger\"><strong>Olhando para o futuro, ap\u00f3s uma semana de feriados mais quente, prev\u00ea-se que uma s\u00e9rie de frentes avancem no sul da Fl\u00f3rida no final da semana e no fim de semana. A frente n\u00ba 1 ser\u00e1 a mais fraca das duas frentes e deslizar\u00e1 para o sul da Fl\u00f3rida na noite de sexta-feira at\u00e9 o in\u00edcio de s\u00e1bado. Prev\u00ea-se que esta primeira frente traga apenas uma pequena queda nas temperaturas para o pr\u00f3ximo fim de semana. Os n\u00edveis de umidade tamb\u00e9m cair\u00e3o um pouco. Ent\u00e3o a segunda frente parece ser a mais forte das duas frentes e a previs\u00e3o \u00e9 que passe pelo sul da Fl\u00f3rida no domingo. Se esta frente limpar completamente o sul da Fl\u00f3rida, ent\u00e3o poderemos esperar um retorno de condi\u00e7\u00f5es muito mais frias nos primeiros dias de dezembro!<\/strong><\/p>\n<figure class=\"wp-block-image size-large is-resized\"><img loading=\"lazy\" decoding=\"async\" width=\"1920\" height=\"1080\" src=\"https:\/\/wsvn.com\/wp-content\/uploads\/sites\/2\/2024\/11\/Blog-4-4.png?w=1024\" alt=\"\" class=\"wp-image-1511129\" style=\"width:791px;height:auto\" srcset=\"https:\/\/wsvn.com\/wp-content\/uploads\/sites\/2\/2024\/11\/Blog-4-4.png 1920w, https:\/\/wsvn.com\/wp-content\/uploads\/sites\/2\/2024\/11\/Blog-4-4.png?resize=300,169 300w, https:\/\/wsvn.com\/wp-content\/uploads\/sites\/2\/2024\/11\/Blog-4-4.png?resize=768,432 768w, https:\/\/wsvn.com\/wp-content\/uploads\/sites\/2\/2024\/11\/Blog-4-4.png?resize=1024,576 1024w, https:\/\/wsvn.com\/wp-content\/uploads\/sites\/2\/2024\/11\/Blog-4-4.png?resize=1536,864 1536w\" sizes=\"auto, (max-width: 1920px) 100vw, 1920px\"\/><\/figure>\n<p class=\"has-text-align-center is-style-larger\"><strong>Tenha uma semana de f\u00e9rias maravilhosa!<\/strong><\/p>\n<p><strong>Erika Delgado<br \/>Meteorologista<br \/>Not\u00edcias WSVN \/ Canal 7<\/strong><\/p>\n<p><em>Copyright 2024 Sunbeam Television Corp. Todos os direitos reservados. Este material n\u00e3o pode ser publicado, transmitido, reescrito ou redistribu\u00eddo.<\/em><\/p>\n<div class=\"wp-block-newsletter\">\n\t<strong class=\"wp-block-newsletter__title\">Cadastre-se em nosso boletim informativo para receber as \u00faltimas not\u00edcias diretamente na sua caixa de entrada<\/strong><\/p>\n<\/div><\/div>\n<p><br \/>\n<br \/><a href=\"https:\/\/wsvn.com\/weather-blog\/warming-ahead-of-thanksgiving\/\">Source link <\/a><\/p>","protected":false},"excerpt":{"rendered":"<p>Feliz ter\u00e7a-feira, sul da Fl\u00f3rida! Esperamos que todos tenham tido um \u00f3timo in\u00edcio de semana de f\u00e9rias. Depois de um fim de semana frio no sul da Fl\u00f3rida, as temperaturas&hellip;<\/p>","protected":false},"author":1,"featured_media":66088,"comment_status":"closed","ping_status":"open","sticky":false,"template":"","format":"standard","meta":{"content-type":"","footnotes":""},"categories":[1],"tags":[],"class_list":["post-66087","post","type-post","status-publish","format-standard","has-post-thumbnail","hentry","category-uncategorized"],"_links":{"self":[{"href":"https:\/\/tvbrazilusa.com\/pt\/wp-json\/wp\/v2\/posts\/66087","targetHints":{"allow":["GET"]}}],"collection":[{"href":"https:\/\/tvbrazilusa.com\/pt\/wp-json\/wp\/v2\/posts"}],"about":[{"href":"https:\/\/tvbrazilusa.com\/pt\/wp-json\/wp\/v2\/types\/post"}],"author":[{"embeddable":true,"href":"https:\/\/tvbrazilusa.com\/pt\/wp-json\/wp\/v2\/users\/1"}],"replies":[{"embeddable":true,"href":"https:\/\/tvbrazilusa.com\/pt\/wp-json\/wp\/v2\/comments?post=66087"}],"version-history":[{"count":1,"href":"https:\/\/tvbrazilusa.com\/pt\/wp-json\/wp\/v2\/posts\/66087\/revisions"}],"predecessor-version":[{"id":66089,"href":"https:\/\/tvbrazilusa.com\/pt\/wp-json\/wp\/v2\/posts\/66087\/revisions\/66089"}],"wp:featuredmedia":[{"embeddable":true,"href":"https:\/\/tvbrazilusa.com\/pt\/wp-json\/wp\/v2\/media\/66088"}],"wp:attachment":[{"href":"https:\/\/tvbrazilusa.com\/pt\/wp-json\/wp\/v2\/media?parent=66087"}],"wp:term":[{"taxonomy":"category","embeddable":true,"href":"https:\/\/tvbrazilusa.com\/pt\/wp-json\/wp\/v2\/categories?post=66087"},{"taxonomy":"post_tag","embeddable":true,"href":"https:\/\/tvbrazilusa.com\/pt\/wp-json\/wp\/v2\/tags?post=66087"}],"curies":[{"name":"wp","href":"https:\/\/api.w.org\/{rel}","templated":true}]}}