{"id":66095,"date":"2024-11-26T12:24:55","date_gmt":"2024-11-26T12:24:55","guid":{"rendered":"https:\/\/tvbrazilusa.com\/2024\/11\/26\/juiz-e-possivel-vitima-a-participacao-de-moraes-na-investigacao-contra-bolsonaro-pode-resultar-em-anulacao-do-caso\/"},"modified":"2024-11-26T12:24:56","modified_gmt":"2024-11-26T12:24:56","slug":"juiz-e-possivel-vitima-a-participacao-de-moraes-na-investigacao-contra-bolsonaro-pode-resultar-em-anulacao-do-caso","status":"publish","type":"post","link":"https:\/\/tvbrazilusa.com\/pt\/2024\/11\/26\/juiz-e-possivel-vitima-a-participacao-de-moraes-na-investigacao-contra-bolsonaro-pode-resultar-em-anulacao-do-caso\/","title":{"rendered":"Juiz e poss\u00edvel v\u00edtima: a participa\u00e7\u00e3o de Moraes na investiga\u00e7\u00e3o contra Bolsonaro pode resultar em anula\u00e7\u00e3o do caso"},"content":{"rendered":"<p> <script async src=\"https:\/\/pagead2.googlesyndication.com\/pagead\/js\/adsbygoogle.js?client=ca-pub-8864793242727901\"\r\n     crossorigin=\"anonymous\"><\/script><br \/>\n<\/p>\n<div id=\"taboola-read-more\" style=\"display:block; width:100%\">\n<p>Investiga\u00e7\u00f5es da Pol\u00edcia Federal (PF) revelaram um suposto plano para matar o ministro do Supremo Tribunal Federal (STF) Alexandre de Moraes, o presidente Luiz In\u00e1cio Lula da Silva (PT) e o vice-presidente Geraldo Alckmin.\n<\/p>\n<p>De acordo com juristas ouvidos pelo jornal O Estado de S. Paulo, a investiga\u00e7\u00e3o refor\u00e7a o fato de que o magistrado deveria se declarar impedido de julgar os casos que envolvem a suposta tentativa de golpe de Estado.<\/p>\n<p>Os especialistas afirmaram \u00e0 reportagem que os fatos revelados pela PF s\u00e3o graves e exigem uma apura\u00e7\u00e3o rigorosa. Como Moraes seria um alvo direto, o ideal \u00e9 que ele se declarasse impedido de continuar na condu\u00e7\u00e3o do inqu\u00e9rito na Corte.\n<\/p>\n<p>Os juristas argumentam essa medida pode evitar que brechas processuais sejam exploradas pelas defesas dos envolvidos e que poderiam levar \u00e0 anula\u00e7\u00e3o do caso.\n<\/p>\n<p>Em fevereiro, o ministro Lu\u00eds Roberto Barroso, presidente da Corte, rejeitou um pedido da defesa de Bolsonaro pelo impeachment de Moraes. \u201cPara essa finalidade, n\u00e3o s\u00e3o suficientes as alega\u00e7\u00f5es gen\u00e9ricas e subjetivas, destitu\u00eddas de embasamento jur\u00eddico\u201d, disse o magistrado.\n<\/p>\n<p>Na \u00faltima semana, o decano do Supremo, ministro Gilmar Mendes, tamb\u00e9m manifestou apoio \u00e0 perman\u00eancia de Moraes na condu\u00e7\u00e3o dos inqu\u00e9ritos nos quais \u00e9 apontado como v\u00edtima. Mendes afirmou que \u201cseria um absurdo\u201d e que \u201cn\u00e3o faz sentido\u201d afastar Moraes do inqu\u00e9rito que investiga a suposta tentativa de golpe de Estado.\n<\/p>\n<p>Depois do indiciamento de Bolsonaro e outras 36 pessoas, cabe \u00e0 Procuradoria-Geral da Rep\u00fablica (PGR) decidir pela apresenta\u00e7\u00e3o da den\u00fancia. Em seguida, Moraes, como relator do inqu\u00e9rito, pode optar por submeter a den\u00fancia \u00e0 aprecia\u00e7\u00e3o da Primeira Turma do STF ou lev\u00e1-la ao Plen\u00e1rio, que re\u00fane os 11 ministros da Corte.\n<\/p>\n<p>Por fim, vai caber ao Supremo decidir se aceita a den\u00fancia e inicia o processo ou se arquiva o pedido.\n<\/p>\n<p>\u201cNeste caso espec\u00edfico, me parece que \u00e9 de toda prud\u00eancia que o ministro se afaste da relatoria, para que o tribunal n\u00e3o fique sob suspeita, sob questionamento, sob discuss\u00e3o. Isso preservaria mais a imagem do tribunal\u201d, afirma ao Estad\u00e3o o professor de Direito Constitucional da Universidade Federal Fluminense (UFF) Gustavo Sampaio.\n<\/p>\n<p>Ele acrescenta que, caso Moraes se declare impedido, a relatoria ser\u00e1 redistribu\u00edda por sorteio entre os ministros do STF.\n<\/p>\n<p><strong>Postura de Moraes \u00e9 contradit\u00f3ria<\/strong><br \/>O jurista e ex-desembargador do Tribunal de Justi\u00e7a de S\u00e3o Paulo W\u00e1lter Maierovitch concorda. Para ele, Moraes deveria se declarar suspeito, n\u00e3o apenas por figurar como poss\u00edvel v\u00edtima, mas por ter conduzido o inqu\u00e9rito, desempenhando um papel semelhante ao de um juiz de garantias.\n<\/p>\n<p>Embora o instituto seja aplic\u00e1vel apenas \u00e0 primeira inst\u00e2ncia, Maierovitch considera contradit\u00f3ria a postura de Moraes ao permanecer no caso.\n<\/p>\n<p>\u201cOra, se eles defenderam isso, \u00e9 uma hipocrisia virarem agora as costas\u201d, afirmou ao jornal. \u201cE uma contradi\u00e7\u00e3o. N\u00f3s estamos numa situa\u00e7\u00e3o pat\u00e9tica. Como o Brasil vai ser visto internacionalmente com um juiz que \u00e9 v\u00edtima e julgador? [\u2026] Sou professor de processo penal e isso \u00e9 estarrecedor para quem atua como operador dessa \u00e1rea do direito processual, constitucional e penal.\u201d\n<\/p>\n<p>Em sua avalia\u00e7\u00e3o, a amplitude de atribui\u00e7\u00f5es exercidas por Moraes guarda semelhan\u00e7as com o ocorrido na Opera\u00e7\u00e3o Lava Jato, quando o ent\u00e3o juiz S\u00e9rgio Moro foi criticado por sua atua\u00e7\u00e3o em diferentes investiga\u00e7\u00f5es.\n<\/p>\n<p>\u201cTivemos o caso da parcialidade do Moro\u201d, disse. \u201cSer\u00e1 que j\u00e1 esquecemos? \u00c9 preciso levar em conta o hist\u00f3rico de Moraes, n\u00e3o \u00e9 s\u00f3 esse inqu\u00e9rito.\u201d\n<\/p>\n<p>Maierovitch destacou ao Estad\u00e3o que a perman\u00eancia do ministro no caso pode gerar contesta\u00e7\u00f5es futuras por parte das defesas dos investigados, especialmente por meio da argui\u00e7\u00e3o de suspei\u00e7\u00e3o.<\/p>\n<p>Fonte: Revista Oeste              <\/p>\n<\/div>\n<p><br \/>\n<br \/><a href=\"https:\/\/diariodobrasilnoticias.com.br\/noticia\/juiz-e-possivel-vitima-a-participacao-de-moraes-na-investigacao-contra-bolsonaro-pode-resultar-em-anulacao-do-caso-6745ae656d8ab\">Source link <\/a><\/p>","protected":false},"excerpt":{"rendered":"<p>Investiga\u00e7\u00f5es da Pol\u00edcia Federal (PF) revelaram um suposto plano para matar o ministro do Supremo Tribunal Federal (STF) Alexandre de Moraes, o presidente Luiz In\u00e1cio Lula da Silva (PT) e&hellip;<\/p>","protected":false},"author":1,"featured_media":66096,"comment_status":"closed","ping_status":"open","sticky":false,"template":"","format":"standard","meta":{"content-type":"","footnotes":""},"categories":[16],"tags":[123,2448,5313,1267],"class_list":["post-66095","post","type-post","status-publish","format-standard","has-post-thumbnail","hentry","category-noticias","tag-brasil","tag-diario","tag-noticia","tag-noticias"],"_links":{"self":[{"href":"https:\/\/tvbrazilusa.com\/pt\/wp-json\/wp\/v2\/posts\/66095","targetHints":{"allow":["GET"]}}],"collection":[{"href":"https:\/\/tvbrazilusa.com\/pt\/wp-json\/wp\/v2\/posts"}],"about":[{"href":"https:\/\/tvbrazilusa.com\/pt\/wp-json\/wp\/v2\/types\/post"}],"author":[{"embeddable":true,"href":"https:\/\/tvbrazilusa.com\/pt\/wp-json\/wp\/v2\/users\/1"}],"replies":[{"embeddable":true,"href":"https:\/\/tvbrazilusa.com\/pt\/wp-json\/wp\/v2\/comments?post=66095"}],"version-history":[{"count":1,"href":"https:\/\/tvbrazilusa.com\/pt\/wp-json\/wp\/v2\/posts\/66095\/revisions"}],"predecessor-version":[{"id":66097,"href":"https:\/\/tvbrazilusa.com\/pt\/wp-json\/wp\/v2\/posts\/66095\/revisions\/66097"}],"wp:featuredmedia":[{"embeddable":true,"href":"https:\/\/tvbrazilusa.com\/pt\/wp-json\/wp\/v2\/media\/66096"}],"wp:attachment":[{"href":"https:\/\/tvbrazilusa.com\/pt\/wp-json\/wp\/v2\/media?parent=66095"}],"wp:term":[{"taxonomy":"category","embeddable":true,"href":"https:\/\/tvbrazilusa.com\/pt\/wp-json\/wp\/v2\/categories?post=66095"},{"taxonomy":"post_tag","embeddable":true,"href":"https:\/\/tvbrazilusa.com\/pt\/wp-json\/wp\/v2\/tags?post=66095"}],"curies":[{"name":"wp","href":"https:\/\/api.w.org\/{rel}","templated":true}]}}