{"id":66203,"date":"2024-11-26T15:42:24","date_gmt":"2024-11-26T15:42:24","guid":{"rendered":"https:\/\/tvbrazilusa.com\/2024\/11\/26\/em-carta-ceo-do-carrefour-pede-desculpas-aos-produtores-brasileiros-confira\/"},"modified":"2024-11-26T15:42:25","modified_gmt":"2024-11-26T15:42:25","slug":"em-carta-ceo-do-carrefour-pede-desculpas-aos-produtores-brasileiros-confira","status":"publish","type":"post","link":"https:\/\/tvbrazilusa.com\/pt\/2024\/11\/26\/em-carta-ceo-do-carrefour-pede-desculpas-aos-produtores-brasileiros-confira\/","title":{"rendered":"Em carta, CEO do Carrefour pede desculpas aos produtores brasileiros; CONFIRA"},"content":{"rendered":"<p> <script async src=\"https:\/\/pagead2.googlesyndication.com\/pagead\/js\/adsbygoogle.js?client=ca-pub-8864793242727901\"\r\n     crossorigin=\"anonymous\"><\/script><br \/>\n<\/p>\n<div id=\"taboola-read-more\" style=\"display:block; width:100%\">\n<p>Alexandre Bompard, CEO do Carrefour, escreveu uma carta de retrata\u00e7\u00e3o em rela\u00e7\u00e3o \u00e0s cr\u00edticas feitas \u00e0 carne do Brasil. O texto foi entregue pelo embaixador da Fran\u00e7a no Brasil, Emmanuel Lenain, ao ministro da Agricultura, Carlos F\u00e1varo, e a assessores de Lula (PT).\n<\/p>\n<p>A iniciativa ocorre ap\u00f3s um an\u00fancio de que a marca francesa deixaria de comprar prote\u00ednas animais do Mercosul. No \u00faltimo dia 20, o CEO afirmou que a varejista se comprometeria a n\u00e3o vender carnes do Mercosul, bloco formado por Brasil, Argentina, Paraguai e Uruguai, independentemente dos \u201cpre\u00e7os e quantidades de carne\u201d que esses pa\u00edses possam oferecer.<\/p>\n<p>Na nova carta, Bompard pede desculpas se \u201ca comunica\u00e7\u00e3o do Carrefour Fran\u00e7a\u201d causou \u201cconfus\u00e3o\u201d e foi \u201cinterpretada como questionamento\u201d da parceria da marca \u201ccom a agricultura brasileira e como uma cr\u00edtica a ela\u201d. No entanto, ele n\u00e3o disse se o Carrefour voltar\u00e1 atr\u00e1s da decis\u00e3o que havia sido divulgada na semana passada.\n<\/p>\n<p>Segundo Alexandre, o Carrefour \u00e9 o \u00e9 o primeiro parceiro da agricultura francesa e a rede compra \u201cquase toda a carne\u201d que necessita de produtores do pa\u00eds \u2013o que seguir\u00e1 fazendo. As informa\u00e7\u00f5es s\u00e3o do Neofeed e do Poder360.\n<\/p>\n<p>Leia, abaixo, a \u00edntegra da carta:\n<\/p>\n<p><em>\u201cAo Excelent\u00edssimo Ministro da Agricultura e Pecu\u00e1ria do Brasil,<\/em><br \/><em>Senhor Carlos F\u00e1varo,<\/em>\n<\/p>\n<p><em>\u201cA declara\u00e7\u00e3o de apoio do Carrefour Fran\u00e7a aos produtores agr\u00edcolas franceses causou discord\u00e2ncias no Brasil. Como diretor-presidente do Grupo Carrefour e amigo de longa data do pa\u00eds, venho, respeitosamente, esclarec\u00ea-la.<\/em>\n<\/p>\n<p><em>\u201cO Carrefour \u00e9 um grupo descentralizado e enraizado em cada pa\u00eds onde est\u00e1 presente, franc\u00eas na Fran\u00e7a e brasileiro no Brasil.<\/em>\n<\/p>\n<p><em>\u201cNa Fran\u00e7a, o Carrefour \u00e9 o 1\u00ba parceiro da agricultura francesa: compramos quase toda a carne que necessitamos para as nossas atividades na Fran\u00e7a, e assim seguiremos fazendo. A decis\u00e3o do Carrefour Fran\u00e7a n\u00e3o teve como objetivo mudar as regras de um mercado amplamente estruturado em suas cadeias de abastecimento locais, que segue as prefer\u00eancias regionais de nossos clientes. Com essa decis\u00e3o, quisemos assegurar aos agricultores franceses, que atravessam uma grave crise, a perenidade do nosso apoio e das nossas compras locais.<\/em>\n<\/p>\n<p><em>\u201cDo outro lado do Atl\u00e2ntico, no Brasil, compramos dos produtores brasileiros quase toda a carne que necessitamos para as nossas atividades, e seguiremos fazendo assim. S\u00e3o os mesmos valores de criar ra\u00edzes e parceria que inspiram h\u00e1 50 anos nossa rela\u00e7\u00e3o com o setor agropecu\u00e1rio brasileiro, cujo profissionalismo, cuidado \u00e0 terra e produtores conhecemos.<\/em>\n<\/p>\n<p><em>\u201cO Grupo Carrefour Brasil \u00e9 profundamente brasileiro, com mais de 130 mil colaboradores, se desenvolveu e continua se desenvolvendo sob minha presid\u00eancia em parceria com produtores e fornecedores do Brasil, valorizando o trabalho do setor produtivo e sempre em benef\u00edcio de nossos clientes. Nos \u00faltimos anos, o Grupo Carrefour Brasil acelerou seu desenvolvimento, dobrando tanto o volume de seus investimentos no pa\u00eds quanto suas compras da agricultura brasileira. Mais amplamente, o Brasil \u00e9 o pa\u00eds em que o Carrefour mais investiu sob minha presid\u00eancia, o que confirma nossa ambi\u00e7\u00e3o e nosso comprometimento com o pa\u00eds. Assim seguiremos prestigiando a produ\u00e7\u00e3o e os atores locais e fomentando a economia do Brasil.<\/em>\n<\/p>\n<p><em>\u201cSabemos que a agricultura brasileira fornece carne de alta qualidade, respeito as normas e sabor. Se a comunica\u00e7\u00e3o do Carrefour Fran\u00e7a gerou confus\u00e3o e pode ter sido interpretada como questionamento de nossa parceria com a agricultura brasileira e como uma cr\u00edtica a ela, pedimos desculpas.<\/em>\n<\/p>\n<p><em>\u201cO Carrefour est\u00e1 empenhado em trabalhar, na Fran\u00e7a e no Brasil, em prol de uma agricultura pr\u00f3spera, seguindo nosso prop\u00f3sito pela transi\u00e7\u00e3o alimentar para todos. Asseguro, senhor ministro, nosso compromisso de longo prazo ao lado da agricultura e dos produtores brasileiros.<\/em>\n<\/p>\n<p><em>\u201cAproveito a oportunidade para renovar os protestos de estima e considera\u00e7\u00e3o.<\/em>\n<\/p>\n<p><em>\u201cAtenciosamente,<\/em>\n<\/p>\n<p><em>\u201cAlexandre Bompard<\/em><br \/><em>\u201cDiretor-presidente do Grupo Carrefour\u201d<\/em><\/p>\n<p>Fonte: Pleno News              <\/p>\n<\/div>\n<p><br \/>\n<br \/><a href=\"https:\/\/diariodobrasilnoticias.com.br\/noticia\/em-carta-ceo-do-carrefour-pede-desculpas-aos-produtores-brasileiros-confira-6745ce30515fb\">Source link <\/a><\/p>","protected":false},"excerpt":{"rendered":"<p>Alexandre Bompard, CEO do Carrefour, escreveu uma carta de retrata\u00e7\u00e3o em rela\u00e7\u00e3o \u00e0s cr\u00edticas feitas \u00e0 carne do Brasil. O texto foi entregue pelo embaixador da Fran\u00e7a no Brasil, Emmanuel&hellip;<\/p>","protected":false},"author":1,"featured_media":66204,"comment_status":"closed","ping_status":"open","sticky":false,"template":"","format":"standard","meta":{"content-type":"","footnotes":""},"categories":[16],"tags":[123,2448,5313,1267],"class_list":["post-66203","post","type-post","status-publish","format-standard","has-post-thumbnail","hentry","category-noticias","tag-brasil","tag-diario","tag-noticia","tag-noticias"],"_links":{"self":[{"href":"https:\/\/tvbrazilusa.com\/pt\/wp-json\/wp\/v2\/posts\/66203","targetHints":{"allow":["GET"]}}],"collection":[{"href":"https:\/\/tvbrazilusa.com\/pt\/wp-json\/wp\/v2\/posts"}],"about":[{"href":"https:\/\/tvbrazilusa.com\/pt\/wp-json\/wp\/v2\/types\/post"}],"author":[{"embeddable":true,"href":"https:\/\/tvbrazilusa.com\/pt\/wp-json\/wp\/v2\/users\/1"}],"replies":[{"embeddable":true,"href":"https:\/\/tvbrazilusa.com\/pt\/wp-json\/wp\/v2\/comments?post=66203"}],"version-history":[{"count":1,"href":"https:\/\/tvbrazilusa.com\/pt\/wp-json\/wp\/v2\/posts\/66203\/revisions"}],"predecessor-version":[{"id":66205,"href":"https:\/\/tvbrazilusa.com\/pt\/wp-json\/wp\/v2\/posts\/66203\/revisions\/66205"}],"wp:featuredmedia":[{"embeddable":true,"href":"https:\/\/tvbrazilusa.com\/pt\/wp-json\/wp\/v2\/media\/66204"}],"wp:attachment":[{"href":"https:\/\/tvbrazilusa.com\/pt\/wp-json\/wp\/v2\/media?parent=66203"}],"wp:term":[{"taxonomy":"category","embeddable":true,"href":"https:\/\/tvbrazilusa.com\/pt\/wp-json\/wp\/v2\/categories?post=66203"},{"taxonomy":"post_tag","embeddable":true,"href":"https:\/\/tvbrazilusa.com\/pt\/wp-json\/wp\/v2\/tags?post=66203"}],"curies":[{"name":"wp","href":"https:\/\/api.w.org\/{rel}","templated":true}]}}