{"id":66212,"date":"2024-11-26T15:54:31","date_gmt":"2024-11-26T15:54:31","guid":{"rendered":"https:\/\/tvbrazilusa.com\/2024\/11\/26\/incidente-aereo-aviao-russo-su35-empurra-f18-dos-eua-ate-o-limite-e-se-perde-no-horizonte-veja-video\/"},"modified":"2024-11-26T15:54:32","modified_gmt":"2024-11-26T15:54:32","slug":"incidente-aereo-aviao-russo-su35-empurra-f18-dos-eua-ate-o-limite-e-se-perde-no-horizonte-veja-video","status":"publish","type":"post","link":"https:\/\/tvbrazilusa.com\/pt\/2024\/11\/26\/incidente-aereo-aviao-russo-su35-empurra-f18-dos-eua-ate-o-limite-e-se-perde-no-horizonte-veja-video\/","title":{"rendered":"Incidente A\u00e9reo: Avi\u00e3o Russo SU35 empurra F18 dos EUA at\u00e9 o limite e se perde no horizonte; VEJA V\u00cdDEO"},"content":{"rendered":"<p> <script async src=\"https:\/\/pagead2.googlesyndication.com\/pagead\/js\/adsbygoogle.js?client=ca-pub-8864793242727901\"\r\n     crossorigin=\"anonymous\"><\/script><br \/>\n<br \/>Incidente A\u00e9reo: Avi\u00e3o Russo SU35 empurra F18 dos EUA at\u00e9 o limite e se perde no horizonte; VEJA V\u00cdDEO<br \/>\n<br \/><br \/>\n<br \/><a href=\"https:\/\/diariodobrasilnoticias.com.br\/noticia\/incidente-aereo-aviao-russo-su35-empurra-f18-dos-eua-ate-o-limite-e-se-perde-no-horizonte-veja-video-6745d364732dc\">Source link <\/a><\/p>","protected":false},"excerpt":{"rendered":"<p>Incidente A\u00e9reo: Avi\u00e3o Russo SU35 empurra F18 dos EUA at\u00e9 o limite e se perde no horizonte; VEJA V\u00cdDEO Source link<\/p>","protected":false},"author":1,"featured_media":66213,"comment_status":"closed","ping_status":"open","sticky":false,"template":"","format":"standard","meta":{"content-type":"","footnotes":""},"categories":[16],"tags":[123,2448,5313,1267],"class_list":["post-66212","post","type-post","status-publish","format-standard","has-post-thumbnail","hentry","category-noticias","tag-brasil","tag-diario","tag-noticia","tag-noticias"],"_links":{"self":[{"href":"https:\/\/tvbrazilusa.com\/pt\/wp-json\/wp\/v2\/posts\/66212","targetHints":{"allow":["GET"]}}],"collection":[{"href":"https:\/\/tvbrazilusa.com\/pt\/wp-json\/wp\/v2\/posts"}],"about":[{"href":"https:\/\/tvbrazilusa.com\/pt\/wp-json\/wp\/v2\/types\/post"}],"author":[{"embeddable":true,"href":"https:\/\/tvbrazilusa.com\/pt\/wp-json\/wp\/v2\/users\/1"}],"replies":[{"embeddable":true,"href":"https:\/\/tvbrazilusa.com\/pt\/wp-json\/wp\/v2\/comments?post=66212"}],"version-history":[{"count":1,"href":"https:\/\/tvbrazilusa.com\/pt\/wp-json\/wp\/v2\/posts\/66212\/revisions"}],"predecessor-version":[{"id":66214,"href":"https:\/\/tvbrazilusa.com\/pt\/wp-json\/wp\/v2\/posts\/66212\/revisions\/66214"}],"wp:featuredmedia":[{"embeddable":true,"href":"https:\/\/tvbrazilusa.com\/pt\/wp-json\/wp\/v2\/media\/66213"}],"wp:attachment":[{"href":"https:\/\/tvbrazilusa.com\/pt\/wp-json\/wp\/v2\/media?parent=66212"}],"wp:term":[{"taxonomy":"category","embeddable":true,"href":"https:\/\/tvbrazilusa.com\/pt\/wp-json\/wp\/v2\/categories?post=66212"},{"taxonomy":"post_tag","embeddable":true,"href":"https:\/\/tvbrazilusa.com\/pt\/wp-json\/wp\/v2\/tags?post=66212"}],"curies":[{"name":"wp","href":"https:\/\/api.w.org\/{rel}","templated":true}]}}