{"id":66218,"date":"2024-11-26T16:06:06","date_gmt":"2024-11-26T16:06:06","guid":{"rendered":"https:\/\/tvbrazilusa.com\/2024\/11\/26\/audios-sugerem-que-militares-estariam-divididos-em-relacao-ao-golpe\/"},"modified":"2024-11-26T16:06:07","modified_gmt":"2024-11-26T16:06:07","slug":"audios-sugerem-que-militares-estariam-divididos-em-relacao-ao-golpe","status":"publish","type":"post","link":"https:\/\/tvbrazilusa.com\/pt\/2024\/11\/26\/audios-sugerem-que-militares-estariam-divididos-em-relacao-ao-golpe\/","title":{"rendered":"\u00c1udios sugerem que militares estariam divididos em rela\u00e7\u00e3o ao golpe"},"content":{"rendered":"<p> <script async src=\"https:\/\/pagead2.googlesyndication.com\/pagead\/js\/adsbygoogle.js?client=ca-pub-8864793242727901\"\r\n     crossorigin=\"anonymous\"><\/script><br \/>\n<\/p>\n<div id=\"taboola-read-more\" style=\"display:block; width:100%\">\n<p>\u00c1udios obtidos pela PF (Pol\u00edcia Federal) indicam que os militares estariam divididos sobre aderir aos planos para um eventual golpe de Estado depois das elei\u00e7\u00f5es presidenciais vencidas por Luiz In\u00e1cio Lula da Silva (PT) em 2022. As conversas foram divulgadas pela TV Globo.\n<\/p>\n<p>Em uma das mensagens, o coronel reformado Reginaldo Vieira de Abreu disse ao general Mario Fernandes que 5 \u201ckids pretos\u201d (grupo formado por militares das For\u00e7as Especiais) n\u00e3o desejavam aderir ao plano e 3 \u201cqueriam muito\u201d. Os demais estavam na \u201czona de conforto\u201d. Ele declarou: \u201c\u00c9 isso. Infelizmente. E a li\u00e7\u00e3o que a gente deu para a esquerda \u00e9 que o Alto Comando tem de acabar\u201d.<\/p>\n<p>Na \u00e9poca, Reginaldo Vieira de Abreu era assessor do ent\u00e3o presidente Jair Bolsonaro (PL). O ex-chefe do Executivo, Fernandes e outras 35 pessoas foram indiciadas pela PF na \u00faltima 5\u00aa feira (21.nov.2024) no inqu\u00e9rito que apura a tentativa de um golpe de Estado em 2022. O relat\u00f3rio final foi encaminhado ao STF (Supremo Tribunal Federal) a cargo de Alexandre de Moraes, ministro relator do caso.\n<\/p>\n<p>Segundo Moraes, h\u00e1 \u201crobustos e grav\u00edssimos ind\u00edcios\u201d de que alguns integrantes do governo Bolsonaro discutiram e iniciaram o que seria um planejamento para, em 2022, matar Lula e o ent\u00e3o vice-presidente eleito, Geraldo Alckmin (PSB), e o pr\u00f3prio ministro do STF.\n<\/p>\n<p>Na \u00e9poca, Fernandes era secret\u00e1rio-executivo da Secretaria Geral da Presid\u00eancia. Ele sempre foi o mais efusivo defensor de um ato de for\u00e7a para impedir a posse de Lula e Alckmin. Em grupos de mensagens do governo Bolsonaro, ele reclamava da inoper\u00e2ncia da administra\u00e7\u00e3o federal sobre tomar alguma atitude para n\u00e3o haver a troca de presidentes.\n<\/p>\n<p>Em novembro de 2022, Fernandes demonstrou insatisfa\u00e7\u00e3o sobre o que se passava. Em uma mensagem, o general disse a Vieira de Abreu que Bolsonaro precisava \u201cdecidir e assinar\u201d um decreto de estado de s\u00edtio.\n<\/p>\n<p>Reginaldo \u00e9 conhecido como Velame e respondeu a Mario Fernandes em 5 de novembro de 2022, com uma refer\u00eancia a um jarg\u00e3o que era comum em discursos de Bolsonaro, sobre atuar sempre \u201cdentro das 4 linhas da Constitui\u00e7\u00e3o\u201d (trata-se de uma alegoria com o futebol, quando se diz o que \u00e9 permitido aos jogadores fazerem dentro de campo, delimitado por 4 linhas).\n<\/p>\n<p>Eis o que disse Velame, segundo a PF: \u201cO senhor me desculpe a express\u00e3o, mas 4 linhas \u00e9 o caralho. Quatro linhas da Constitui\u00e7\u00e3o \u00e9 o caceta. N\u00f3s estamos em guerra, eles est\u00e3o vencendo, est\u00e1 quase acabando e eles n\u00e3o deram um tiro por incompet\u00eancia nossa. Incompet\u00eancia nossa, \u00e9 isso. Estamos igual o sapo, a hist\u00f3ria do sapo na \u00e1gua quente. Voc\u00ea coloca o sapo na \u00e1gua quente, ele n\u00e3o sente a temperatura da \u00e1gua mudar e vai se aumentando, aumentando, aumentando quando v\u00ea ele t\u00e1 morto. \u00c9 isso\u201d.\n<\/p>\n<p>Fonte: Poder 360              <\/p>\n<\/div>\n<p><br \/>\n<br \/><a href=\"https:\/\/diariodobrasilnoticias.com.br\/noticia\/audios-sugerem-que-militares-estariam-divididos-em-relacao-ao-golpe-6745d2290c5c0\">Source link <\/a><\/p>","protected":false},"excerpt":{"rendered":"<p>\u00c1udios obtidos pela PF (Pol\u00edcia Federal) indicam que os militares estariam divididos sobre aderir aos planos para um eventual golpe de Estado depois das elei\u00e7\u00f5es presidenciais vencidas por Luiz In\u00e1cio&hellip;<\/p>","protected":false},"author":1,"featured_media":66219,"comment_status":"closed","ping_status":"open","sticky":false,"template":"","format":"standard","meta":{"content-type":"","footnotes":""},"categories":[16],"tags":[123,2448,5313,1267],"class_list":["post-66218","post","type-post","status-publish","format-standard","has-post-thumbnail","hentry","category-noticias","tag-brasil","tag-diario","tag-noticia","tag-noticias"],"_links":{"self":[{"href":"https:\/\/tvbrazilusa.com\/pt\/wp-json\/wp\/v2\/posts\/66218","targetHints":{"allow":["GET"]}}],"collection":[{"href":"https:\/\/tvbrazilusa.com\/pt\/wp-json\/wp\/v2\/posts"}],"about":[{"href":"https:\/\/tvbrazilusa.com\/pt\/wp-json\/wp\/v2\/types\/post"}],"author":[{"embeddable":true,"href":"https:\/\/tvbrazilusa.com\/pt\/wp-json\/wp\/v2\/users\/1"}],"replies":[{"embeddable":true,"href":"https:\/\/tvbrazilusa.com\/pt\/wp-json\/wp\/v2\/comments?post=66218"}],"version-history":[{"count":1,"href":"https:\/\/tvbrazilusa.com\/pt\/wp-json\/wp\/v2\/posts\/66218\/revisions"}],"predecessor-version":[{"id":66220,"href":"https:\/\/tvbrazilusa.com\/pt\/wp-json\/wp\/v2\/posts\/66218\/revisions\/66220"}],"wp:featuredmedia":[{"embeddable":true,"href":"https:\/\/tvbrazilusa.com\/pt\/wp-json\/wp\/v2\/media\/66219"}],"wp:attachment":[{"href":"https:\/\/tvbrazilusa.com\/pt\/wp-json\/wp\/v2\/media?parent=66218"}],"wp:term":[{"taxonomy":"category","embeddable":true,"href":"https:\/\/tvbrazilusa.com\/pt\/wp-json\/wp\/v2\/categories?post=66218"},{"taxonomy":"post_tag","embeddable":true,"href":"https:\/\/tvbrazilusa.com\/pt\/wp-json\/wp\/v2\/tags?post=66218"}],"curies":[{"name":"wp","href":"https:\/\/api.w.org\/{rel}","templated":true}]}}