{"id":66227,"date":"2024-11-26T16:22:17","date_gmt":"2024-11-26T16:22:17","guid":{"rendered":"https:\/\/tvbrazilusa.com\/2024\/11\/26\/motorista-morto-em-acidente-na-rota-80-apos-caminhao-com-traseira-estacionado-no-acostamento-dizem-policiais\/"},"modified":"2024-11-26T16:30:00","modified_gmt":"2024-11-26T16:30:00","slug":"motorista-morto-em-acidente-na-rota-80-apos-caminhao-com-traseira-estacionado-no-acostamento-dizem-policiais","status":"publish","type":"post","link":"https:\/\/tvbrazilusa.com\/pt\/2024\/11\/26\/motorista-morto-em-acidente-na-rota-80-apos-caminhao-com-traseira-estacionado-no-acostamento-dizem-policiais\/","title":{"rendered":"Motorista morto em acidente na Rota 80 ap\u00f3s caminh\u00e3o com traseira estacionado no acostamento, dizem policiais"},"content":{"rendered":"<script async src=\"https:\/\/pagead2.googlesyndication.com\/pagead\/js\/adsbygoogle.js?client=ca-pub-8864793242727901\"\r\n     crossorigin=\"anonymous\"><\/script>\n<div>\n<p class=\"article__paragraph article__paragraph--left\" id=\"OKW4DLU6E5GPNHQG5XOUVROK3Y\">Um homem de 52 anos de Nova Jersey foi morto na noite de segunda-feira ao longo da Interestadual 80 quando bateu na traseira de um semirreboque estacionado ao longo da rodovia no condado de Morris, disseram as autoridades.<\/p>\n<p class=\"article__paragraph article__paragraph--left\" id=\"TQTM2BGMZRAULJNRHZZ2YXROHY\">O residente de Haledon estava dirigindo para o oeste, perto da sa\u00edda 37, por volta das 23h05, quando atingiu o Freightliner, disse a Pol\u00edcia Estadual na ter\u00e7a-feira.<\/p>\n<p class=\"article__paragraph article__paragraph--left\" id=\"7SBFOSJM6JAJ5C6LOIOJHGQJUE\">O motorista morreu devido aos ferimentos em um hospital da regi\u00e3o. Sua identidade n\u00e3o foi divulgada porque as notifica\u00e7\u00f5es da fam\u00edlia n\u00e3o estavam completas.<\/p>\n<p class=\"article__paragraph article__paragraph--left\" id=\"IQ42TK6QURFBFJXPLHNSBJ2OTU\">Ningu\u00e9m mais ficou ferido. O acidente continua sob investiga\u00e7\u00e3o.<\/p>\n<p class=\"article__paragraph article__paragraph--left\" id=\"24VYL5ARQZB75GIP2GOV52F2Y4\">O acidente fatal foi o segundo do dia na Interestadual 80, em Nova Jersey. UM <a href=\"https:\/\/www.nj.com\/passaic-county\/2024\/11\/driver-killed-after-van-veers-off-nj-highway-hits-tree-police-say.html\" target=\"_blank\">Homem de 41 anos foi morto a cerca de 25 quil\u00f4metros de dist\u00e2ncia, em Wayne<\/a> pela manh\u00e3, ap\u00f3s bater na traseira de outro carro, fazendo-o sair da estrada e bater em uma \u00e1rvore.<\/p>\n<section class=\"Stories-By-Author-module_wrapper__ezbcK Stories-By-Author-module_nj__Ap1-Y\"\/>\n<p class=\"article__paragraph article__paragraph--left\" id=\"FOZE5V3H2VHYTAYRM5L2HWLMKQ\"><i>Nosso jornalismo precisa do seu apoio. Por favor, inscreva-se hoje para <\/i><a href=\"https:\/\/www.nj.com\/\"><i>NJ.com<\/i><\/a><i>.<\/i><\/p>\n<p class=\"article__paragraph article__paragraph--left\" id=\"XPDSHD272NH77J7BXA3VB6GBLA\"><a href=\"https:\/\/www.nj.com\/user\/JeffGoldman\/posts.html\"><i>Jeff Goldman<\/i><\/a><i>  pode ser alcan\u00e7ado em <\/i><a href=\"https:\/\/www.nj.com\/morris\/2024\/11\/mailto:jeff_goldman@njadvancemedia.com\"><i>jeff_goldman@njadvancemedia.com<\/i><\/a><i>.<\/i><\/p>\n<\/div>\n<p><br \/>\n<br \/><a href=\"https:\/\/www.nj.com\/morris\/2024\/11\/driver-killed-in-route-80-crash-after-rear-ending-truck-parked-on-shoulder-cops-say.html\">Source link <\/a><\/p>","protected":false},"excerpt":{"rendered":"<p>Um homem de 52 anos de Nova Jersey foi morto na noite de segunda-feira ao longo da Interestadual 80 quando bateu na traseira de um semirreboque estacionado ao longo da&hellip;<\/p>","protected":false},"author":1,"featured_media":16368,"comment_status":"closed","ping_status":"open","sticky":false,"template":"","format":"standard","meta":{"content-type":"","footnotes":""},"categories":[1],"tags":[],"class_list":["post-66227","post","type-post","status-publish","format-standard","has-post-thumbnail","hentry","category-uncategorized"],"_links":{"self":[{"href":"https:\/\/tvbrazilusa.com\/pt\/wp-json\/wp\/v2\/posts\/66227","targetHints":{"allow":["GET"]}}],"collection":[{"href":"https:\/\/tvbrazilusa.com\/pt\/wp-json\/wp\/v2\/posts"}],"about":[{"href":"https:\/\/tvbrazilusa.com\/pt\/wp-json\/wp\/v2\/types\/post"}],"author":[{"embeddable":true,"href":"https:\/\/tvbrazilusa.com\/pt\/wp-json\/wp\/v2\/users\/1"}],"replies":[{"embeddable":true,"href":"https:\/\/tvbrazilusa.com\/pt\/wp-json\/wp\/v2\/comments?post=66227"}],"version-history":[{"count":1,"href":"https:\/\/tvbrazilusa.com\/pt\/wp-json\/wp\/v2\/posts\/66227\/revisions"}],"predecessor-version":[{"id":66228,"href":"https:\/\/tvbrazilusa.com\/pt\/wp-json\/wp\/v2\/posts\/66227\/revisions\/66228"}],"wp:featuredmedia":[{"embeddable":true,"href":"https:\/\/tvbrazilusa.com\/pt\/wp-json\/wp\/v2\/media\/16368"}],"wp:attachment":[{"href":"https:\/\/tvbrazilusa.com\/pt\/wp-json\/wp\/v2\/media?parent=66227"}],"wp:term":[{"taxonomy":"category","embeddable":true,"href":"https:\/\/tvbrazilusa.com\/pt\/wp-json\/wp\/v2\/categories?post=66227"},{"taxonomy":"post_tag","embeddable":true,"href":"https:\/\/tvbrazilusa.com\/pt\/wp-json\/wp\/v2\/tags?post=66227"}],"curies":[{"name":"wp","href":"https:\/\/api.w.org\/{rel}","templated":true}]}}