{"id":66231,"date":"2024-11-26T16:36:13","date_gmt":"2024-11-26T16:36:13","guid":{"rendered":"https:\/\/tvbrazilusa.com\/2024\/11\/26\/quanto-custou-a-nova-cascata-artificial-de-lula-e-janja\/"},"modified":"2024-11-26T16:36:14","modified_gmt":"2024-11-26T16:36:14","slug":"quanto-custou-a-nova-cascata-artificial-de-lula-e-janja","status":"publish","type":"post","link":"https:\/\/tvbrazilusa.com\/pt\/2024\/11\/26\/quanto-custou-a-nova-cascata-artificial-de-lula-e-janja\/","title":{"rendered":"Quanto custou a nova cascata artificial de Lula e Janja?"},"content":{"rendered":"<p> <script async src=\"https:\/\/pagead2.googlesyndication.com\/pagead\/js\/adsbygoogle.js?client=ca-pub-8864793242727901\"\r\n     crossorigin=\"anonymous\"><\/script><br \/>\n<\/p>\n<div id=\"taboola-read-more\" style=\"display:block; width:100%\">\n<p>O Minist\u00e9rio da Casa Civil tentou justificar a nova cascata artificial da Granja do Torto, apresentada pela primeira-dama Janja nas redes sociais no domingo, 24, mas n\u00e3o informou quanto custou a obra na casa de campo da Presid\u00eancia da Rep\u00fablica.\n<\/p>\n<p>Ao Estad\u00e3o, a pasta chefiada por Rui Costa afirmou, por meio de nota, que a \u201cmanuten\u00e7\u00e3o predial corretiva e preventiva de car\u00e1ter cont\u00ednuo, adequa\u00e7\u00f5es, recupera\u00e7\u00e3o, reparos e revitaliza\u00e7\u00f5es da Granja do Torto, o que inclui as \u00e1reas interna e externa, como jardins, espelhos d\u2019\u00e1gua e fontes, por meio de contratos j\u00e1 realizados de manuten\u00e7\u00e3o predial e servi\u00e7os comuns de engenharia da Presid\u00eancia da Rep\u00fablica.\u201d<\/p>\n<p>\u201cPor abrigar animais silvestres como jabutis, a Resid\u00eancia Oficial da Granja do Torto \u00e9 classificada como um criadouro conservacionista. Dessa forma, o espelho d\u2019\u00e1gua da Resid\u00eancia, que estava desativado, faz parte do complexo espelho d\u2019\u00e1gua\/recinto dos jabutis. Assim, a reativa\u00e7\u00e3o do espelho d\u2019\u00e1gua foi realizada no mesmo conjunto da revitaliza\u00e7\u00e3o do recinto dos jabutis, uma vez que o recinto desses animais necessita de tanque ou lago.\u201d\n<\/p>\n<p>\u201c[A] revitaliza\u00e7\u00e3o do espelho d\u2019\u00e1gua remontou ao seu contexto original que \u00e9 a presen\u00e7a de peixes em seu corpo h\u00eddrico e a queda d\u2019\u00e1gua promove agita\u00e7\u00e3o e movimenta\u00e7\u00e3o do leito, com amplia\u00e7\u00e3o da superf\u00edcie de contato \u00e1gua\/ar, e, por consequente, oxigena\u00e7\u00e3o da \u00e1gua como fundamental para a fun\u00e7\u00e3o vital para os peixes e o microssistema espelho d\u2019\u00e1gua\/recinto dos jabutis.\u201d\n<\/p>\n<p>Apesar da justificativa, a pasta n\u00e3o disse quanto a obra custou aos cofres p\u00fablicos.\n<\/p>\n<p><strong>A reforma da Granja do Torto<\/strong><br \/>Com 37 hectares, a Granja do Torto serviu como resid\u00eancia oficial do ex-ministro da Economia Paulo Guedes entre 2019 e 2022, per\u00edodo correspondente ao governo Bolsonaro.\n<\/p>\n<p>Desde 2023, a casa de veraneio da Presid\u00eancia da Rep\u00fablica tem passado por uma reforma.\n<\/p>\n<p>Em mar\u00e7o de 2024, o governo Lula abriu uma licita\u00e7\u00e3o de 20 milh\u00f5es de reais para a realiza\u00e7\u00e3o de reparos nos im\u00f3veis oficiais da Presid\u00eancia da Rep\u00fablica.\n<\/p>\n<p>Al\u00e9m do Pal\u00e1cio do Planalto, as obras incluem o Pal\u00e1cio da Alvorada, a Granja do Torto, o Pal\u00e1cio Jaburu e 80 im\u00f3veis funcionais.<\/p>\n<p>Fonte: O antagonista              <\/p>\n<\/div>\n<p><br \/>\n<br \/><a href=\"https:\/\/diariodobrasilnoticias.com.br\/noticia\/quanto-custou-a-nova-cascata-artificial-de-lula-e-janja-6745d42c24467\">Source link <\/a><\/p>","protected":false},"excerpt":{"rendered":"<p>O Minist\u00e9rio da Casa Civil tentou justificar a nova cascata artificial da Granja do Torto, apresentada pela primeira-dama Janja nas redes sociais no domingo, 24, mas n\u00e3o informou quanto custou&hellip;<\/p>","protected":false},"author":1,"featured_media":66232,"comment_status":"closed","ping_status":"open","sticky":false,"template":"","format":"standard","meta":{"content-type":"","footnotes":""},"categories":[16],"tags":[123,2448,5313,1267],"class_list":["post-66231","post","type-post","status-publish","format-standard","has-post-thumbnail","hentry","category-noticias","tag-brasil","tag-diario","tag-noticia","tag-noticias"],"_links":{"self":[{"href":"https:\/\/tvbrazilusa.com\/pt\/wp-json\/wp\/v2\/posts\/66231","targetHints":{"allow":["GET"]}}],"collection":[{"href":"https:\/\/tvbrazilusa.com\/pt\/wp-json\/wp\/v2\/posts"}],"about":[{"href":"https:\/\/tvbrazilusa.com\/pt\/wp-json\/wp\/v2\/types\/post"}],"author":[{"embeddable":true,"href":"https:\/\/tvbrazilusa.com\/pt\/wp-json\/wp\/v2\/users\/1"}],"replies":[{"embeddable":true,"href":"https:\/\/tvbrazilusa.com\/pt\/wp-json\/wp\/v2\/comments?post=66231"}],"version-history":[{"count":1,"href":"https:\/\/tvbrazilusa.com\/pt\/wp-json\/wp\/v2\/posts\/66231\/revisions"}],"predecessor-version":[{"id":66233,"href":"https:\/\/tvbrazilusa.com\/pt\/wp-json\/wp\/v2\/posts\/66231\/revisions\/66233"}],"wp:featuredmedia":[{"embeddable":true,"href":"https:\/\/tvbrazilusa.com\/pt\/wp-json\/wp\/v2\/media\/66232"}],"wp:attachment":[{"href":"https:\/\/tvbrazilusa.com\/pt\/wp-json\/wp\/v2\/media?parent=66231"}],"wp:term":[{"taxonomy":"category","embeddable":true,"href":"https:\/\/tvbrazilusa.com\/pt\/wp-json\/wp\/v2\/categories?post=66231"},{"taxonomy":"post_tag","embeddable":true,"href":"https:\/\/tvbrazilusa.com\/pt\/wp-json\/wp\/v2\/tags?post=66231"}],"curies":[{"name":"wp","href":"https:\/\/api.w.org\/{rel}","templated":true}]}}