{"id":66237,"date":"2024-11-26T16:48:01","date_gmt":"2024-11-26T16:48:01","guid":{"rendered":"https:\/\/tvbrazilusa.com\/2024\/11\/26\/menina-de-2-anos-atravessa-sozinha-a-fronteira-entre-mexico-e-eua-carregando-apenas-um-bilhete-veja-video\/"},"modified":"2024-11-26T16:48:03","modified_gmt":"2024-11-26T16:48:03","slug":"menina-de-2-anos-atravessa-sozinha-a-fronteira-entre-mexico-e-eua-carregando-apenas-um-bilhete-veja-video","status":"publish","type":"post","link":"https:\/\/tvbrazilusa.com\/pt\/2024\/11\/26\/menina-de-2-anos-atravessa-sozinha-a-fronteira-entre-mexico-e-eua-carregando-apenas-um-bilhete-veja-video\/","title":{"rendered":"Menina de 2 anos atravessa sozinha a fronteira entre M\u00e9xico e EUA, carregando apenas um bilhete; VEJA V\u00cdDEO"},"content":{"rendered":"<p> <script async src=\"https:\/\/pagead2.googlesyndication.com\/pagead\/js\/adsbygoogle.js?client=ca-pub-8864793242727901\"\r\n     crossorigin=\"anonymous\"><\/script><br \/>\n<\/p>\n<div>\n<figure class=\"post-image\">\n<\/figure>\n<p>            <span style=\"font-size: 12px\">Divulga\u00e7\u00e3o \/ Pol\u00edcia do Texas<\/span><\/p>\n<p>            <!-- end metas --><br \/>\n            <!-- ADS --><\/p>\n<div id=\"taboola-read-more\" style=\"display:block; width:100%\">\n<p>Uma menina migrante de 2 anos foi encontrada sozinha na fronteira dos Estados Unidos com o M\u00e9xico no \u00faltimo domingo (24), carregando apenas um bilhete com um nome e n\u00famero de telefone.\n<\/p>\n<p>Oriunda de El Salvador, a menina est\u00e1 entre os 60 menores desacompanhados que integravam um grupo de 200 migrantes ilegais detidos no Condado de Maverick, no Texas .<\/p>\n<p>Em um v\u00eddeo divulgado Departamento de Seguran\u00e7a P\u00fablica do Texas, que mostra as crian\u00e7as sendo entrevistadas pelos agentes, a menina conta que foi separada dos pais. Quando questionada sobre aonde iria, ela responde &#8220;com minha m\u00e3e e meu pai&#8221; que, segundo ela, est\u00e3o nos Estados Unidos. Um oficial perguntou sua idade e ela levantou dois dedos.\n<\/p>\n<p>\u201cEste \u00e9 um exemplo claro da jornada prec\u00e1ria que essas crian\u00e7as fazem desde seu pa\u00eds de origem e de como organiza\u00e7\u00f5es criminosas traficam essas crian\u00e7as atrav\u00e9s da fronteira sul e mais para o interior\u201d, escreveu o tenente Chris Olivarez, no X (antigo Twitter).\n<\/p>\n<p>ASSISTA:\n<\/p>\n<h3>Crise migrat\u00f3ria nos EUA<\/h3>\n<p>A\u00a0crise migrat\u00f3ria na fronteira dos EUA tem sido um dos principais assuntos no pa\u00eds, especialmente ap\u00f3s a elei\u00e7\u00e3o de Donald Trump, que promete endurecer as pol\u00edticas de imigra\u00e7\u00e3o.\n<\/p>\n<p>De acordo com informa\u00e7\u00f5es da Alf\u00e2ndega e Prote\u00e7\u00e3o de Fronteiras, mais de 529 mil crian\u00e7as migrantes entraram no pa\u00eds desde o in\u00edcio do governo de Joe Biden. A estimativa \u00e9 que governo perdeu o controle de cerca de 320 mil\u00a0desses casos ap\u00f3s cruzarem a fronteira.\n<\/p>\n<p>Fonte: iG              <\/p>\n<\/div>\n<p>                        <!-- Scripts para conteudo --><\/p>\n<p>            <!-- .\/Scripts para conteudo --><br \/>\n            <!-- .\/Mat\u00e9ria --><\/p>\n<div class=\"row mt-3\">\n<div class=\"col-sm-6\">\n                <!-- Whatsapp channel 3--><br \/>\n                <a href=\"https:\/\/chat.whatsapp.com\/J6hwSKYns5B0XFowx2wZ0P\" target=\"_blank\"><br \/>\n                  <img decoding=\"async\" src=\"https:\/\/diariodobrasilnoticias.com.br\/assets-site\/images\/bot_whatsapp.png\"\/><\/a>\n              <\/div>\n<div class=\"col-sm-6\">\n                <a href=\"https:\/\/t.me\/+_4gTmi5LKo03OTM5\" target=\"_blank\"><br \/>\n                  <img decoding=\"async\" src=\"https:\/\/diariodobrasilnoticias.com.br\/assets-site\/images\/bot_telegram.png\"\/><\/a>\n              <\/div>\n<\/p><\/div>\n<p>            <!-- end post-navigation --><\/p>\n<p>              <!-- end row --><\/p>\n<p>              <!-- end col-12-->\n                      <\/div>\n<p><br \/>\n<br \/><a href=\"https:\/\/diariodobrasilnoticias.com.br\/noticia\/menina-de-2-anos-atravessa-sozinha-a-fronteira-entre-mexico-e-eua-carregando-apenas-um-bilhete-veja-video-6745e07bdac9c\">Source link <\/a><\/p>","protected":false},"excerpt":{"rendered":"<p>Divulga\u00e7\u00e3o \/ Pol\u00edcia do Texas Uma menina migrante de 2 anos foi encontrada sozinha na fronteira dos Estados Unidos com o M\u00e9xico no \u00faltimo domingo (24), carregando apenas um bilhete&hellip;<\/p>","protected":false},"author":1,"featured_media":66238,"comment_status":"closed","ping_status":"open","sticky":false,"template":"","format":"standard","meta":{"content-type":"","footnotes":""},"categories":[16],"tags":[123,2448,5313,1267],"class_list":["post-66237","post","type-post","status-publish","format-standard","has-post-thumbnail","hentry","category-noticias","tag-brasil","tag-diario","tag-noticia","tag-noticias"],"_links":{"self":[{"href":"https:\/\/tvbrazilusa.com\/pt\/wp-json\/wp\/v2\/posts\/66237","targetHints":{"allow":["GET"]}}],"collection":[{"href":"https:\/\/tvbrazilusa.com\/pt\/wp-json\/wp\/v2\/posts"}],"about":[{"href":"https:\/\/tvbrazilusa.com\/pt\/wp-json\/wp\/v2\/types\/post"}],"author":[{"embeddable":true,"href":"https:\/\/tvbrazilusa.com\/pt\/wp-json\/wp\/v2\/users\/1"}],"replies":[{"embeddable":true,"href":"https:\/\/tvbrazilusa.com\/pt\/wp-json\/wp\/v2\/comments?post=66237"}],"version-history":[{"count":1,"href":"https:\/\/tvbrazilusa.com\/pt\/wp-json\/wp\/v2\/posts\/66237\/revisions"}],"predecessor-version":[{"id":66239,"href":"https:\/\/tvbrazilusa.com\/pt\/wp-json\/wp\/v2\/posts\/66237\/revisions\/66239"}],"wp:featuredmedia":[{"embeddable":true,"href":"https:\/\/tvbrazilusa.com\/pt\/wp-json\/wp\/v2\/media\/66238"}],"wp:attachment":[{"href":"https:\/\/tvbrazilusa.com\/pt\/wp-json\/wp\/v2\/media?parent=66237"}],"wp:term":[{"taxonomy":"category","embeddable":true,"href":"https:\/\/tvbrazilusa.com\/pt\/wp-json\/wp\/v2\/categories?post=66237"},{"taxonomy":"post_tag","embeddable":true,"href":"https:\/\/tvbrazilusa.com\/pt\/wp-json\/wp\/v2\/tags?post=66237"}],"curies":[{"name":"wp","href":"https:\/\/api.w.org\/{rel}","templated":true}]}}