{"id":66252,"date":"2024-11-26T17:13:16","date_gmt":"2024-11-26T17:13:16","guid":{"rendered":"https:\/\/tvbrazilusa.com\/2024\/11\/26\/trabalhador-da-construcao-civil-e-transportado-de-aviao-para-o-hospital-apos-cair-de-uma-escada-em-bal-harbour-wsvn-7news-noticias-de-miami-clima-esportes-fort-lauderdale\/"},"modified":"2024-11-26T17:15:57","modified_gmt":"2024-11-26T17:15:57","slug":"trabalhador-da-construcao-civil-e-transportado-de-aviao-para-o-hospital-apos-cair-de-uma-escada-em-bal-harbour-wsvn-7news-noticias-de-miami-clima-esportes-fort-lauderdale","status":"publish","type":"post","link":"https:\/\/tvbrazilusa.com\/pt\/2024\/11\/26\/trabalhador-da-construcao-civil-e-transportado-de-aviao-para-o-hospital-apos-cair-de-uma-escada-em-bal-harbour-wsvn-7news-noticias-de-miami-clima-esportes-fort-lauderdale\/","title":{"rendered":"Trabalhador da constru\u00e7\u00e3o civil \u00e9 transportado de avi\u00e3o para o hospital ap\u00f3s cair de uma escada em Bal Harbour &#8211; WSVN 7News | Not\u00edcias de Miami, clima, esportes | Fort Lauderdale"},"content":{"rendered":"<p> <script async src=\"https:\/\/pagead2.googlesyndication.com\/pagead\/js\/adsbygoogle.js?client=ca-pub-8864793242727901\"\r\n     crossorigin=\"anonymous\"><\/script><br \/>\n<\/p>\n<div itemprop=\"articleBody\">\n<p>BAL HARBOUR, FL. (WSVN) &#8211; Um trabalhador da constru\u00e7\u00e3o civil foi levado de avi\u00e3o para o hospital depois de cair de uma escada em Bal Harbour.<\/p>\n<p>A chamada de emerg\u00eancia chegou pouco depois das 9h de ter\u00e7a-feira, relatando uma queda perto do bloco 9.700 da Collins Avenue.<\/p>\n<p>V\u00e1rias unidades de resgate de bombeiros de Miami Dade responderam \u00e0 chamada.<\/p>\n<p>Ao chegarem, descobriram que uma pessoa caiu de uma escada no segundo andar de um pr\u00e9dio e n\u00e3o conseguia se mover.<\/p>\n<p>As tripula\u00e7\u00f5es usaram uma t\u00e1tica de desencarceramento, chamada opera\u00e7\u00e3o de cesta de stokes, para remover com seguran\u00e7a a v\u00edtima e carreg\u00e1-la em uma tabela para ser i\u00e7ada at\u00e9 o ch\u00e3o para transporte.<\/p>\n<p>O paciente foi transportado para Jackson North Trauma Center pela Air Rescue. <\/p>\n<p>A extens\u00e3o de seus ferimentos n\u00e3o \u00e9 clara.<\/p>\n<p><em>Copyright 2024 Sunbeam Television Corp. Todos os direitos reservados. Este material n\u00e3o pode ser publicado, transmitido, reescrito ou redistribu\u00eddo.<\/em><\/p>\n<div class=\"wp-block-newsletter\">\n\t<strong class=\"wp-block-newsletter__title\">Cadastre-se em nosso boletim informativo para receber as \u00faltimas not\u00edcias diretamente na sua caixa de entrada<\/strong><\/p>\n<\/div><\/div>\n<p><br \/>\n<br \/><a href=\"https:\/\/wsvn.com\/news\/local\/miami-dade\/construction-worker-airlifted-to-hospital-after-falling-from-ladder-in-bal-harbour\/\">Source link <\/a><\/p>","protected":false},"excerpt":{"rendered":"<p>BAL HARBOUR, FL. (WSVN) &#8211; Um trabalhador da constru\u00e7\u00e3o civil foi levado de avi\u00e3o para o hospital depois de cair de uma escada em Bal Harbour. A chamada de emerg\u00eancia&hellip;<\/p>","protected":false},"author":1,"featured_media":66253,"comment_status":"closed","ping_status":"open","sticky":false,"template":"","format":"standard","meta":{"content-type":"","footnotes":""},"categories":[1],"tags":[],"class_list":["post-66252","post","type-post","status-publish","format-standard","has-post-thumbnail","hentry","category-uncategorized"],"_links":{"self":[{"href":"https:\/\/tvbrazilusa.com\/pt\/wp-json\/wp\/v2\/posts\/66252","targetHints":{"allow":["GET"]}}],"collection":[{"href":"https:\/\/tvbrazilusa.com\/pt\/wp-json\/wp\/v2\/posts"}],"about":[{"href":"https:\/\/tvbrazilusa.com\/pt\/wp-json\/wp\/v2\/types\/post"}],"author":[{"embeddable":true,"href":"https:\/\/tvbrazilusa.com\/pt\/wp-json\/wp\/v2\/users\/1"}],"replies":[{"embeddable":true,"href":"https:\/\/tvbrazilusa.com\/pt\/wp-json\/wp\/v2\/comments?post=66252"}],"version-history":[{"count":1,"href":"https:\/\/tvbrazilusa.com\/pt\/wp-json\/wp\/v2\/posts\/66252\/revisions"}],"predecessor-version":[{"id":66254,"href":"https:\/\/tvbrazilusa.com\/pt\/wp-json\/wp\/v2\/posts\/66252\/revisions\/66254"}],"wp:featuredmedia":[{"embeddable":true,"href":"https:\/\/tvbrazilusa.com\/pt\/wp-json\/wp\/v2\/media\/66253"}],"wp:attachment":[{"href":"https:\/\/tvbrazilusa.com\/pt\/wp-json\/wp\/v2\/media?parent=66252"}],"wp:term":[{"taxonomy":"category","embeddable":true,"href":"https:\/\/tvbrazilusa.com\/pt\/wp-json\/wp\/v2\/categories?post=66252"},{"taxonomy":"post_tag","embeddable":true,"href":"https:\/\/tvbrazilusa.com\/pt\/wp-json\/wp\/v2\/tags?post=66252"}],"curies":[{"name":"wp","href":"https:\/\/api.w.org\/{rel}","templated":true}]}}