{"id":66303,"date":"2024-11-26T18:32:00","date_gmt":"2024-11-26T18:32:00","guid":{"rendered":"https:\/\/tvbrazilusa.com\/2024\/11\/26\/fenomeno-raro-atinge-deserto-na-arabia-saudita\/"},"modified":"2024-11-26T18:32:01","modified_gmt":"2024-11-26T18:32:01","slug":"fenomeno-raro-atinge-deserto-na-arabia-saudita","status":"publish","type":"post","link":"https:\/\/tvbrazilusa.com\/pt\/2024\/11\/26\/fenomeno-raro-atinge-deserto-na-arabia-saudita\/","title":{"rendered":"Fen\u00f4meno raro atinge deserto na Ar\u00e1bia Saudita"},"content":{"rendered":"<p> <script async src=\"https:\/\/pagead2.googlesyndication.com\/pagead\/js\/adsbygoogle.js?client=ca-pub-8864793242727901\"\r\n     crossorigin=\"anonymous\"><\/script><br \/>\n<\/p>\n<div>\n<p>Segundo os meteorologistas, a chuva que caiu em apenas dois dias equivale ao que estava previsto para o ano inteiro de 2024. Essa parte do sudeste do Marrocos est\u00e1 entre os locais mais secos do planeta, com m\u00e9dia de apenas 250 mm de precipita\u00e7\u00e3o ao longo do ano.\u00a0<\/p>\n<p>\u00a0<\/p>\n<p>Mas, em apenas 24 horas, foram 100 mm. Chuva intensa que se manteve no segundo dia, criando imagens impressionantes que foram captadas por sat\u00e9lites da Nasa. A \u00e1gua preencheu partes do Lago Iriqui, famosa regi\u00e3o que estava completamente seca h\u00e1 cinco d\u00e9cadas.<\/p>\n<p>\u00a0<\/p>\n<p>Meteorologistas dizem que essa chuva forte foi uma tempestade extratropical, com potencial para alterar o clima da regi\u00e3o nos pr\u00f3ximos meses e at\u00e9 anos, j\u00e1 que o ar ret\u00e9m umidade causando mais evapora\u00e7\u00e3o e gerando novas tempestades.<\/p>\n<p>\u00a0<\/p>\n<p>Os desertos est\u00e3o entre as forma\u00e7\u00f5es naturais mais curiosas do planeta. E o Saara, al\u00e9m de ser o mais famoso, \u00e9 o maior deserto arenoso do mundo, s\u00f3 perdendo em tamanho para os desertos gelados nos polos. Veja quais s\u00e3o os maiores desertos do mundo.<\/p>\n<p>\u00a0<\/p>\n<p>\u00a0<\/p>\n<p>\u00a0<\/p>\n<p>Fonte: iG<\/p>\n<p>\u00a0<\/p>\n<\/div>\n<p><br \/>\n<br \/><a href=\"https:\/\/diariodobrasilnoticias.com.br\/noticia\/fenomeno-raro-atinge-deserto-na-arabia-saudita-6745f3e57ae9c\">Source link <\/a><\/p>","protected":false},"excerpt":{"rendered":"<p>Segundo os meteorologistas, a chuva que caiu em apenas dois dias equivale ao que estava previsto para o ano inteiro de 2024. Essa parte do sudeste do Marrocos est\u00e1 entre&hellip;<\/p>","protected":false},"author":1,"featured_media":66304,"comment_status":"closed","ping_status":"open","sticky":false,"template":"","format":"standard","meta":{"content-type":"","footnotes":""},"categories":[16],"tags":[123,2448,5313,1267],"class_list":["post-66303","post","type-post","status-publish","format-standard","has-post-thumbnail","hentry","category-noticias","tag-brasil","tag-diario","tag-noticia","tag-noticias"],"_links":{"self":[{"href":"https:\/\/tvbrazilusa.com\/pt\/wp-json\/wp\/v2\/posts\/66303","targetHints":{"allow":["GET"]}}],"collection":[{"href":"https:\/\/tvbrazilusa.com\/pt\/wp-json\/wp\/v2\/posts"}],"about":[{"href":"https:\/\/tvbrazilusa.com\/pt\/wp-json\/wp\/v2\/types\/post"}],"author":[{"embeddable":true,"href":"https:\/\/tvbrazilusa.com\/pt\/wp-json\/wp\/v2\/users\/1"}],"replies":[{"embeddable":true,"href":"https:\/\/tvbrazilusa.com\/pt\/wp-json\/wp\/v2\/comments?post=66303"}],"version-history":[{"count":1,"href":"https:\/\/tvbrazilusa.com\/pt\/wp-json\/wp\/v2\/posts\/66303\/revisions"}],"predecessor-version":[{"id":66305,"href":"https:\/\/tvbrazilusa.com\/pt\/wp-json\/wp\/v2\/posts\/66303\/revisions\/66305"}],"wp:featuredmedia":[{"embeddable":true,"href":"https:\/\/tvbrazilusa.com\/pt\/wp-json\/wp\/v2\/media\/66304"}],"wp:attachment":[{"href":"https:\/\/tvbrazilusa.com\/pt\/wp-json\/wp\/v2\/media?parent=66303"}],"wp:term":[{"taxonomy":"category","embeddable":true,"href":"https:\/\/tvbrazilusa.com\/pt\/wp-json\/wp\/v2\/categories?post=66303"},{"taxonomy":"post_tag","embeddable":true,"href":"https:\/\/tvbrazilusa.com\/pt\/wp-json\/wp\/v2\/tags?post=66303"}],"curies":[{"name":"wp","href":"https:\/\/api.w.org\/{rel}","templated":true}]}}