{"id":66306,"date":"2024-11-26T18:28:22","date_gmt":"2024-11-26T18:28:22","guid":{"rendered":"https:\/\/tvbrazilusa.com\/2024\/11\/26\/jabrill-peppers-e-jerod-mayo-abordam-a-reintegracao-de-peppers-apos-prisao\/"},"modified":"2024-11-26T18:37:24","modified_gmt":"2024-11-26T18:37:24","slug":"jabrill-peppers-e-jerod-mayo-abordam-a-reintegracao-de-peppers-apos-prisao","status":"publish","type":"post","link":"https:\/\/tvbrazilusa.com\/pt\/2024\/11\/26\/jabrill-peppers-e-jerod-mayo-abordam-a-reintegracao-de-peppers-apos-prisao\/","title":{"rendered":"Jabrill Peppers e Jerod Mayo abordam a reintegra\u00e7\u00e3o de Peppers ap\u00f3s pris\u00e3o"},"content":{"rendered":"<p> <script async src=\"https:\/\/pagead2.googlesyndication.com\/pagead\/js\/adsbygoogle.js?client=ca-pub-8864793242727901\"\r\n     crossorigin=\"anonymous\"><\/script><br \/>\n<\/p>\n<div id=\"\">\n<header class=\"m-article-header m-article-header--standard\">\n\t\t\t\t\t\t\t\t\t\t\t\t<span id=\"article-header-primary-term\"><br \/>\n\t\t\t\t\t\t\t\t<a class=\"a-term a-term--primary\" href=\"https:\/\/www.boston.com\/tag\/new-england-patriots\/\"><\/p>\n<p>\t\t\t\t\t\t\t\tPatriotas\t\t\t\t\t\t\t\t<\/a><br \/>\n\t\t\t\t\t\t\t<\/span><\/p>\n<h2 class=\"m-article-header__sub-headline\">&#8220;Para n\u00f3s, dentro destas quatro paredes, desde que ele esteja fazendo a coisa certa, espero que ele seja capaz de jogar quando estiver pronto para jogar.&#8221;<\/h2>\n<figure class=\"a-photo m-article-header__photo\"><figcaption class=\"a-photo__caption\">\n<p>\tJabrill Peppers voltou aos treinos do Patriots na ter\u00e7a-feira. <em> Foto de Matthew J Lee\/equipe da Globe<\/em>\t<\/figcaption><\/figure>\n<\/header>\n<p>Um dia depois que a NFL removeu o safety dos Patriots, Jabrill Peppers <a target=\"_blank\" href=\"https:\/\/www.boston.com\/news\/local-news\/2024\/11\/25\/jabrill-pepperss-trial-scheduled-for-january-but-could-be-playing-this-sunday-patriots\/\" rel=\"noreferrer noopener\">da lista de isentos do comiss\u00e1rio <\/a>Segunda-feira, o veterano defensor voltou ao Gillette Stadium e participou do treino do time na tarde de ter\u00e7a-feira. <\/p>\n<p>\u201cExtremamente grato\u201d, Peppers <a target=\"_blank\" href=\"https:\/\/x.com\/_AndrewCallahan\/status\/1861450384218136741\" rel=\"noreferrer noopener\">disse sobre retornar ao time.<\/a> \u201cEste \u00e9 o Dia de A\u00e7\u00e3o de Gra\u00e7as. H\u00e1 muito o que agradecer agora. Estou muito feliz por estar perto dos caras. Feliz por estar de volta ao pr\u00e9dio. Feliz por voltar a fazer o que amo fazer.\u201d<\/p>\n<p>O t\u00e9cnico do Patriots, Jerod Mayo, disse aos rep\u00f3rteres na ter\u00e7a-feira que Peppers est\u00e1 no elenco ativo de 53 jogadores, embora ainda n\u00e3o se saiba se ele ser\u00e1 liberado para jogar durante o confronto da semana 13 de domingo contra os Colts. <\/p>\n<p>Peppers, que jogou pela \u00faltima vez no jogo da Semana 5 do New England contra o 49ers, foi colocado na lista de isentos do comiss\u00e1rio em 9 de outubro \u2013 apenas quatro dias <a target=\"_blank\" href=\"https:\/\/www.boston.com\/sports\/new-england-patriots\/2024\/10\/07\/jabrill-peppers-arrested-report-details\/\" rel=\"noreferrer noopener\">depois que ele foi preso <\/a>e acusado de agress\u00e3o dom\u00e9stica e agress\u00e3o, agress\u00e3o e agress\u00e3o com arma perigosa, estrangulamento e posse de subst\u00e2ncia Classe B.<\/p>\n<p>Peppers se declarou inocente de todas as acusa\u00e7\u00f5es, com seu julgamento com j\u00fari marcado para a semana passada, para come\u00e7ar em 22 de janeiro.<\/p>\n<p>\u201cPara mim, acho que apenas por respeito ao processo legal, temos que deixar isso acontecer\u201d, disse Mayo. \u201cPara n\u00f3s, dentro destas quatro paredes, desde que ele esteja fazendo a coisa certa, espero que ele possa jogar quando estiver pronto para jogar. \u2026 O processo vai levar tempo. <\/p>\n<p>\u201cO processo legal fora do pr\u00e9dio e o que achamos que aconteceu dentro do pr\u00e9dio. Mas, ao mesmo tempo, a NFL o retirou da lista de comiss\u00e1rios isentos e \u00e9 com isso que temos que lidar.<\/p>\n<p>Com o julgamento de Peppers demorando meses para come\u00e7ar, sua remo\u00e7\u00e3o da lista de isentos pode ter mais a ver com a dura\u00e7\u00e3o da suspens\u00e3o que Peppers j\u00e1 cumpriu \u2013 com a liga agora colocando-o nas m\u00e3os dos Patriots no que diz respeito a novas a\u00e7\u00f5es disciplinares. . <\/p>\n<p>\u201cDe acordo com uma fonte da liga, o motivo pelo qual o Patriots S Jabrill Peppers foi removido da lista de isentos do comiss\u00e1rio foi porque a suspens\u00e3o b\u00e1sica por viola\u00e7\u00e3o da pol\u00edtica de conduta pessoal envolvendo as a\u00e7\u00f5es pelas quais ele \u00e9 acusado \u00e9 de seis jogos,\u201d<a target=\"_blank\" href=\"https:\/\/x.com\/DougKyed\/status\/1861165944103424234\" rel=\"noreferrer noopener\"> o <\/a><em><a target=\"_blank\" href=\"https:\/\/x.com\/DougKyed\/status\/1861165944103424234\" rel=\"noreferrer noopener\">Doug Kyed do Boston Herald <\/a><\/em><a target=\"_blank\" href=\"https:\/\/x.com\/DougKyed\/status\/1861165944103424234\" rel=\"noreferrer noopener\">postado na X segunda-feira<\/a>. \u201cEle j\u00e1 perdeu sete jogos. Se Peppers tivesse permanecido na lista de isentos at\u00e9 o pr\u00f3ximo julgamento, 22 de janeiro, ele teria perdido um total de 12 jogos. <\/p>\n<p>\u201cA NFL ainda pode impor disciplina no final do processo se forem encontradas evid\u00eancias que demonstrem que Peppers violou a pol\u00edtica de conduta pessoal. A NFL tentar\u00e1 concluir sua investiga\u00e7\u00e3o assim que houver uma decis\u00e3o.\u201d<\/p>\n<p>Mayo se recusou a entrar em detalhes na ter\u00e7a-feira quando questionado se a propriedade do Patriots aprovou a reintegra\u00e7\u00e3o de Peppers ou se Peppers se dirigiu \u00e0 equipe. <\/p>\n<p>&#8220;N\u00f3s<a target=\"_blank\" href=\"https:\/\/x.com\/cpriceglobe\/status\/1861169036622487951\" rel=\"noreferrer noopener\"> divulgou o comunicado ontem <\/a>do ponto de vista organizacional de como queremos deixar esse processo funcionar\u201d, disse Mayo. \u201cOlha, quando (Peppers) estiver pronto para ir, espero que possamos lev\u00e1-lo para o jogo.\u201d<\/p>\n<p>Peppers confirmou que conversou com o propriet\u00e1rio da equipe, Robert Kraft, sobre sua situa\u00e7\u00e3o legal em andamento, mas \u2013 citando sua representa\u00e7\u00e3o legal \u2013 n\u00e3o entrou em detalhes sobre seu pr\u00f3ximo caso. <\/p>\n<p>\u201cEu entendo que voc\u00eas t\u00eam d\u00favidas sobre o que aconteceu no in\u00edcio da temporada. Seguindo o conselho dos meus advogados, n\u00e3o tenho liberdade para discutir quaisquer detalhes\u201d, disse Peppers na ter\u00e7a-feira. \u201cEstou ansioso para fazer isso como parte do processo judicial. Espero que voc\u00eas entendam e respeitem isso.\u201d<\/p>\n<p><a target=\"_blank\" href=\"https:\/\/www.boston.com\/sports\/new-england-patriots\/2024\/10\/09\/jabrill-peppers-placed-on-commissioners-exempt-list-following-arrest-patriots-nfl\/\" rel=\"noreferrer noopener\">De acordo com relat\u00f3rios policiais<\/a>Peppers \u00e9 acusado de estrangular uma mulher e empurrar sua cabe\u00e7a contra a parede de seu apartamento antes de for\u00e7\u00e1-la a sair do apartamento. Os policiais tamb\u00e9m encontraram um pequeno saco de p\u00f3 branco em sua carteira, com Peppers supostamente admitindo que era coca\u00edna antes de testar positivo para a droga.<\/p>\n<p>Falando no m\u00eas passado, o advogado de Peppers \u2013 Marc Brofsky \u2013 indicou que h\u00e1 evid\u00eancias em v\u00eddeo de que <a href=\"https:\/\/x.com\/ryanjbreslin\/status\/1843294576146358312?ref_src=twsrc%5Etfw%7Ctwcamp%5Etweetembed%7Ctwterm%5E1843294576146358312%7Ctwgr%5E443da43a3a9653be201e036d191ea0b314ad3971%7Ctwcon%5Es1_&#038;ref_url=https%3A%2F%2Fwww.boston.com%2Fsports%2Fnew-england-patriots%2F2024%2F10%2F07%2Fjabrill-peppers-arrested-report-details%2F\" target=\"_blank\" rel=\"noreferrer noopener\">\u201ccontradiz completamente a hist\u00f3ria da suposta v\u00edtima.\u201d<\/a><\/p>\n<p>Peppers \u2013 que disse que est\u00e1 encarando \u201cdia ap\u00f3s dia\u201d quando se trata de voltar aos jogos da NFL \u2013 se recusou a discutir se a NFL lhe contou por que ele estava sendo reintegrado. <\/p>\n<p>\u201cN\u00e3o tenho liberdade para discutir quaisquer detalhes\u201d, disse Peppers. \u201cEstou grato que a liga me permitiu voltar a fazer o que amo fazer. Vou deixar os procedimentos legais acontecerem.\u201d<\/p>\n<div class=\"o-author-single has-avatar\">\n<header class=\"m-author-card\">\n<div class=\"a-image a-image--square m-author-card__image\">\n\t\t<img decoding=\"async\" class=\"\" src=\"https:\/\/www.boston.com\/wp-content\/uploads\/2023\/05\/Headshot_Conor-645c0406ed6cb-scaled.jpg\" alt=\"Imagem do perfil de Conor Ryan\"\/>\t<\/div>\n<\/header>\n<section class=\"author-info\">\n<hr class=\"m-author__section--hr\"\/>\n<div class=\"m-author__section\">\n<p>Conor Ryan \u00e9 redator da equipe que cobre Bruins, Celtics, Patriots e Red Sox para Boston.com, fun\u00e7\u00e3o que ocupa desde 2023.<\/p>\n<\/div>\n<hr class=\"m-author__section--hr\"\/>\t<\/section>\n<\/div>\n<div class=\"m-block m-generic-cta\t m-generic-cta--post-content\t m-generic-cta--dark\t m-generic-cta--homepage\t m-generic-cta--email-signup\t\t m-generic-cta-block-style--default \tt-amp__generic-cta\"><\/p>\n<div class=\"m-generic-cta__wrap\">\n<div class=\"m-generic-cta__content\">\n<h3 class=\"m-generic-cta__title\">Boston.com hoje<\/h3>\n<p class=\"m-generic-cta__subtitle\">Inscreva-se para receber as \u00faltimas manchetes em sua caixa de entrada todas as manh\u00e3s.<\/p>\n<\/p><\/div>\n<\/p><\/div>\n<\/div><\/div>\n<p><script>\n\t\tvar consent=\"grant\";\n\t\t\/* The above code is parsing the JSON data from the local storage and storing it in a variable. *\/\n\t\t\t\t\tconst onetrustStorageConsent = JSON.parse(localStorage.getItem( 'consent_one_trust_bdc' ) );\n\t\t\tif ( ( onetrustStorageConsent !== null ) ) {\n\t\t\t\t\/* Checking to see if the user has consented to the use of cookies.\n\t\t\t\t* If they have not, it is deleting the cookie.\n\t\t\t\t* This will comment for now, until further notice.\n\t\t\t\t*\/\n\t\t\t\t\/\/if ( onetrustStorageConsent.C0002 === false ) {\n\t\t\t\t\/\/\tdocument.cookie=\"_fbp=;expires=Thu, 01 Jan 2010 00:00:00 UTC; path=\/; domain=.boston.com\";\n\t\t\t\t\/\/}\n\t\t\t\t\/* Checking if the user has given consent for the cookie C0002.\n\t\t\t\t* If the user has given consent, the variable consent will be set to 'grant'.\n\t\t\t\t* If the user has not given consent,the variable consent will be set to 'revoke'.\n\t\t\t\t* Documentation https:\/\/developers.facebook.com\/docs\/meta-pixel\/implementation\/gdpr\n\t\t\t\t*\/\n\t\t\t\tif ( onetrustStorageConsent.C0002 !== true ) {\n\t\t\t\t\tconsent=\"revoke\";\n\t\t\t\t}\n\t\t\t}\n\t\t\t\t!function(f,b,e,v,n,t,s)\n\t\t{if(f.fbq)return;n=f.fbq=function(){n.callMethod?\n\t\tn.callMethod.apply(n,arguments):n.queue.push(arguments)};\n\t\tif(!f._fbq)f._fbq=n;n.push=n;n.loaded=!0;n.version='2.0';\n\t\tn.queue=[];t=b.createElement(e);t.async=!0;\n\t\tt.src=v;s=b.getElementsByTagName(e)[0];\n\t\ts.parentNode.insertBefore(t,s)}(window, document,'script',\n\t\t'https:\/\/connect.facebook.net\/en_US\/fbevents.js');\n\t\tfbq('consent', consent);\n\t\tfbq('init', '989222871864976');\n\t\tfbq('track', 'PageView');\n\t<\/script><script type=\"module\">\n\t\tvar consent=\"grant\";\n\t\t\/* The above code is parsing the JSON data from the local storage and storing it in a variable. *\/\n\t\t\tconst onetrustStorageConsent = JSON.parse(localStorage.getItem( 'consent_one_trust_bdc' ) );\n\t\t\t\/* Checking to see if the user has consented to the use of cookies.\n\t\t\t* If they have not, it is deleting the cookie.\n\t\t\t* This will comment for now, until further notice.\n\t\t\t*\/\n\t\t\t\/\/if ( onetrustStorageConsent.C0002 === false ) {\n\t\t\t\/\/\tdocument.cookie=\"_fbp=;expires=Thu, 01 Jan 2010 00:00:00 UTC; path=\/; domain=.boston.com\";\n\t\t\t\/\/}\n\t\t\t\/* Checking if the user has given consent for the cookie C0002.\n\t\t\t* If the user has given consent, the variable consent will be set to 'grant'.\n\t\t\t* If the user has not given consent,the variable consent will be set to 'revoke'.\n\t\t\t* Documentation https:\/\/developers.facebook.com\/docs\/meta-pixel\/implementation\/gdpr\n\t\t\t*\/\n\t\t\tif ( ( onetrustStorageConsent !== null ) && (onetrustStorageConsent.C0002 !== true ) ) {\n\t\t\t\tconsent=\"revoke\";\n\t\t\t}\n\t\t\t\t!function(f,b,e,v,n,t,s){if(f.fbq)return;n=f.fbq=function()\n\t\t{n.callMethod? n.callMethod.apply(n,arguments):n.queue.push(arguments)}\n\t\t;if(!f._fbq)f._fbq=n;\n\t\tn.push=n;n.loaded=!0;n.version='2.0';n.queue=[];t=b.createElement(e);t.async=!0;\n\t\tt.src=v;s=b.getElementsByTagName(e)[0];s.parentNode.insertBefore(t,s)}(window,\n\t\tdocument,'script','https:\/\/connect.facebook.net\/en_US\/fbevents.js');\n\t\tfbq('consent', consent);\n\t\tfbq('init', '813236348753005');\n\t\tfbq('track', \"PageView\");\n\t<\/script><br \/>\n<br \/><br \/>\n<br \/><a href=\"https:\/\/www.boston.com\/sports\/new-england-patriots\/2024\/11\/26\/jabrill-peppers-jerod-mayo-new-england-patriots-nfl-reinstatement-suspension-arrest\/\">Source link <\/a><\/p>","protected":false},"excerpt":{"rendered":"<p>Patriotas &#8220;Para n\u00f3s, dentro destas quatro paredes, desde que ele esteja fazendo a coisa certa, espero que ele seja capaz de jogar quando estiver pronto para jogar.&#8221; Jabrill Peppers voltou&hellip;<\/p>","protected":false},"author":1,"featured_media":66307,"comment_status":"closed","ping_status":"open","sticky":false,"template":"","format":"standard","meta":{"content-type":"","footnotes":""},"categories":[1],"tags":[],"class_list":["post-66306","post","type-post","status-publish","format-standard","has-post-thumbnail","hentry","category-uncategorized"],"_links":{"self":[{"href":"https:\/\/tvbrazilusa.com\/pt\/wp-json\/wp\/v2\/posts\/66306","targetHints":{"allow":["GET"]}}],"collection":[{"href":"https:\/\/tvbrazilusa.com\/pt\/wp-json\/wp\/v2\/posts"}],"about":[{"href":"https:\/\/tvbrazilusa.com\/pt\/wp-json\/wp\/v2\/types\/post"}],"author":[{"embeddable":true,"href":"https:\/\/tvbrazilusa.com\/pt\/wp-json\/wp\/v2\/users\/1"}],"replies":[{"embeddable":true,"href":"https:\/\/tvbrazilusa.com\/pt\/wp-json\/wp\/v2\/comments?post=66306"}],"version-history":[{"count":1,"href":"https:\/\/tvbrazilusa.com\/pt\/wp-json\/wp\/v2\/posts\/66306\/revisions"}],"predecessor-version":[{"id":66308,"href":"https:\/\/tvbrazilusa.com\/pt\/wp-json\/wp\/v2\/posts\/66306\/revisions\/66308"}],"wp:featuredmedia":[{"embeddable":true,"href":"https:\/\/tvbrazilusa.com\/pt\/wp-json\/wp\/v2\/media\/66307"}],"wp:attachment":[{"href":"https:\/\/tvbrazilusa.com\/pt\/wp-json\/wp\/v2\/media?parent=66306"}],"wp:term":[{"taxonomy":"category","embeddable":true,"href":"https:\/\/tvbrazilusa.com\/pt\/wp-json\/wp\/v2\/categories?post=66306"},{"taxonomy":"post_tag","embeddable":true,"href":"https:\/\/tvbrazilusa.com\/pt\/wp-json\/wp\/v2\/tags?post=66306"}],"curies":[{"name":"wp","href":"https:\/\/api.w.org\/{rel}","templated":true}]}}