{"id":66312,"date":"2024-11-26T18:49:22","date_gmt":"2024-11-26T18:49:22","guid":{"rendered":"https:\/\/tvbrazilusa.com\/2024\/11\/26\/doenca-oculta-e-encontrada-em-cerebro-da-maioria-dos-idosos\/"},"modified":"2024-11-26T18:49:23","modified_gmt":"2024-11-26T18:49:23","slug":"doenca-oculta-e-encontrada-em-cerebro-da-maioria-dos-idosos","status":"publish","type":"post","link":"https:\/\/tvbrazilusa.com\/pt\/2024\/11\/26\/doenca-oculta-e-encontrada-em-cerebro-da-maioria-dos-idosos\/","title":{"rendered":"Doen\u00e7a oculta \u00e9 encontrada em c\u00e9rebro da maioria dos idosos"},"content":{"rendered":"<p> <script async src=\"https:\/\/pagead2.googlesyndication.com\/pagead\/js\/adsbygoogle.js?client=ca-pub-8864793242727901\"\r\n     crossorigin=\"anonymous\"><\/script><br \/>\n<\/p>\n<div id=\"taboola-read-more\" style=\"display:block; width:100%\">\n<p>Pesquisadores finlandeses descobriram que uma doen\u00e7a cerebral oculta pode ser muito mais comum do que se pensava anteriormente. Em um estudo com idosos, a equipe identificou a condi\u00e7\u00e3o no c\u00e9rebro de quase dois ter\u00e7os dos participantes.\n<\/p>\n<p>De acordo com os pesquisadores, a doen\u00e7a chamada encefalopatia TDP-43 (LATE) parece estar rivalizando com o Alzheimer como uma das principais causas de dem\u00eancia.<\/p>\n<p><strong>O que \u00e9 a LATE?<\/strong><br \/>A ci\u00eancia reconheceu a LATE recentemente. Ela foi descrita pela primeira vez por cientistas em 2019. Uma das caracter\u00edsticas da doen\u00e7a \u00e9 o ac\u00famulo anormal de uma prote\u00edna chamada TDP-43 em \u00e1reas do c\u00e9rebro cruciais para a mem\u00f3ria e o pensamento.\n<\/p>\n<p>Esse ac\u00famulo de prote\u00edna pode levar \u00e0 morte de c\u00e9lulas cerebrais e ao decl\u00ednio cognitivo, muito parecido com as placas e emaranhados da doen\u00e7a de Alzheimer.\n<\/p>\n<p>Os pesquisadores publicaram os resultados no peri\u00f3dico Brain. O artigo fornece algumas das evid\u00eancias mais fortes at\u00e9 agora de que o LATE pode ser um grande contribuinte para a dem\u00eancia nos idosos.\n<\/p>\n<p><strong>Detalhes do estudo<\/strong><br \/>Para o estudo, os cientistas examinaram os c\u00e9rebros de 295 indiv\u00edduos que morreram com mais de 85 anos.\n<\/p>\n<p>Os resultados foram impressionantes. A equipe encontrou evid\u00eancias de LATE em 64,1% dos c\u00e9rebros examinados pelos pesquisadores.\n<\/p>\n<p>Ainda mais surpreendentemente, LATE pareceu estar independentemente associado \u00e0 dem\u00eancia, mesmo quando se considera outras altera\u00e7\u00f5es cerebrais como aquelas vistas no Alzheimer.\n<\/p>\n<p>Para colocar isso em perspectiva, imagine uma cidade pequena onde quase dois em cada tr\u00eas moradores com mais de 85 anos andam por a\u00ed com uma prote\u00edna potencialmente causadora de dem\u00eancia em seus c\u00e9rebros.\n<\/p>\n<p>O estudo tamb\u00e9m esclareceu como o LATE interage com outras condi\u00e7\u00f5es cerebrais comuns na terceira idade.\n<\/p>\n<p>Muitos indiv\u00edduos mostraram sinais de LATE e doen\u00e7a de Alzheimer, e esses participantes tendiam a ter decl\u00ednio cognitivo mais grave do que aqueles com qualquer uma das condi\u00e7\u00f5es sozinhas.\n<\/p>\n<p>\u00c9 como se essas duas doen\u00e7as se juntassem para afetar o c\u00e9rebro de forma ainda mais significativa.\n<\/p>\n<p>Outra descoberta no estudo chamou aten\u00e7\u00e3o: os pesquisadores observaram que LATE estava fortemente associada a uma condi\u00e7\u00e3o chamada esclerose hipocampal, onde o hipocampo \u2013 uma estrutura crucial para a mem\u00f3ria \u2013 fica encolhido e com cicatrizes.\n<\/p>\n<p>Quase todos os indiv\u00edduos com esclerose hipocampal tamb\u00e9m mostraram sinais de LATE, sugerindo uma rela\u00e7\u00e3o pr\u00f3xima entre essas duas condi\u00e7\u00f5es. O estudo tamb\u00e9m explorou potenciais fatores de risco para LATE.\n<\/p>\n<p>Embora algumas pesquisas anteriores tenham sugerido liga\u00e7\u00f5es com press\u00e3o alta ou diabetes, este estudo n\u00e3o encontrou fortes conex\u00f5es com essas ou outras condi\u00e7\u00f5es de sa\u00fade.\n<\/p>\n<p>No entanto, a equipe identificou duas variantes gen\u00e9ticas que parecem aumentar o risco de desenvolver LATE, abrindo novos caminhos para pesquisas futuras.<\/p>\n<p>Fonte: Catraca Livre              <\/p>\n<\/div>\n<p><br \/>\n<br \/><a href=\"https:\/\/diariodobrasilnoticias.com.br\/noticia\/doenca-oculta-e-encontrada-em-cerebro-da-maioria-dos-idosos-6745f97fed3f6\">Source link <\/a><\/p>","protected":false},"excerpt":{"rendered":"<p>Pesquisadores finlandeses descobriram que uma doen\u00e7a cerebral oculta pode ser muito mais comum do que se pensava anteriormente. Em um estudo com idosos, a equipe identificou a condi\u00e7\u00e3o no c\u00e9rebro&hellip;<\/p>","protected":false},"author":1,"featured_media":66313,"comment_status":"closed","ping_status":"open","sticky":false,"template":"","format":"standard","meta":{"content-type":"","footnotes":""},"categories":[16],"tags":[123,2448,5313,1267],"class_list":["post-66312","post","type-post","status-publish","format-standard","has-post-thumbnail","hentry","category-noticias","tag-brasil","tag-diario","tag-noticia","tag-noticias"],"_links":{"self":[{"href":"https:\/\/tvbrazilusa.com\/pt\/wp-json\/wp\/v2\/posts\/66312","targetHints":{"allow":["GET"]}}],"collection":[{"href":"https:\/\/tvbrazilusa.com\/pt\/wp-json\/wp\/v2\/posts"}],"about":[{"href":"https:\/\/tvbrazilusa.com\/pt\/wp-json\/wp\/v2\/types\/post"}],"author":[{"embeddable":true,"href":"https:\/\/tvbrazilusa.com\/pt\/wp-json\/wp\/v2\/users\/1"}],"replies":[{"embeddable":true,"href":"https:\/\/tvbrazilusa.com\/pt\/wp-json\/wp\/v2\/comments?post=66312"}],"version-history":[{"count":1,"href":"https:\/\/tvbrazilusa.com\/pt\/wp-json\/wp\/v2\/posts\/66312\/revisions"}],"predecessor-version":[{"id":66314,"href":"https:\/\/tvbrazilusa.com\/pt\/wp-json\/wp\/v2\/posts\/66312\/revisions\/66314"}],"wp:featuredmedia":[{"embeddable":true,"href":"https:\/\/tvbrazilusa.com\/pt\/wp-json\/wp\/v2\/media\/66313"}],"wp:attachment":[{"href":"https:\/\/tvbrazilusa.com\/pt\/wp-json\/wp\/v2\/media?parent=66312"}],"wp:term":[{"taxonomy":"category","embeddable":true,"href":"https:\/\/tvbrazilusa.com\/pt\/wp-json\/wp\/v2\/categories?post=66312"},{"taxonomy":"post_tag","embeddable":true,"href":"https:\/\/tvbrazilusa.com\/pt\/wp-json\/wp\/v2\/tags?post=66312"}],"curies":[{"name":"wp","href":"https:\/\/api.w.org\/{rel}","templated":true}]}}