{"id":66321,"date":"2024-11-26T19:15:22","date_gmt":"2024-11-26T19:15:22","guid":{"rendered":"https:\/\/tvbrazilusa.com\/2024\/11\/26\/veja-o-que-diz-bolsonaro-sobre-veto-do-carrefour\/"},"modified":"2024-11-26T19:15:23","modified_gmt":"2024-11-26T19:15:23","slug":"veja-o-que-diz-bolsonaro-sobre-veto-do-carrefour","status":"publish","type":"post","link":"https:\/\/tvbrazilusa.com\/pt\/2024\/11\/26\/veja-o-que-diz-bolsonaro-sobre-veto-do-carrefour\/","title":{"rendered":"Veja o que diz Bolsonaro sobre veto do Carrefour"},"content":{"rendered":"<p> <script async src=\"https:\/\/pagead2.googlesyndication.com\/pagead\/js\/adsbygoogle.js?client=ca-pub-8864793242727901\"\r\n     crossorigin=\"anonymous\"><\/script><br \/>\n<\/p>\n<div id=\"taboola-read-more\" style=\"display:block; width:100%\">\n<p>Por meio de seu perfil no Twitter\/X, o ex-presidente da Rep\u00fablica, Jair Bolsonaro (PL), criticou os vetos do Carrefour \u00e0s carnes brasileiras e ressaltou a necessidade de uma \u201clideran\u00e7a firme\u201d contra o protecionismo franc\u00eas. A declara\u00e7\u00e3o foi publicada nesta ter\u00e7a-feira, 26.\n<\/p>\n<p>Segundo Bolsonaro, durante seu governo, setores da imprensa e da esquerda o criticaram por resistir \u00e0s a\u00e7\u00f5es de Emmanuel Macron, presidente da Fran\u00e7a, sobre a suposta preocupa\u00e7\u00e3o com o meio ambiente no Brasil. Por\u00e9m, com a pol\u00eamica de suspender a compra de carnes do Mercosul, muitos agora enxergam que Macron nunca quis, de fato, proteger o meio ambiente.<\/p>\n<div style=\"display: flex; flex-direction: row; justify-content: center; width: 100%;\">\n<blockquote class=\"twitter-tweet\">\n<p dir=\"ltr\" lang=\"pt\">\u2013 Durante os quatro anos do meu governo, setores da imprensa juntamente com a esquerda aplaudiam as atitudes colonialistas e arrogantes de Macron, que tentava culpar o Brasil por seu protecionismo enquanto atacava nosso agroneg\u00f3cio e nossa soberania.<\/p>\n<p>\u2013 Agora, com o boicote\u2026<br \/>\n\u2014 Jair M. Bolsonaro (@jairbolsonaro) <a href=\"https:\/\/twitter.com\/jairbolsonaro\/status\/1861366358157443178?ref_src=twsrc%5Etfw\">November 26, 2024<\/a><\/p>\n<\/blockquote>\n<\/div>\n<p>O ex-presidente da Rep\u00fablica tamb\u00e9m afirmou que sempre ir\u00e1 enfrentar o que classificou como \u201cataques\u201d de estrangeiros para proteger os agricultores e a soberania do Brasil. Ele criticou o presidente Luiz In\u00e1cio Lula da Silva por \u201cse calar para n\u00e3o desagradar seu amigo franc\u00eas\u201d, referindo-se a Macron, que visitou o pa\u00eds neste ano.\n<\/p>\n<p>\u201cO Brasil merece mais do que isso: merece uma lideran\u00e7a firme e n\u00e3o a submiss\u00e3o globalista do Governo Lula; merece uma atitude corajosa e n\u00e3o viralatismo da esquerda perante as press\u00f5es internacionais como as agendas woke e ESG\u201d, concluiu.\n<\/p>\n<p><strong>Bolsonaro classifica Lula como \u201cfraco e submisso\u201d<\/strong><br \/>Tamb\u00e9m nesta ter\u00e7a-feira, em outra publica\u00e7\u00e3o, Bolsonaro afirmou que Macron sabota o Brasil com \u201cmentiras ambientais\u201d. Ele tamb\u00e9m classificou Lula como \u201cfraco e submisso\u201d.\n<\/p>\n<p>\u201cNosso agroneg\u00f3cio \u00e9 o melhor do mundo, mas Lula n\u00e3o faz nada contra as mentiras espalhadas por seu \u2018amigo&#8217;\u201d, acrescentou Bolsonaro. \u201cFraco e submisso [\u2026] O Brasil \u00e9 SOBERANO e n\u00e3o deve se curvar a ningu\u00e9m!\u201d\n<\/p>\n<div style=\"display: flex; flex-direction: row; justify-content: center; width: 100%;\">\n<blockquote class=\"twitter-tweet\">\n<p dir=\"ltr\" lang=\"pt\">Macron sabota o Brasil com mentiras ambientais. Nosso agroneg\u00f3cio \u00e9 o melhor do mundo, mas Lula n\u00e3o faz nada contra as mentiras espalhadas por seu &#8220;amigo&#8221;. Fraco e submisso! No meu governo, respondemos esses ataques \u00e0 altura. O Brasil \u00e9 SOBERANO e n\u00e3o deve se curvar a ningu\u00e9m!<br \/>\n\u2014 Jair M. Bolsonaro (@jairbolsonaro) <a href=\"https:\/\/twitter.com\/jairbolsonaro\/status\/1861417030030635498?ref_src=twsrc%5Etfw\">November 26, 2024<\/a><\/p>\n<\/blockquote>\n<\/div>\n<p><strong>CEO global do Carrefour pede desculpa ao Brasil; confira a carta<\/strong><br \/>Em uma carta obtida pelo site NeoFeed, o CEO global do Carrefour, Alexandre Bompard, pediu desculpa ao governo do Brasil. A medida vem depois de dias de pol\u00eamica gerada pela decis\u00e3o da empresa de boicotar carnes produzidas pelo Mercosul.\n<\/p>\n<p>Os maiores produtores do pa\u00eds responderam com boicote ao fornecimento de carne ao Carrefour, resultando em desabastecimento nas lojas brasileiras da rede. A situa\u00e7\u00e3o rapidamente ultrapassou o \u00e2mbito empresarial, assumindo dimens\u00f5es diplom\u00e1ticas.\n<\/p>\n<p>A carta de desculpa foi entregue pelo embaixador da Fran\u00e7a no Brasil, Emmanuel Lenain, ao ministro F\u00e1varo e a assessores pr\u00f3ximos do presidente Lula.\n<\/p>\n<p>\u201cSabemos que a agricultura brasileira fornece carne de alta qualidade, respeito \u00e0s normas e sabor\u201d, escreveu Bompard. \u201cSe a comunica\u00e7\u00e3o do Carrefour Fran\u00e7a gerou confus\u00e3o e pode ter sido interpretada como questionamento de nossa parceria com a agricultura brasileira e como uma cr\u00edtica a ela, pedimos desculpa.\u201d\n<\/p>\n<p>Fonte: Revista Oeste              <\/p>\n<\/div>\n<p><script async src=\"\/\/platform.twitter.com\/widgets.js\" charset=\"utf-8\"><\/script><br \/>\n<br \/><br \/>\n<br \/><a href=\"https:\/\/diariodobrasilnoticias.com.br\/noticia\/veja-o-que-diz-bolsonaro-sobre-veto-do-carrefour-6745fbb06ed5a\">Source link <\/a><\/p>","protected":false},"excerpt":{"rendered":"<p>Por meio de seu perfil no Twitter\/X, o ex-presidente da Rep\u00fablica, Jair Bolsonaro (PL), criticou os vetos do Carrefour \u00e0s carnes brasileiras e ressaltou a necessidade de uma \u201clideran\u00e7a firme\u201d&hellip;<\/p>","protected":false},"author":1,"featured_media":66322,"comment_status":"closed","ping_status":"open","sticky":false,"template":"","format":"standard","meta":{"content-type":"","footnotes":""},"categories":[16],"tags":[123,2448,5313,1267],"class_list":["post-66321","post","type-post","status-publish","format-standard","has-post-thumbnail","hentry","category-noticias","tag-brasil","tag-diario","tag-noticia","tag-noticias"],"_links":{"self":[{"href":"https:\/\/tvbrazilusa.com\/pt\/wp-json\/wp\/v2\/posts\/66321","targetHints":{"allow":["GET"]}}],"collection":[{"href":"https:\/\/tvbrazilusa.com\/pt\/wp-json\/wp\/v2\/posts"}],"about":[{"href":"https:\/\/tvbrazilusa.com\/pt\/wp-json\/wp\/v2\/types\/post"}],"author":[{"embeddable":true,"href":"https:\/\/tvbrazilusa.com\/pt\/wp-json\/wp\/v2\/users\/1"}],"replies":[{"embeddable":true,"href":"https:\/\/tvbrazilusa.com\/pt\/wp-json\/wp\/v2\/comments?post=66321"}],"version-history":[{"count":1,"href":"https:\/\/tvbrazilusa.com\/pt\/wp-json\/wp\/v2\/posts\/66321\/revisions"}],"predecessor-version":[{"id":66323,"href":"https:\/\/tvbrazilusa.com\/pt\/wp-json\/wp\/v2\/posts\/66321\/revisions\/66323"}],"wp:featuredmedia":[{"embeddable":true,"href":"https:\/\/tvbrazilusa.com\/pt\/wp-json\/wp\/v2\/media\/66322"}],"wp:attachment":[{"href":"https:\/\/tvbrazilusa.com\/pt\/wp-json\/wp\/v2\/media?parent=66321"}],"wp:term":[{"taxonomy":"category","embeddable":true,"href":"https:\/\/tvbrazilusa.com\/pt\/wp-json\/wp\/v2\/categories?post=66321"},{"taxonomy":"post_tag","embeddable":true,"href":"https:\/\/tvbrazilusa.com\/pt\/wp-json\/wp\/v2\/tags?post=66321"}],"curies":[{"name":"wp","href":"https:\/\/api.w.org\/{rel}","templated":true}]}}