{"id":66330,"date":"2024-11-26T19:27:44","date_gmt":"2024-11-26T19:27:44","guid":{"rendered":"https:\/\/tvbrazilusa.com\/2024\/11\/26\/lula-propoe-o-minha-casa-minha-vida-para-familias-com-renda-de-ate-r-10-mil\/"},"modified":"2024-11-26T19:27:45","modified_gmt":"2024-11-26T19:27:45","slug":"lula-propoe-o-minha-casa-minha-vida-para-familias-com-renda-de-ate-r-10-mil","status":"publish","type":"post","link":"https:\/\/tvbrazilusa.com\/pt\/2024\/11\/26\/lula-propoe-o-minha-casa-minha-vida-para-familias-com-renda-de-ate-r-10-mil\/","title":{"rendered":"Lula prop\u00f5e o Minha Casa, Minha Vida para fam\u00edlias com renda de at\u00e9 R$ 10 mil."},"content":{"rendered":"<p> <script async src=\"https:\/\/pagead2.googlesyndication.com\/pagead\/js\/adsbygoogle.js?client=ca-pub-8864793242727901\"\r\n     crossorigin=\"anonymous\"><\/script><br \/>\n<\/p>\n<div id=\"taboola-read-more\" style=\"display:block; width:100%\">\n<p tabindex=\"0\">O presidente Luiz In\u00e1cio Lula da Silva (PT) defendeu nesta ter\u00e7a-feira (26) que o programa Minha Casa, Minha Vida contemple pessoas que ganhem at\u00e9 R$ 10 mil por m\u00eas. O aceno a esse p\u00fablico vem em um momento no qual o mandat\u00e1rio busca reverter a baixa aprova\u00e7\u00e3o ao governo e enfrenta a press\u00e3o do mercado para apresentar um pacote de corte de gastos a fim de conter o desequil\u00edbrio das contas p\u00fablicas.\n<\/p>\n<p tabindex=\"0\">Hoje o Minha Casa, Minha Vida contempla fam\u00edlias com renda bruta de no m\u00e1ximo R$ 8 mil por m\u00eas em \u00e1reas urbanas. Nas \u00e1reas rurais, a renda permitida \u00e9 de at\u00e9 R$ 96 mil por ano.<\/p>\n<p tabindex=\"0\">Os limites atuais do programa foram definidos em agosto. Embora as rendas m\u00e1ximas nas faixas urbanas 1 e 2 tenham sido reajustadas, o teto da faixa 3 permaneceu em R$ 8 mil.\n<\/p>\n<p tabindex=\"0\">\u201c\u00c9 justo que pessoas que ganham R$ 8 mil, R$ 9 mil, R$ 10 mil sejam atendidas pelo programa [habitacional] do governo. Porque essas pessoas trabalham, essas pessoas s\u00e3o banc\u00e1rias, metal\u00fargicas (..) e n\u00f3s temos que atender essa gente\u201d, afirmou. Lula disse que h\u00e1 pessoas que precisam da m\u00e3o do governo, mas que n\u00e3o se pode pensar que \u201ctem que ser muito pobre para o Lula cuidar\u201d.\n<\/p>\n<p tabindex=\"0\">Ele deu as declara\u00e7\u00f5es em cerim\u00f4nia do Encontro Nacional da Ind\u00fastria de Constru\u00e7\u00e3o (Enic), realizado na sede da Confedera\u00e7\u00e3o Nacional da Ind\u00fastria, em Bras\u00edlia.\n<\/p>\n<p tabindex=\"0\">Tamb\u00e9m estavam presentes ao evento o presidente da C\u00e2mara Brasileira da Ind\u00fastria da Constru\u00e7\u00e3o (CBIC), Renato Correia; o presidente da Caixa Econ\u00f4mica Federal, Carlos Vieira; o ministro do Trabalho, Luiz Marinho; e o das Cidades, Jader Filho.\n<\/p>\n<p tabindex=\"0\">Lula falou das dificuldades para se realizar os projetos habitacionais no pa\u00eds, incluindo as obras paradas. \u201cN\u00e3o tem explica\u00e7\u00e3o a gente parar uma obra, muitas vezes por culpa do governo, que n\u00e3o tomou todas as precau\u00e7\u00f5es devidas\u201d, comentou o mandat\u00e1rio ao afirmar que o programa estava finalizando obras iniciadas em 2013.\n<\/p>\n<p>Lula diz que n\u00e3o faltar\u00e1 dinheiro para o Minha Casa, Minha Vida: &#8220;Isso n\u00e3o \u00e9 gasto&#8221;<br \/>Ao p\u00fablico formado por representantes do setor da constru\u00e7\u00e3o civil, o presidente afirmou que n\u00e3o faltar\u00e3o recursos para construir moradias pelo Minha Casa, Minha Vida.\n<\/p>\n<p>\u201cN\u00e3o faltar\u00e1 cr\u00e9dito para a gente fazer as casas nesse pa\u00eds. Eu fico perplexo, porque quando eu penso que eu estou resolvendo os problemas desse pa\u00eds, a\u00ed eu fico sabendo que quatro milh\u00f5es de fam\u00edlias n\u00e3o t\u00eam um banheiro\u201d, disse.\n<\/p>\n<p>O petista disse que construir\u00e1 esses banheiros porque, \u201cse um governo n\u00e3o consegue fazer um banheiro, n\u00e3o consegue fazer nada\u201d. E que \u201cisso n\u00e3o \u00e9 gasto\u201d, express\u00e3o que ele tem repetido em meio \u00e0s cr\u00edticas ao d\u00e9ficit das contas p\u00fablicas.\n<\/p>\n<p>No fim da cerim\u00f4nia, Lula se disse orgulhoso do Minha Casa, Minha Vida e enalteceu o papel da iniciativa privada no programa. \u201cEu estou feliz, porque se n\u00e3o fosse a compreens\u00e3o empresarial a gente n\u00e3o teria o sucesso que a gente tem no Minha Casa, Minha Vida.\u201d\n<\/p>\n<p>Fonte: Gazeta do Povo              <\/p>\n<\/div>\n<p><br \/>\n<br \/><a href=\"https:\/\/diariodobrasilnoticias.com.br\/noticia\/lula-propoe-o-minha-casa-minha-vida-para-familias-com-renda-de-ate-r-10-mil-6745febc91c8d\">Source link <\/a><\/p>","protected":false},"excerpt":{"rendered":"<p>O presidente Luiz In\u00e1cio Lula da Silva (PT) defendeu nesta ter\u00e7a-feira (26) que o programa Minha Casa, Minha Vida contemple pessoas que ganhem at\u00e9 R$ 10 mil por m\u00eas. O&hellip;<\/p>","protected":false},"author":1,"featured_media":66331,"comment_status":"closed","ping_status":"open","sticky":false,"template":"","format":"standard","meta":{"content-type":"","footnotes":""},"categories":[16],"tags":[123,2448,5313,1267],"class_list":["post-66330","post","type-post","status-publish","format-standard","has-post-thumbnail","hentry","category-noticias","tag-brasil","tag-diario","tag-noticia","tag-noticias"],"_links":{"self":[{"href":"https:\/\/tvbrazilusa.com\/pt\/wp-json\/wp\/v2\/posts\/66330","targetHints":{"allow":["GET"]}}],"collection":[{"href":"https:\/\/tvbrazilusa.com\/pt\/wp-json\/wp\/v2\/posts"}],"about":[{"href":"https:\/\/tvbrazilusa.com\/pt\/wp-json\/wp\/v2\/types\/post"}],"author":[{"embeddable":true,"href":"https:\/\/tvbrazilusa.com\/pt\/wp-json\/wp\/v2\/users\/1"}],"replies":[{"embeddable":true,"href":"https:\/\/tvbrazilusa.com\/pt\/wp-json\/wp\/v2\/comments?post=66330"}],"version-history":[{"count":1,"href":"https:\/\/tvbrazilusa.com\/pt\/wp-json\/wp\/v2\/posts\/66330\/revisions"}],"predecessor-version":[{"id":66332,"href":"https:\/\/tvbrazilusa.com\/pt\/wp-json\/wp\/v2\/posts\/66330\/revisions\/66332"}],"wp:featuredmedia":[{"embeddable":true,"href":"https:\/\/tvbrazilusa.com\/pt\/wp-json\/wp\/v2\/media\/66331"}],"wp:attachment":[{"href":"https:\/\/tvbrazilusa.com\/pt\/wp-json\/wp\/v2\/media?parent=66330"}],"wp:term":[{"taxonomy":"category","embeddable":true,"href":"https:\/\/tvbrazilusa.com\/pt\/wp-json\/wp\/v2\/categories?post=66330"},{"taxonomy":"post_tag","embeddable":true,"href":"https:\/\/tvbrazilusa.com\/pt\/wp-json\/wp\/v2\/tags?post=66330"}],"curies":[{"name":"wp","href":"https:\/\/api.w.org\/{rel}","templated":true}]}}